{"id":21781,"date":"2025-10-15T13:38:08","date_gmt":"2025-10-15T13:38:08","guid":{"rendered":"https:\/\/www.europesays.com\/lv\/21781\/"},"modified":"2025-10-15T13:38:08","modified_gmt":"2025-10-15T13:38:08","slug":"uz-parbaudes-laiku-atstadinats-bauskas-pasvaldibas-policijas-prieksnieks","status":"publish","type":"post","link":"https:\/\/www.europesays.com\/lv\/21781\/","title":{"rendered":"Uz p\u0101rbaudes laiku atst\u0101din\u0101ts Bauskas pa\u0161vald\u012bbas policijas priek\u0161nieks"},"content":{"rendered":"<p>P\u0113c Bauskas novada pa\u0161vald\u012bbas izpilddirektora Ivara Rom\u0101nova r\u012bkojuma ir sa\u0146emti paskaidrojumi no pa\u0161vald\u012bbas policijas darbiniekiem. Patlaban turpin\u0101s lietas apst\u0101k\u013cu noskaidro\u0161ana un tiek v\u0113rt\u0113ts, vai pa\u0161vald\u012bbas policisti ir iev\u0113roju\u0161i procesu\u0101lo darb\u012bbu algoritmu.<\/p>\n<p>Vienlaikus Bauskas novada pa\u0161vald\u012bbas policija ir v\u0113rsusies Iek\u0161\u0113j\u0101 dro\u0161\u012bbas biroj\u0101, Valsts policij\u0101 (VP) un Iek\u0161lietu ministrijas Inform\u0101cijas centr\u0101 saist\u012bb\u0101 ar datu nopl\u016bdi. Savuk\u0101rt Bauskas novada pa\u0161vald\u012bba par datu nopl\u016bdi v\u0113rs\u012bsies Datu valsts inspekcij\u0101.<\/p>\n<p>Bauskas novada pa\u0161vald\u012bba ar\u012b uzsver, ka kategoriski nosoda person\u012bgu fiziskas izr\u0113\u0137in\u0101\u0161an\u0101s draudu izteik\u0161anu pa\u0161vald\u012bbas policijas darbiniekiem un vi\u0146u tuviniekiem, kas p\u0113d\u0113j\u0101s dien\u0101s esot nov\u0113rojama soci\u0101lajos medijos.<\/p>\n<p>Bauskas novada pa\u0161vald\u012bbas policijas priek\u0161nieka amata pien\u0101kumus patlaban pilda priek\u0161nieka vietnieks Aivars Vilci\u0146\u0161.<\/p>\n<p>Jau zi\u0146ots, ka saist\u012bb\u0101 ar pag\u0101ju\u0161aj\u0101 piektdien\u0101 notiku\u0161o tr\u012bs su\u0146u no\u0161au\u0161anu Bauskas novad\u0101 s\u0101kts krimin\u0101lprocess par cietsird\u012bgu iztur\u0113\u0161anos pret dz\u012bvniekiem, ja rezult\u0101t\u0101 tie g\u0101ju\u0161i boj\u0101. Uz\u0146\u0113m\u0113js Modris Konovalovs, kur\u0161 ir zin\u0101ms k\u0101 saimniec\u012bbas &#8220;Modra olas&#8221; \u012bpa\u0161nieks, soci\u0101lajos t\u012bklos ir pazi\u0146ojis, ka dz\u012bvnieki pieder vi\u0146am.<\/p>\n<p>Pa\u0161vald\u012bb\u0101 skaidro, ka 10. oktobr\u012b novada pa\u0161vald\u012bbas policija sa\u0146\u0113ma izsaukumu par tr\u012bs agres\u012bvi noska\u0146otiem klai\u0146ojo\u0161iem su\u0146iem, kas priv\u0101t\u012bpa\u0161um\u0101 Brunavas pagast\u0101 apdraud\u0113ja saimnieci. Pa\u0161vald\u012bbas policijas de\u017e\u016brda\u013ca veica sazi\u0146u ar &#8220;Dz\u012bvnieku gl\u0101b\u0161anas dienestu&#8221; &#8211; dz\u012bvnieku \u0137\u0113r\u0101jiem. Ta\u010du mednieku kolekt\u012bva p\u0101rst\u0101vis esot ieradies pirms dz\u012bvnieku \u0137\u0113r\u0101jiem un su\u0146us no\u0161\u0101vis.<\/p>\n","protected":false},"excerpt":{"rendered":"P\u0113c Bauskas novada pa\u0161vald\u012bbas izpilddirektora Ivara Rom\u0101nova r\u012bkojuma ir sa\u0146emti paskaidrojumi no pa\u0161vald\u012bbas policijas darbiniekiem. Patlaban turpin\u0101s lietas&hellip;\n","protected":false},"author":2,"featured_media":20797,"comment_status":"","ping_status":"","sticky":false,"template":"","format":"standard","meta":{"footnotes":""},"categories":[5],"tags":[23,6548,28,29,32,33,22,6311,30,31,35,39,38,36,37,34,40,20,26,27,24,25,21],"class_list":{"0":"post-21781","1":"post","2":"type-post","3":"status-publish","4":"format-standard","5":"has-post-thumbnail","7":"category-aktualitates","8":"tag-aktualitates","9":"tag-bauska","10":"tag-breaking-news","11":"tag-breakingnews","12":"tag-featured-news","13":"tag-featurednews","14":"tag-headlines","15":"tag-kriminalzina","16":"tag-latest-news","17":"tag-latestnews","18":"tag-latvia","19":"tag-latvian","20":"tag-latviesu","21":"tag-latviesu-valoda","22":"tag-latviesuvaloda","23":"tag-latvija","24":"tag-lv","25":"tag-news","26":"tag-popularakas-zinas","27":"tag-popularakaszinas","28":"tag-top-stories","29":"tag-topstories","30":"tag-zinas"},"share_on_mastodon":{"url":"","error":""},"_links":{"self":[{"href":"https:\/\/www.europesays.com\/lv\/wp-json\/wp\/v2\/posts\/21781","targetHints":{"allow":["GET"]}}],"collection":[{"href":"https:\/\/www.europesays.com\/lv\/wp-json\/wp\/v2\/posts"}],"about":[{"href":"https:\/\/www.europesays.com\/lv\/wp-json\/wp\/v2\/types\/post"}],"author":[{"embeddable":true,"href":"https:\/\/www.europesays.com\/lv\/wp-json\/wp\/v2\/users\/2"}],"replies":[{"embeddable":true,"href":"https:\/\/www.europesays.com\/lv\/wp-json\/wp\/v2\/comments?post=21781"}],"version-history":[{"count":0,"href":"https:\/\/www.europesays.com\/lv\/wp-json\/wp\/v2\/posts\/21781\/revisions"}],"wp:featuredmedia":[{"embeddable":true,"href":"https:\/\/www.europesays.com\/lv\/wp-json\/wp\/v2\/media\/20797"}],"wp:attachment":[{"href":"https:\/\/www.europesays.com\/lv\/wp-json\/wp\/v2\/media?parent=21781"}],"wp:term":[{"taxonomy":"category","embeddable":true,"href":"https:\/\/www.europesays.com\/lv\/wp-json\/wp\/v2\/categories?post=21781"},{"taxonomy":"post_tag","embeddable":true,"href":"https:\/\/www.europesays.com\/lv\/wp-json\/wp\/v2\/tags?post=21781"}],"curies":[{"name":"wp","href":"https:\/\/api.w.org\/{rel}","templated":true}]}}