{"id":21787,"date":"2025-10-15T13:48:10","date_gmt":"2025-10-15T13:48:10","guid":{"rendered":"https:\/\/www.europesays.com\/lv\/21787\/"},"modified":"2025-10-15T13:48:10","modified_gmt":"2025-10-15T13:48:10","slug":"zviedrijas-armija-baltijas-jura-dodas-pa-pedam-krievijas-zemudenei","status":"publish","type":"post","link":"https:\/\/www.europesays.com\/lv\/21787\/","title":{"rendered":"Zviedrijas armija Baltijas j\u016br\u0101 dodas pa p\u0113d\u0101m Krievijas zem\u016bdenei"},"content":{"rendered":"<p>&#8220;Krievu zem\u016bdene iebrauca Baltijas j\u016br\u0101 vakar caur Lielo Beltu&#8221;, kas ir j\u016bras \u0161aurums starp D\u0101nijas Langel\u0101nas un F\u012bnes sal\u0101m rietumos un Lollandi un Z\u0113landi austrumos, pazi\u0146oja Zviedrijas armija.<\/p>\n<p>&#8220;Bru\u0146oto sp\u0113ku izn\u012bcin\u0101t\u0101ji un karaku\u0123i satika zem\u016bdeni Kategata \u0161aurum\u0101 [starp D\u0101niju un Zviedriju] un tagad tai seko,&#8221; teikts armijas pazi\u0146ojum\u0101.<\/p>\n<p>Armija nor\u0101d\u012bja, ka t\u0101 ir &#8220;rut\u012bnas oper\u0101cija, kas notiek cie\u0161\u0101 sadarb\u012bb\u0101 ar sabiedrotajiem&#8221;.<\/p>\n<p>Kop\u0161 Krievijas atk\u0101rtot\u0101 iebrukuma Ukrain\u0101 spriedze Baltijas j\u016br\u0101 ir pieaugusi. Zviedrijas premjerministrs Ulfs Kristersons janv\u0101r\u012b nor\u0101d\u012bja, ka Zviedrija neatrodas kar\u0101, bet par mieru to ar\u012b nevar nosaukt.<\/p>\n<p>Zviedrija atteic\u0101s no neitralit\u0101tes statusa un 2024. gada mart\u0101 pievienoj\u0101s NATO.<\/p>\n<p>Kristersons uzsv\u0113ra, ka viss Baltijas j\u016bras re\u0123ions ir pak\u013cauts hibr\u012bdiem uzbrukumiem, nor\u0101dot uz dezinform\u0101ciju un virkni incidentu, kas saist\u012bti ar boj\u0101tiem zem\u016bdens kabe\u013ciem. &#8220;\u013boti iesp\u0113jams, ka Krievijas draudi ir ilgtermi\u0146a. T\u0101dai j\u0101b\u016bt ar\u012b m\u016bsu aizsardz\u012bbai,&#8221; pazi\u0146oja premjers.<\/p>\n","protected":false},"excerpt":{"rendered":"&#8220;Krievu zem\u016bdene iebrauca Baltijas j\u016br\u0101 vakar caur Lielo Beltu&#8221;, kas ir j\u016bras \u0161aurums starp D\u0101nijas Langel\u0101nas un F\u012bnes&hellip;\n","protected":false},"author":2,"featured_media":21788,"comment_status":"","ping_status":"","sticky":false,"template":"","format":"standard","meta":{"footnotes":""},"categories":[14],"tags":[23,57,1934,28,29,334,32,33,22,30,31,35,39,38,36,37,34,40,20,26,27,24,25,54,55,56,21,58],"class_list":{"0":"post-21787","1":"post","2":"type-post","3":"status-publish","4":"format-standard","5":"has-post-thumbnail","7":"category-zinas-no-arvalstim","8":"tag-aktualitates","9":"tag-arvalstim","10":"tag-baltijas-jura","11":"tag-breaking-news","12":"tag-breakingnews","13":"tag-drosiba","14":"tag-featured-news","15":"tag-featurednews","16":"tag-headlines","17":"tag-latest-news","18":"tag-latestnews","19":"tag-latvia","20":"tag-latvian","21":"tag-latviesu","22":"tag-latviesu-valoda","23":"tag-latviesuvaloda","24":"tag-latvija","25":"tag-lv","26":"tag-news","27":"tag-popularakas-zinas","28":"tag-popularakaszinas","29":"tag-top-stories","30":"tag-topstories","31":"tag-world","32":"tag-world-news","33":"tag-worldnews","34":"tag-zinas","35":"tag-zinas-no-arvalstim"},"share_on_mastodon":{"url":"","error":""},"_links":{"self":[{"href":"https:\/\/www.europesays.com\/lv\/wp-json\/wp\/v2\/posts\/21787","targetHints":{"allow":["GET"]}}],"collection":[{"href":"https:\/\/www.europesays.com\/lv\/wp-json\/wp\/v2\/posts"}],"about":[{"href":"https:\/\/www.europesays.com\/lv\/wp-json\/wp\/v2\/types\/post"}],"author":[{"embeddable":true,"href":"https:\/\/www.europesays.com\/lv\/wp-json\/wp\/v2\/users\/2"}],"replies":[{"embeddable":true,"href":"https:\/\/www.europesays.com\/lv\/wp-json\/wp\/v2\/comments?post=21787"}],"version-history":[{"count":0,"href":"https:\/\/www.europesays.com\/lv\/wp-json\/wp\/v2\/posts\/21787\/revisions"}],"wp:featuredmedia":[{"embeddable":true,"href":"https:\/\/www.europesays.com\/lv\/wp-json\/wp\/v2\/media\/21788"}],"wp:attachment":[{"href":"https:\/\/www.europesays.com\/lv\/wp-json\/wp\/v2\/media?parent=21787"}],"wp:term":[{"taxonomy":"category","embeddable":true,"href":"https:\/\/www.europesays.com\/lv\/wp-json\/wp\/v2\/categories?post=21787"},{"taxonomy":"post_tag","embeddable":true,"href":"https:\/\/www.europesays.com\/lv\/wp-json\/wp\/v2\/tags?post=21787"}],"curies":[{"name":"wp","href":"https:\/\/api.w.org\/{rel}","templated":true}]}}