{"id":217887,"date":"2026-06-03T15:30:08","date_gmt":"2026-06-03T15:30:08","guid":{"rendered":"https:\/\/www.europesays.com\/lv\/217887\/"},"modified":"2026-06-03T15:30:08","modified_gmt":"2026-06-03T15:30:08","slug":"nvd-sola-meklet-risinajumu-steidzamas-mediciniskas-palidzibas-punkta-nodrosinasanai-valka","status":"publish","type":"post","link":"https:\/\/www.europesays.com\/lv\/217887\/","title":{"rendered":"NVD sola mekl\u0113t risin\u0101jumu steidzam\u0101s medic\u012bnisk\u0101s pal\u012bdz\u012bbas punkta nodro\u0161in\u0101\u0161anai Valk\u0101"},"content":{"rendered":"<p>Ak\u016btos gad\u012bjumos, kad ir apdraud\u0113ta vesel\u012bba vai dz\u012bv\u012bba, pal\u012bdz\u012bbu varot sa\u0146emt kaimi\u0146valsts Valgas slimn\u012bcas uz\u0146em\u0161anas noda\u013c\u0101, uzr\u0101dot Eiropas vesel\u012bbas apdro\u0161in\u0101\u0161anas karti. Vienlaikus NVD v\u0113r\u0161 uzman\u012bbu, ka pacienta l\u012bdzmaks\u0101jums \u0161\u0101d\u0101 gad\u012bjum\u0101 tiks piem\u0113rots p\u0113c Igaunijas tarifiem. Savuk\u0101rt dz\u012bv\u012bbai kritiskos gad\u012bjumos iedz\u012bvot\u0101jiem j\u0101zvana Neatliekam\u0101s medic\u012bnisk\u0101s pal\u012bdz\u012bbas dienestam.<\/p>\n<p>P\u0113c NVD r\u012bc\u012bb\u0101 eso\u0161\u0101s inform\u0101cijas, Valkas SMPP p\u0113c medic\u012bnisk\u0101s pal\u012bdz\u012bbas dien\u0101 vid\u0113ji v\u0113r\u0161as 1,2 pacienti ar da\u017e\u0101d\u0101m vesel\u012bbas probl\u0113m\u0101m. No tiem 22% ierodas uz p\u0101rsie\u0161anas proced\u016br\u0101m, 14% &#8211; saist\u012bb\u0101 ar oftalmolo\u0123iska rakstura probl\u0113m\u0101m, 7% ierodas saist\u012bb\u0101 ar traum\u0101m, 7% &#8211; \u0113r\u010du iz\u0146em\u0161anai, bet 50% &#8211; ar citiem jaut\u0101jumiem, kas liel\u0101koties saist\u012bti ar \u0123imenes \u0101rstu kompetenc\u0113 eso\u0161iem jaut\u0101jumiem un b\u016btu novirz\u0101mi uz \u0123imenes \u0101rstu praks\u0113m.<\/p>\n<p>Vesel\u012bbas ministrijas (VM) komunik\u0101cijas noda\u013cas vad\u012bt\u0101js Oskars \u0160neiders a\u0123ent\u016brai LETA pauda, ka saist\u012bb\u0101 ar slimn\u012bcu t\u012bkla reformas patlaban aktu\u0101lo groz\u012bjumu projektu, kas paredz stacion\u0101ro \u0101rstniec\u012bbas iest\u0101\u017eu dal\u012bjumu tr\u012bs l\u012bme\u0146os un tajos nodro\u0161in\u0101mo pakalpojumu profilus, k\u0101 ar\u012b p\u0101rskat\u012bt pras\u012bbas neatliekam\u0101s medic\u012bnas un pacientu uz\u0146em\u0161anas noda\u013cas darba organiz\u0101cijai un person\u0101lam, Valk\u0101 nekas nemain\u012b\u0161oties un Steidzam\u0101s medic\u012bnisk\u0101s pal\u012bdz\u012bbas punkts tur b\u016b\u0161ot ar\u012b turpm\u0101k.<\/p>\n<p>K\u0101 zi\u0146ots, Vidzemes slimn\u012bca \u0161odien a\u0123ent\u016brai LETA pauda, ka Valk\u0101 no 20. j\u016bnija pl\u0101nots sl\u0113gt Valkas SMPP. Slimn\u012bc\u0101 nor\u0101d\u012bja, ka pa\u0161laik sp\u0113k\u0101 eso\u0161\u0101s pras\u012bbas SMPP uztur\u0113\u0161anai neatbilstot re\u0101lajai situ\u0101cijai, jo punkt\u0101 j\u0101nodarbina sertific\u0113ti \u0101rsti. Slimn\u012bcas ieskat\u0101 \u0161\u0101das pras\u012bbas re\u0123ionos, kur ir probl\u0113mas nodro\u0161in\u0101t pat neatliekam\u0101s pal\u012bdz\u012bbas un uz\u0146em\u0161anas noda\u013cu darb\u012bbu, padara pakalpojuma snieg\u0161anu juridiski neiesp\u0113jamu.<\/p>\n<p>Vidzemes slimn\u012bca ar\u012b inform\u0113ja, ka Valk\u0101 pl\u0101no ieviest proced\u016bru kabinetu, kur pacienti var\u0113tu sa\u0146emt p\u0101rsie\u0161anu, inf\u016bzijas un citus pakalpojumus, k\u0101 ar\u012b palielin\u0101t ambulatoro pie\u0146em\u0161anu apjomu oftalmolo\u0123ij\u0101 un, iesp\u0113jams, ginekolo\u0123ij\u0101.<\/p>\n","protected":false},"excerpt":{"rendered":"Ak\u016btos gad\u012bjumos, kad ir apdraud\u0113ta vesel\u012bba vai dz\u012bv\u012bba, pal\u012bdz\u012bbu varot sa\u0146emt kaimi\u0146valsts Valgas slimn\u012bcas uz\u0146em\u0161anas noda\u013c\u0101, uzr\u0101dot Eiropas&hellip;\n","protected":false},"author":2,"featured_media":217888,"comment_status":"","ping_status":"","sticky":false,"template":"","format":"standard","meta":{"footnotes":"","_share_on_mastodon":"0"},"categories":[5],"tags":[23,6346,28,29,32,33,22,30,31,35,39,38,36,37,34,40,8944,20,26,27,24,25,1007,21],"class_list":["post-217887","post","type-post","status-publish","format-standard","has-post-thumbnail","category-aktualitates","tag-aktualitates","tag-atra-palidziba","tag-breaking-news","tag-breakingnews","tag-featured-news","tag-featurednews","tag-headlines","tag-latest-news","tag-latestnews","tag-latvia","tag-latvian","tag-latviesu","tag-latviesu-valoda","tag-latviesuvaloda","tag-latvija","tag-lv","tag-nacionalais-veselibas-dienests","tag-news","tag-popularakas-zinas","tag-popularakaszinas","tag-top-stories","tag-topstories","tag-valka","tag-zinas"],"share_on_mastodon":{"url":"https:\/\/pubeurope.com\/@lv\/116686895659392280","error":""},"_links":{"self":[{"href":"https:\/\/www.europesays.com\/lv\/wp-json\/wp\/v2\/posts\/217887","targetHints":{"allow":["GET"]}}],"collection":[{"href":"https:\/\/www.europesays.com\/lv\/wp-json\/wp\/v2\/posts"}],"about":[{"href":"https:\/\/www.europesays.com\/lv\/wp-json\/wp\/v2\/types\/post"}],"author":[{"embeddable":true,"href":"https:\/\/www.europesays.com\/lv\/wp-json\/wp\/v2\/users\/2"}],"replies":[{"embeddable":true,"href":"https:\/\/www.europesays.com\/lv\/wp-json\/wp\/v2\/comments?post=217887"}],"version-history":[{"count":0,"href":"https:\/\/www.europesays.com\/lv\/wp-json\/wp\/v2\/posts\/217887\/revisions"}],"wp:featuredmedia":[{"embeddable":true,"href":"https:\/\/www.europesays.com\/lv\/wp-json\/wp\/v2\/media\/217888"}],"wp:attachment":[{"href":"https:\/\/www.europesays.com\/lv\/wp-json\/wp\/v2\/media?parent=217887"}],"wp:term":[{"taxonomy":"category","embeddable":true,"href":"https:\/\/www.europesays.com\/lv\/wp-json\/wp\/v2\/categories?post=217887"},{"taxonomy":"post_tag","embeddable":true,"href":"https:\/\/www.europesays.com\/lv\/wp-json\/wp\/v2\/tags?post=217887"}],"curies":[{"name":"wp","href":"https:\/\/api.w.org\/{rel}","templated":true}]}}