{"id":217961,"date":"2026-06-03T17:30:08","date_gmt":"2026-06-03T17:30:08","guid":{"rendered":"https:\/\/www.europesays.com\/lv\/217961\/"},"modified":"2026-06-03T17:30:08","modified_gmt":"2026-06-03T17:30:08","slug":"narva-netalu-no-krievijas-robezas-saks-buvet-igaunijas-brunoto-speku-bazi","status":"publish","type":"post","link":"https:\/\/www.europesays.com\/lv\/217961\/","title":{"rendered":"Narv\u0101 net\u0101lu no Krievijas robe\u017eas s\u0101ks b\u016bv\u0113t Igaunijas bru\u0146oto sp\u0113ku b\u0101zi"},"content":{"rendered":"<p>Ministrs apmekl\u0113ja Austrumviru apri\u0146\u0137i, lai ar viet\u0113jiem l\u012bderiem apspriestu jauno armijas b\u0101zi Narv\u0101.<\/p>\n<p>Pan\u0101kta vieno\u0161an\u0101s, ka pa\u0161vald\u012bba atbalstu projekta virz\u012bbai sniegs jau \u0161om\u0113nes, inform\u0113ja Igaunijas Aizsardz\u012bbas ministrij\u0101.<\/p>\n<p>Tagad tiks sagatavots publiskais iepirkums s\u0101kotn\u0113j\u0101 att\u012bst\u012bbas posma, kas b\u016bs no konteineriem veidota b\u0101ze, b\u016bvniec\u012bbai, lai Aizsardz\u012bbas sp\u0113ku kl\u0101tb\u016btne Narv\u0101 b\u016btu p\u0113c iesp\u0113jas dr\u012bz\u0101ka. Darbs pie past\u0101v\u012bgu b\u016bvju b\u016bvniec\u012bua s\u0101ksies n\u0101kam\u0101 gada janv\u0101r\u012b vai febru\u0101r\u012b.<\/p>\n<p>Pevkurs sac\u012bja, ka b\u0101ze stiprin\u0101s aizsardz\u012bbu un palielin\u0101s valsts kl\u0101tb\u016btni pierobe\u017eas pils\u0113t\u0101. &#8220;M\u016bsu kl\u0101tb\u016btnes papla\u0161in\u0101\u0161ana Narv\u0101 ir svar\u012bga, jo <a href=\"https:\/\/www.tvnet.lv\/term\/555481\/igaunija\" class=\"topicLink\" target=\"_blank\" rel=\"nofollow noopener\">Igaunija<\/a> nopietni uztver sevis aizsardz\u012bbu jau no pirm\u0101 metra,&#8221; vi\u0146\u0161 pauda.<\/p>\n<p>&#8220;Past\u0101v\u012bga Aizsardz\u012bbas sp\u0113ku kl\u0101tb\u016btne stiprin\u0101s dro\u0161\u012bbu un sniegs viet\u0113jiem iedz\u012bvot\u0101jiem liel\u0101ku p\u0101rliec\u012bbas saj\u016btu. Esmu p\u0101rliecin\u0101ts, ka b\u0101ze piesaist\u012bs Narvai un apk\u0101rtnei akt\u012bv\u0101kus cilv\u0113kus un stimul\u0113s ekonomiku,&#8221; teica Pevkurs.<\/p>\n","protected":false},"excerpt":{"rendered":"Ministrs apmekl\u0113ja Austrumviru apri\u0146\u0137i, lai ar viet\u0113jiem l\u012bderiem apspriestu jauno armijas b\u0101zi Narv\u0101. Pan\u0101kta vieno\u0161an\u0101s, ka pa\u0161vald\u012bba atbalstu&hellip;\n","protected":false},"author":2,"featured_media":217962,"comment_status":"","ping_status":"","sticky":false,"template":"","format":"standard","meta":{"footnotes":"","_share_on_mastodon":"0"},"categories":[14],"tags":[23,57,28,29,32,33,22,73,30,31,35,39,38,36,37,34,40,16406,20,26,27,24,25,54,55,56,21,58],"class_list":["post-217961","post","type-post","status-publish","format-standard","has-post-thumbnail","category-zinas-no-arvalstim","tag-aktualitates","tag-arvalstim","tag-breaking-news","tag-breakingnews","tag-featured-news","tag-featurednews","tag-headlines","tag-igaunija","tag-latest-news","tag-latestnews","tag-latvia","tag-latvian","tag-latviesu","tag-latviesu-valoda","tag-latviesuvaloda","tag-latvija","tag-lv","tag-narva","tag-news","tag-popularakas-zinas","tag-popularakaszinas","tag-top-stories","tag-topstories","tag-world","tag-world-news","tag-worldnews","tag-zinas","tag-zinas-no-arvalstim"],"share_on_mastodon":{"url":"https:\/\/pubeurope.com\/@lv\/116687367566693579","error":""},"_links":{"self":[{"href":"https:\/\/www.europesays.com\/lv\/wp-json\/wp\/v2\/posts\/217961","targetHints":{"allow":["GET"]}}],"collection":[{"href":"https:\/\/www.europesays.com\/lv\/wp-json\/wp\/v2\/posts"}],"about":[{"href":"https:\/\/www.europesays.com\/lv\/wp-json\/wp\/v2\/types\/post"}],"author":[{"embeddable":true,"href":"https:\/\/www.europesays.com\/lv\/wp-json\/wp\/v2\/users\/2"}],"replies":[{"embeddable":true,"href":"https:\/\/www.europesays.com\/lv\/wp-json\/wp\/v2\/comments?post=217961"}],"version-history":[{"count":0,"href":"https:\/\/www.europesays.com\/lv\/wp-json\/wp\/v2\/posts\/217961\/revisions"}],"wp:featuredmedia":[{"embeddable":true,"href":"https:\/\/www.europesays.com\/lv\/wp-json\/wp\/v2\/media\/217962"}],"wp:attachment":[{"href":"https:\/\/www.europesays.com\/lv\/wp-json\/wp\/v2\/media?parent=217961"}],"wp:term":[{"taxonomy":"category","embeddable":true,"href":"https:\/\/www.europesays.com\/lv\/wp-json\/wp\/v2\/categories?post=217961"},{"taxonomy":"post_tag","embeddable":true,"href":"https:\/\/www.europesays.com\/lv\/wp-json\/wp\/v2\/tags?post=217961"}],"curies":[{"name":"wp","href":"https:\/\/api.w.org\/{rel}","templated":true}]}}