{"id":218132,"date":"2026-06-03T21:37:16","date_gmt":"2026-06-03T21:37:16","guid":{"rendered":"https:\/\/www.europesays.com\/lv\/218132\/"},"modified":"2026-06-03T21:37:16","modified_gmt":"2026-06-03T21:37:16","slug":"dienas-kleita-%e2%9f%a9-77-gadu-vecuma-serona-stouna-aizeno-jaunakas-zvaigznes-kannas","status":"publish","type":"post","link":"https:\/\/www.europesays.com\/lv\/218132\/","title":{"rendered":"DIENAS KLEITA: \u27e9 77 gadu vecum\u0101 \u0160\u0113rona Stouna aiz\u0113no jaun\u0101k\u0101s zvaigznes Kann\u0101s"},"content":{"rendered":"<p>Aktrises kleita bija veidota korsetes siluet\u0101, kas izc\u0113la fig\u016bru, bet t\u0101s galvenais akcents bija smalki iz\u0161\u016bti ceri\u0146kr\u0101sas ziedu mot\u012bvi. T\u0113rpa aug\u0161da\u013cu rot\u0101ja t\u016bksto\u0161iem krist\u0101lu, kas pak\u0101peniski sapl\u016bda ar tum\u0161o apmetni, radot efektu, it k\u0101 zvaigzne b\u016btu ietinusies nakts debes\u012bs. Grezn\u0101s iz\u0161uvumu deta\u013cas pie\u0161\u0137\u012bra kleitai romantisku un gandr\u012bz pasakainu noska\u0146u.<\/p>\n<p>\u0160\u0113rona t\u0113lu papildin\u0101ja melni cimdi, mirdzo\u0161a vakarsomi\u0146a un attur\u012bgas dimantu rotaslietas. \u012asais matu griezums un minim\u0101listiskais grims \u013c\u0101va visai uzman\u012bbai koncentr\u0113ties uz t\u0113rpu, vienlaikus izce\u013cot aktrises aristokr\u0101tisko st\u0101ju.<\/p>\n<p>\u0160is bija lielisks piem\u0113rs tam, ka sarkan\u0101 pakl\u0101ja elegance ne vienm\u0113r sl\u0113pjas provok\u0101cij\u0101s. Stouna izv\u0113l\u0113j\u0101s klasisku Holivudas grezn\u012bbu ar m\u016bsdien\u012bgu piesitienu un v\u0113lreiz apliecin\u0101ja, k\u0101p\u0113c vi\u0146a joproj\u0101m tiek uzskat\u012bta par vienu no stil\u012bg\u0101kaj\u0101m sieviet\u0113m kino pasaul\u0113.<\/p>\n<p><img decoding=\"async\" class=\"figure__image\" onclick=\"triggerEvent('articleImageClick', { id: 17649347, focus: 'single-image', focusIndex: '17649347' })\" onkeydown=\"if (event.key === 'Enter') {&#10;        triggerEvent('articleImageClick', { id: 17649347, focus: 'single-image', focusIndex: '17649347' })&#10;        }\" role=\"button\" tabindex=\"0\" data-focus-from=\"single-image\" data-focus-index=\"17649347\" src=\"https:\/\/www.europesays.com\/lv\/wp-content\/uploads\/2026\/06\/17649347t1h4bdf.jpg\"  onload=\"this.parentElement.classList.remove('figure__image-loading')\" alt=\"\"\/> Foto: SIPA\/Scanpix<img decoding=\"async\" class=\"figure__image\" onclick=\"triggerEvent('articleImageClick', { id: 17649345, focus: 'single-image', focusIndex: '17649345' })\" onkeydown=\"if (event.key === 'Enter') {&#10;        triggerEvent('articleImageClick', { id: 17649345, focus: 'single-image', focusIndex: '17649345' })&#10;        }\" role=\"button\" tabindex=\"0\" data-focus-from=\"single-image\" data-focus-index=\"17649345\" src=\"https:\/\/www.europesays.com\/lv\/wp-content\/uploads\/2026\/06\/17649345t1h829e.jpg\"  onload=\"this.parentElement.classList.remove('figure__image-loading')\" alt=\"\"\/> Foto: SIPA\/Scanpix<img decoding=\"async\" class=\"figure__image\" onclick=\"triggerEvent('articleImageClick', { id: 17649349, focus: 'single-image', focusIndex: '17649349' })\" onkeydown=\"if (event.key === 'Enter') {&#10;        triggerEvent('articleImageClick', { id: 17649349, focus: 'single-image', focusIndex: '17649349' })&#10;        }\" role=\"button\" tabindex=\"0\" data-focus-from=\"single-image\" data-focus-index=\"17649349\" src=\"https:\/\/www.europesays.com\/lv\/wp-content\/uploads\/2026\/06\/17649349t1h3c44.jpg\"  onload=\"this.parentElement.classList.remove('figure__image-loading')\" alt=\"\"\/> Foto: SIPA\/Scanpix<img decoding=\"async\" class=\"figure__image\" onclick=\"triggerEvent('articleImageClick', { id: 17649343, focus: 'single-image', focusIndex: '17649343' })\" onkeydown=\"if (event.key === 'Enter') {&#10;        triggerEvent('articleImageClick', { id: 17649343, focus: 'single-image', focusIndex: '17649343' })&#10;        }\" role=\"button\" tabindex=\"0\" data-focus-from=\"single-image\" data-focus-index=\"17649343\" src=\"https:\/\/www.europesays.com\/lv\/wp-content\/uploads\/2026\/06\/17649343t1h9dc8.jpg\"  onload=\"this.parentElement.classList.remove('figure__image-loading')\" alt=\"\"\/> Foto: SIPA\/Scanpix<img decoding=\"async\" class=\"figure__image\" onclick=\"triggerEvent('articleImageClick', { id: 17649341, focus: 'single-image', focusIndex: '17649341' })\" onkeydown=\"if (event.key === 'Enter') {&#10;        triggerEvent('articleImageClick', { id: 17649341, focus: 'single-image', focusIndex: '17649341' })&#10;        }\" role=\"button\" tabindex=\"0\" data-focus-from=\"single-image\" data-focus-index=\"17649341\" src=\"https:\/\/www.europesays.com\/lv\/wp-content\/uploads\/2026\/06\/17649341t1h2f7a.jpg\"  onload=\"this.parentElement.classList.remove('figure__image-loading')\" alt=\"\"\/> Foto: SIPA\/Scanpix<\/p>\n","protected":false},"excerpt":{"rendered":"Aktrises kleita bija veidota korsetes siluet\u0101, kas izc\u0113la fig\u016bru, bet t\u0101s galvenais akcents bija smalki iz\u0161\u016bti ceri\u0146kr\u0101sas ziedu&hellip;\n","protected":false},"author":2,"featured_media":218133,"comment_status":"","ping_status":"","sticky":false,"template":"","format":"standard","meta":{"footnotes":"","_share_on_mastodon":"0"},"categories":[19],"tags":[89,90,33182,3686,35,39,38,36,37,34,40,38277],"class_list":["post-218132","post","type-post","status-publish","format-standard","has-post-thumbnail","category-izklaide","tag-entertainment","tag-izklaide","tag-kannas","tag-kannu-kinofestivals","tag-latvia","tag-latvian","tag-latviesu","tag-latviesu-valoda","tag-latviesuvaloda","tag-latvija","tag-lv","tag-serona-stouna"],"share_on_mastodon":{"url":"https:\/\/pubeurope.com\/@lv\/116688338952557825","error":""},"_links":{"self":[{"href":"https:\/\/www.europesays.com\/lv\/wp-json\/wp\/v2\/posts\/218132","targetHints":{"allow":["GET"]}}],"collection":[{"href":"https:\/\/www.europesays.com\/lv\/wp-json\/wp\/v2\/posts"}],"about":[{"href":"https:\/\/www.europesays.com\/lv\/wp-json\/wp\/v2\/types\/post"}],"author":[{"embeddable":true,"href":"https:\/\/www.europesays.com\/lv\/wp-json\/wp\/v2\/users\/2"}],"replies":[{"embeddable":true,"href":"https:\/\/www.europesays.com\/lv\/wp-json\/wp\/v2\/comments?post=218132"}],"version-history":[{"count":0,"href":"https:\/\/www.europesays.com\/lv\/wp-json\/wp\/v2\/posts\/218132\/revisions"}],"wp:featuredmedia":[{"embeddable":true,"href":"https:\/\/www.europesays.com\/lv\/wp-json\/wp\/v2\/media\/218133"}],"wp:attachment":[{"href":"https:\/\/www.europesays.com\/lv\/wp-json\/wp\/v2\/media?parent=218132"}],"wp:term":[{"taxonomy":"category","embeddable":true,"href":"https:\/\/www.europesays.com\/lv\/wp-json\/wp\/v2\/categories?post=218132"},{"taxonomy":"post_tag","embeddable":true,"href":"https:\/\/www.europesays.com\/lv\/wp-json\/wp\/v2\/tags?post=218132"}],"curies":[{"name":"wp","href":"https:\/\/api.w.org\/{rel}","templated":true}]}}