{"id":218567,"date":"2026-06-04T10:01:15","date_gmt":"2026-06-04T10:01:15","guid":{"rendered":"https:\/\/www.europesays.com\/lv\/218567\/"},"modified":"2026-06-04T10:01:15","modified_gmt":"2026-06-04T10:01:15","slug":"zina-par-steidzamas-mediciniskas-palidzibas-punkta-slegsanu-valka-uzspridzina-internetu","status":"publish","type":"post","link":"https:\/\/www.europesays.com\/lv\/218567\/","title":{"rendered":"Zi\u0146a par Steidzam\u0101s medic\u012bnisk\u0101s pal\u012bdz\u012bbas punkta sl\u0113g\u0161anu Valk\u0101 \u201cuzspridzina\u201d internetu"},"content":{"rendered":"<p><img fetchpriority=\"high\" decoding=\"async\" width=\"1024\" height=\"768\" src=\"https:\/\/www.europesays.com\/lv\/wp-content\/uploads\/2026\/06\/Steidzamas-mediciniskas-palidzibas-punkts-1024x768.jpg\" alt=\"\" class=\"wp-image-1003655\"  \/>Pagaid\u0101m v\u0113l labi paman\u0101mais plak\u0101ts pie \u0113kas Valk\u0101, R\u016bjienas iel\u0101 3 v\u0113sta par to, ka te cilv\u0113ki katru dienu no pulksten 8 l\u012bdz 20 var sa\u0146emt steidzamo medic\u012bnisko pal\u012bdz\u012bbu. Jau 20. j\u016bnij\u0101 Steidzam\u0101s medic\u012bnisk\u0101s pal\u012bdz\u012bbas punkts b\u016bs sl\u0113gts.<br \/>FOTO: ING\u016aNA JOHANSONE<\/p>\n<p class=\"wp-block-paragraph\">Cilv\u0113kiem alla\u017e ir interes\u0113ju\u0161i jaut\u0101jumi, kas saist\u012bti ar medic\u012bnas apr\u016bpi un medic\u012bnas pakalpojumu sa\u0146em\u0161anu. P\u0113c \u201cZieme\u013clatvijas\u201d video soci\u0101lajos t\u012bklos un publik\u0101cijas \u201cJ\u016bnij\u0101 Valk\u0101 sl\u0113gs Steidzam\u0101s medic\u012bnisk\u0101s pal\u012bdz\u012bbas punktu\u201d esam sa\u0146\u0113mu\u0161i 178 soci\u0101lo t\u012bklu lietot\u0101ju koment\u0101rus.<\/p>\n<p class=\"wp-block-paragraph\">Vidzemes slimn\u012bca l\u0113mumu par Valkas Steidzam\u0101s medic\u012bnisk\u0101s pal\u012bdz\u012bbas punkta sl\u0113g\u0161anu pie\u0146\u0113ma t\u0101p\u0113c, ka vid\u0113ji dien\u0101 to apmekl\u0113ja vien divi pacienti un galvenais de\u017e\u016br\u0101rsts Guntis K\u013cavi\u0146\u0161 dev\u0101s pensij\u0101. Jaunu sertific\u0113tu \u0101rstu neizdodas atrast, jo to tr\u016bkst vis\u0101 valst\u012b.<\/p>\n<p class=\"wp-block-paragraph\">Koment\u0113t\u0101ji p\u0101rmet ar\u012b Valkas novada pa\u0161vald\u012bbai, ka t\u0101 neko nedara lietas lab\u0101, lai nepie\u013cautu Steidzam\u0101s medic\u012bnisk\u0101s pal\u012bdz\u012bbas punkta sl\u0113g\u0161anu. Novada pa\u0161vald\u012bbas domes priek\u0161s\u0113d\u0113t\u0101js Vents Armands Krauklis atz\u012bst, ka pa\u0161vald\u012bba nevar ietekm\u0113t SIA \u201cVidzemes slimn\u012bca\u201d vad\u012bbas pie\u0146emto l\u0113mumu.<\/p>\n<p class=\"wp-block-paragraph\">\u201cEsam kontakt\u0101 ar Vidzemes slimn\u012bcu. L\u016bdz\u0101m, lai vismaz k\u0101du da\u013cu traumpunkt\u0101 sniegto pakalpojumu p\u0101rceltu uz Valkas polikl\u012bniku, un tas ir apsol\u012bts. K\u0101 pa\u0161vald\u012bba esam l\u016bgu\u0161i ar\u012b pa\u0101trin\u0101t medic\u012bnas pakalpojumu pieejam\u012bbu Valgas slimn\u012bc\u0101, lai nevajadz\u0113tu EVAK karti. Mums nav nek\u0101da cita instrumenta main\u012bt Vidzemes slimn\u012bcas domas. Esam tiku\u0161ies gan individu\u0101li, gan slimn\u012bcas p\u0101rst\u0101vji ierad\u0101s uz komitejas s\u0113di, lai skaidrotu situ\u0101ciju. \u0160oreiz pat nav runas par naudu, bet gan par valsts pras\u012bbu, kuru Vidzemes slimn\u012bca nevar izpild\u012bt \u2013 \u0161aj\u0101 Steidzam\u0101s medic\u012bnisk\u0101s pal\u012bdz\u012bbas punkt\u0101 ir j\u0101str\u0101d\u0101 sertific\u0113tam \u0101rstam. T\u0101du \u0101rstu vienk\u0101r\u0161i nevar dab\u016bt. Esam aicin\u0101ju\u0161i, lai samazina \u0161\u012bs pras\u012bbas un traumpunkt\u0101 pakalpojumus var\u0113tu sniegt vid\u0113jais medic\u012bnas person\u0101ls. Ja t\u0101 b\u016btu, traumpunktu nesl\u0113gtu,\u201d nor\u0101da V. A. Krauklis. Uz \u201cZieme\u013clatvijas\u201d teikto, ka p\u0113d\u0113j\u0101 laik\u0101 novada iedz\u012bvot\u0101jus p\u0101r\u0146\u0113mu\u0161as ne t\u0101s pozit\u012bv\u0101k\u0101s domas par novada n\u0101kotni un iesp\u0113j\u0101m sa\u0146emt kvalitat\u012bvus pakalpojumus, pa\u0161vald\u012bbas vad\u012bt\u0101js uzsver: \u201cJa esi akt\u012bvs cilv\u0113ks, tad \u0161os medic\u012bnas pakalpojumus var sa\u0146emt Valgas slimn\u012bc\u0101. Mana \u0123imene sen neizmanto \u0161\u012b traumpunkta sniegtos pakalpojumus. Valgas slimn\u012bc\u0101 sniedz pakalpojumus augst\u0101 l\u012bmen\u012b. Da\u017ereiz Valmieras slimn\u012bcas Uz\u0146em\u0161anas noda\u013c\u0101 j\u0101gaida pat \u010detras piecas stundas, lai sa\u0146emtu pakalpojumu, bet Valgas slimn\u012bc\u0101 to var sa\u0146emt divdesmit min\u016b\u0161u laik\u0101. Saprotu, ka \u0161\u012b var\u0113tu b\u016bt probl\u0113ma pension\u0101riem, kuri nezina valodu un kuri sazin\u0101s tikai latvie\u0161u valod\u0101. Princip\u0101 jaunam un akt\u012bvam cilv\u0113kam \u0161\u012b nav probl\u0113ma. Ja nepiecie\u0161ami nopietn\u0101ki izmekl\u0113jumi, t\u0101pat tie j\u0101veic Valg\u0101 vai Valmier\u0101. \u0160is nav ar\u012b gad\u012bjums, kas attiektos uz \u0123imen\u0113m ar b\u0113rniem. Pa\u0161vald\u012bba ir pret Finan\u0161u ministrijas nor\u0101d\u012bjumu mazin\u0101t br\u012bvpr\u0101t\u012bg\u0101s iniciat\u012bvas (bija nor\u0101d\u012bjums pa\u0161vald\u012bbai p\u0101rtraukt l\u012bdzfinans\u0113t skol\u0113nu \u0113din\u0101\u0161anu \u2013 redakcijas piebilde), lai \u0123imen\u0113m ar b\u0113rniem novad\u0101 b\u016btu labi. To m\u0113s turpin\u0101sim dar\u012bt jebkur\u0101 gad\u012bjum\u0101.<\/p>\n<p class=\"wp-block-paragraph\">Galven\u0101s ir \u0161\u012bs iesp\u0113jas skol\u0101 un \u0101rpus skolas, dro\u0161\u012bba un att\u012bst\u012bt\u0101 infrastrukt\u016bra. Novad\u0101 tas ir lab\u0101 l\u012bmen\u012b un to turpin\u0101sim att\u012bst\u012bt.\u201d<\/p>\n<p class=\"wp-block-paragraph\">Odeta Induse:<\/p>\n<p class=\"wp-block-paragraph\">\u2013 Atkal k\u0101rt\u0113j\u0101 s\u0101p\u012bg\u0101 zi\u0146a! Var tikai pabr\u012bn\u012bties par m\u016bsu valsts vesel\u012bbas politiku. Labi, ka daudziem vec\u0101kiem cilv\u0113kiem no re\u0123ioniem b\u0113rni dz\u012bvo R\u012bg\u0101 un Pier\u012bg\u0101, tad vismaz varam aizvest savus m\u012b\u013cos radi\u0146us uz Gai\u013cezeru vai Stradi\u0146iem pie dakteriem. Tas gan \u0161ad un tad b\u016btiski trauc\u0113 un kav\u0113 m\u016bsu pa\u0161u ikdienas darba procesu. Ar\u012b pa\u0161iem, ja v\u0113lamies dakter\u0113ties ar valsts atbalstu, ir j\u0101gaida vair\u0101k par 4\u20136 m\u0113ne\u0161iem rind\u0101s, jo R\u012bg\u0101 ir \u013coti, \u013coti liels pacientu skaits. Da\u017eus pakalpojumus nav iesp\u0113jams sa\u0146emt pat par maksu dz\u012bvesvietas tuvum\u0101. Daudzu mana vecuma cilv\u0113ku domas ir, ka ar\u012b pensijas vecums tikai t\u0101d\u0113\u013c tiek paaugstin\u0101ts, jo tiek sagaid\u012bts, ka m\u0113s, nesa\u0146emot kvalitat\u012bvus medic\u012bniskos pakalpojumus laic\u012bgi, atdosim galus un pensijas tad neb\u016bs j\u0101maks\u0101. Kvalitat\u012bviem medic\u012bniskajiem pakalpojumiem ir j\u0101b\u016bt pieejamiem visos Latvijas re\u0123ionos.<\/p>\n<p class=\"wp-block-paragraph\">J\u0101nis Orleans:<\/p>\n<p class=\"wp-block-paragraph\">\u2013 K\u0101du medic\u012bnisku pal\u012bdz\u012bbu tur var\u0113ja sa\u0146emt? Uzl\u012bm\u0113t pl\u0101ksteri un izm\u0113r\u012bt asinsspiedienu?<\/p>\n<p class=\"wp-block-paragraph\">Iveta:<\/p>\n<p class=\"wp-block-paragraph\">\u2013 Ak Dievs! Vai tie\u0161\u0101m? Tad, kad ir j\u0101dom\u0101 par eso\u0161o situ\u0101ciju no Krievzemes, tad sl\u0113dz traumpunktu? Tie\u0161i otr\u0101di \u2013 vajag vair\u0101k tur ieguld\u012bt, jo kas zina, kas m\u016bs sagaida.<\/p>\n<p class=\"wp-block-paragraph\">Eva Siker\u017eicka:<\/p>\n<p class=\"wp-block-paragraph\">\u2013 Valkas novads jau t\u0101 ir apdal\u012bts ar finans\u0113jumu. Tiek dar\u012bts viss, lai tas izput\u0113tu. Vai tad t\u0101s ir r\u016bpes par iedz\u012bvot\u0101ju vesel\u012bbu un labkl\u0101j\u012bbu? Laikam v\u0113las sagraut pa\u0161u p\u0113d\u0113jo.<\/p>\n<p class=\"wp-block-paragraph\">Aija P\u012bgozne:<\/p>\n<p class=\"wp-block-paragraph\">\u2013 O, var\u0113s dzemd\u0113t Igaunij\u0101 un uzreiz re\u0123istr\u0113t k\u0101 Igaunijas pilsoni. Re\u0123istr\u0113t ar\u012b uz\u0146\u0113mumu Igaunij\u0101, pirkt \u012bpa\u0161umu Igaunij\u0101, nodok\u013cus Igaunijai un pensija ar\u012b autom\u0101tiski b\u016bs lab\u0101ka.<\/p>\n<p class=\"wp-block-paragraph\">Katr\u012bna Ver\u0161inska:<\/p>\n<p class=\"wp-block-paragraph\">\u2013 Vai k\u0101ds rakstu ar\u012b las\u012bja, vai tikai virsrakstu? Tas ta\u010du ir tikai lo\u0123iski, ja dien\u0101 ierodas vid\u0113ji divi cilv\u0113ki, bet resursi j\u0101darbina 12 stundas dien\u0101, tad kam tas ir vajadz\u012bgs? Plus nav kam tur str\u0101d\u0101t.<\/p>\n<p class=\"wp-block-paragraph\">Lilita Kalni\u0146a:<\/p>\n<p class=\"wp-block-paragraph\">\u2013 Kauns Vidzemes slimn\u012bcai! M\u0113r\u0137tiec\u012bgi izn\u012bcin\u0101ta medic\u012bnas iest\u0101de. Biju tur pie k\u0101da speci\u0101lista uz konsult\u0101ciju. \u0160oks no t\u0101, k\u0101 tur izskat\u012bj\u0101s. \u0160ausmu filmas var film\u0113t. Protams, ka cilv\u0113ki tur nedosies p\u0113c pal\u012bdz\u012bbas, ja nav nodro\u0161in\u0101ti pien\u0101c\u012bgi apst\u0101k\u013ci, apr\u012bkojums. Vai tad m\u016bsdien\u0101s nu USG apar\u0101ts ir luksusa iek\u0101rta? Tagad ir pieejamas mobilas iek\u0101rtas, kuru var piesl\u0113gt pie portat\u012bv\u0101 datora vai pat pie telefona. K\u0101dreiz katr\u0101 maz\u0101 polikl\u012bnik\u0101 veica anal\u012bzes, bija laboratorija. Valk\u0101 piln\u012bgi noteikti nepiecie\u0161ams traumpunkts, bet tikai tad, ja tas b\u016bs pien\u0101c\u012bgi apr\u012bkots.<\/p>\n<p class=\"wp-block-paragraph\">Mud\u012bte Pole:<\/p>\n<p class=\"wp-block-paragraph\">\u2013 Absurds! Valkas iedz\u012bvot\u0101jiem jau neko nevajag. Ja kas, tad j\u0101brauc uz Valmieru. Esam \u013coti apdal\u012bti un nevienam nevajadz\u012bgi. Skumji.<\/p>\n<p class=\"wp-block-paragraph\">Sandra Avota:<\/p>\n<p class=\"wp-block-paragraph\">\u2013 Nesen bija nepiecie\u0161am\u012bba b\u0113rnam apmekl\u0113t traumpunktu. Pal\u012bdz\u012bbu nesa\u0146\u0113mu, tik\u0101m novirz\u012btas uz Valmieru. Izv\u0113l\u0113j\u0101mies Valgu. Nedom\u0101ju, ka tas b\u016bs liels zaud\u0113jums, p\u0113d\u0113j\u0101 laik\u0101 ar nopietnu probl\u0113mu t\u0101pat tur nebija j\u0113gas v\u0113rsties.<\/p>\n<p class=\"wp-block-paragraph\">Viktorija Vdovina:<\/p>\n<p class=\"wp-block-paragraph\">\u2013 Brauksim uz Valgu. Kad d\u0113lam vajadz\u0113ja pal\u012bdz\u012bbu pulksten 23, brauc\u0101m uz Valgu, jo mums, redz, punkts str\u0101d\u0101ja ne visu diennakti.<\/p>\n","protected":false},"excerpt":{"rendered":"Pagaid\u0101m v\u0113l labi paman\u0101mais plak\u0101ts pie \u0113kas Valk\u0101, R\u016bjienas iel\u0101 3 v\u0113sta par to, ka te cilv\u0113ki katru&hellip;\n","protected":false},"author":2,"featured_media":218568,"comment_status":"","ping_status":"","sticky":false,"template":"","format":"standard","meta":{"footnotes":"","_share_on_mastodon":"0"},"categories":[5],"tags":[23,28,29,32,33,22,30,31,35,39,38,36,37,34,40,20,26,27,38308,24,25,1007,1009,21],"class_list":["post-218567","post","type-post","status-publish","format-standard","has-post-thumbnail","category-aktualitates","tag-aktualitates","tag-breaking-news","tag-breakingnews","tag-featured-news","tag-featurednews","tag-headlines","tag-latest-news","tag-latestnews","tag-latvia","tag-latvian","tag-latviesu","tag-latviesu-valoda","tag-latviesuvaloda","tag-latvija","tag-lv","tag-news","tag-popularakas-zinas","tag-popularakaszinas","tag-steidzamasmediciniskaspalidzibaspunkts","tag-top-stories","tag-topstories","tag-valka","tag-valkasnovads","tag-zinas"],"share_on_mastodon":{"url":"https:\/\/pubeurope.com\/@lv\/116691264503530739","error":""},"_links":{"self":[{"href":"https:\/\/www.europesays.com\/lv\/wp-json\/wp\/v2\/posts\/218567","targetHints":{"allow":["GET"]}}],"collection":[{"href":"https:\/\/www.europesays.com\/lv\/wp-json\/wp\/v2\/posts"}],"about":[{"href":"https:\/\/www.europesays.com\/lv\/wp-json\/wp\/v2\/types\/post"}],"author":[{"embeddable":true,"href":"https:\/\/www.europesays.com\/lv\/wp-json\/wp\/v2\/users\/2"}],"replies":[{"embeddable":true,"href":"https:\/\/www.europesays.com\/lv\/wp-json\/wp\/v2\/comments?post=218567"}],"version-history":[{"count":0,"href":"https:\/\/www.europesays.com\/lv\/wp-json\/wp\/v2\/posts\/218567\/revisions"}],"wp:featuredmedia":[{"embeddable":true,"href":"https:\/\/www.europesays.com\/lv\/wp-json\/wp\/v2\/media\/218568"}],"wp:attachment":[{"href":"https:\/\/www.europesays.com\/lv\/wp-json\/wp\/v2\/media?parent=218567"}],"wp:term":[{"taxonomy":"category","embeddable":true,"href":"https:\/\/www.europesays.com\/lv\/wp-json\/wp\/v2\/categories?post=218567"},{"taxonomy":"post_tag","embeddable":true,"href":"https:\/\/www.europesays.com\/lv\/wp-json\/wp\/v2\/tags?post=218567"}],"curies":[{"name":"wp","href":"https:\/\/api.w.org\/{rel}","templated":true}]}}