{"id":218984,"date":"2026-06-04T19:43:12","date_gmt":"2026-06-04T19:43:12","guid":{"rendered":"https:\/\/www.europesays.com\/lv\/218984\/"},"modified":"2026-06-04T19:43:12","modified_gmt":"2026-06-04T19:43:12","slug":"valkas-novada-domes-priekssedetajs-krauklis-parsteigts-par-finansu-ministrijas-kritiku","status":"publish","type":"post","link":"https:\/\/www.europesays.com\/lv\/218984\/","title":{"rendered":"Valkas novada domes priek\u0161s\u0113d\u0113t\u0101js Krauklis p\u0101rsteigts par Finan\u0161u ministrijas kritiku"},"content":{"rendered":"<p class=\"isSelectedEnd\">Vald\u012bbas s\u0113d\u0113 \u0161is pied\u0101v\u0101jums tika main\u012bts, nolemjot, ka Valsts kase p\u0101rfinans\u0113s kopum\u0101 se\u0161us Valkas novada aiz\u0146\u0113mumus 646 605 eiro apm\u0113r\u0101, p\u0101rce\u013cot pamatsummas maks\u0101jumus uz n\u0101kamajiem gadiem.<\/p>\n<p class=\"isSelectedEnd\">Krauklis vald\u012bbas s\u0113d\u0113 skaidroja, ka l\u016bgumu Valsts kasei p\u0101rfinans\u0113t se\u0161us aizdevumus 646 605 eiro apm\u0113r\u0101 pa\u0161vald\u012bba iesniegusi jau 28. apr\u012bl\u012b. P\u0113c Krauk\u013ca teikt\u0101, tas \u013cautu pa\u0161vald\u012bbai \u0161o gadu nosl\u0113gt bez kav\u0113tiem maks\u0101jumiem.<\/p>\n<p class=\"isSelectedEnd\">T\u0101pat Krauklis sac\u012bja, ka Valkas pa\u0161vald\u012bba ir ar maz\u0101ko iedz\u012bvot\u0101ju skaitu Latvij\u0101 un probl\u0113mas radu\u0161\u0101s p\u0113c administrat\u012bvi teritori\u0101l\u0101s reformas. Pa\u0161vald\u012bba jau laic\u012bgi p\u0113c reformas br\u012bdin\u0101jusi FM, ka \u0161\u0101da situ\u0101cija ar bud\u017eetu var izveidoties. Krauklis ar\u012b inform\u0113ja, ka 17% Valkas iedz\u012bvot\u0101ju ir deklar\u0113ju\u0161ies Igaunijas pils\u0113t\u0101 Valg\u0101, bet 19% no tiem, kas deklar\u0113ju\u0161ies Valk\u0101, str\u0101d\u0101 Igaunij\u0101, kas mazina pa\u0161vald\u012bbas ie\u0146\u0113mumus.<\/p>\n<p class=\"isSelectedEnd\">Savuk\u0101rt FM valsts sekret\u0101res vietniece bud\u017eeta jaut\u0101jumos Jolanta Pl\u016bme vald\u012bbas s\u0113d\u0113 v\u0113rsa uzman\u012bbu, ka Valkas probl\u0113mas rada nesak\u0101rtot\u0101 siltumapg\u0101de un \u016bdensapg\u0101de, kur\u0101s pa\u0161vald\u012bba dot\u0113 iedz\u012bvot\u0101jus, t\u0101d\u0113j\u0101di audz\u0113jot par\u0101du. Pl\u016bme nor\u0101d\u012bja, ka noteiktais tarifs nesedz re\u0101l\u0101s izmaksas, un par\u0101ds jau p\u0101rsniedzis vienu miljonu eiro.<\/p>\n<p class=\"isSelectedEnd\">Demision\u0113ju\u0161\u0101s Evikas Sili\u0146as (JV) vald\u012bbas finan\u0161u ministrs Arvils A\u0161eradens (JV) savuk\u0101rt nor\u0101d\u012bja, ka vald\u012bba nedr\u012bkst vienk\u0101r\u0161i pie\u0161\u0137irt naudu Valkai, jo Latvij\u0101 ir ar\u012b citas pa\u0161vald\u012bbas, kuras to var piepras\u012bt. P\u0113c vi\u0146a teikt\u0101, kopum\u0101 ir v\u0113l 11 pa\u0161vald\u012bbas, kur\u0101m ie\u0146\u0113mumi uz vienu iedz\u012bvot\u0101ju ir maz\u0101ki nek\u0101 Valkai.<\/p>\n<p>T\u0101pat FM uzdeva Valkas novada pa\u0161vald\u012bbai l\u012bdz 2026. gada 1. j\u016bnijam iesniegt FM dom\u0113 apstiprin\u0101tus groz\u012bjumus 2026. gada bud\u017eet\u0101, kuros iek\u013cauti visi izdevumi uz\u0146emto saist\u012bbu izpildei un autonomo funkciju nodro\u0161in\u0101\u0161anai, izdevumi pl\u0101noti atbilsto\u0161i pieejamajiem resursiem un netiek uz\u0146emtas saist\u012bbas bez finansi\u0101la seguma.<\/p>\n","protected":false},"excerpt":{"rendered":"Vald\u012bbas s\u0113d\u0113 \u0161is pied\u0101v\u0101jums tika main\u012bts, nolemjot, ka Valsts kase p\u0101rfinans\u0113s kopum\u0101 se\u0161us Valkas novada aiz\u0146\u0113mumus 646 605&hellip;\n","protected":false},"author":2,"featured_media":218985,"comment_status":"","ping_status":"","sticky":false,"template":"","format":"standard","meta":{"footnotes":"","_share_on_mastodon":"0"},"categories":[12],"tags":[23,28,29,32,33,438,22,30,31,35,39,38,36,37,34,40,20,26,27,24,25,1007,10362,21],"class_list":["post-218984","post","type-post","status-publish","format-standard","has-post-thumbnail","category-latvija","tag-aktualitates","tag-breaking-news","tag-breakingnews","tag-featured-news","tag-featurednews","tag-finansu-ministrija","tag-headlines","tag-latest-news","tag-latestnews","tag-latvia","tag-latvian","tag-latviesu","tag-latviesu-valoda","tag-latviesuvaloda","tag-latvija","tag-lv","tag-news","tag-popularakas-zinas","tag-popularakaszinas","tag-top-stories","tag-topstories","tag-valka","tag-valkas-novads","tag-zinas"],"share_on_mastodon":{"url":"https:\/\/pubeurope.com\/@lv\/116693552765633002","error":""},"_links":{"self":[{"href":"https:\/\/www.europesays.com\/lv\/wp-json\/wp\/v2\/posts\/218984","targetHints":{"allow":["GET"]}}],"collection":[{"href":"https:\/\/www.europesays.com\/lv\/wp-json\/wp\/v2\/posts"}],"about":[{"href":"https:\/\/www.europesays.com\/lv\/wp-json\/wp\/v2\/types\/post"}],"author":[{"embeddable":true,"href":"https:\/\/www.europesays.com\/lv\/wp-json\/wp\/v2\/users\/2"}],"replies":[{"embeddable":true,"href":"https:\/\/www.europesays.com\/lv\/wp-json\/wp\/v2\/comments?post=218984"}],"version-history":[{"count":0,"href":"https:\/\/www.europesays.com\/lv\/wp-json\/wp\/v2\/posts\/218984\/revisions"}],"wp:featuredmedia":[{"embeddable":true,"href":"https:\/\/www.europesays.com\/lv\/wp-json\/wp\/v2\/media\/218985"}],"wp:attachment":[{"href":"https:\/\/www.europesays.com\/lv\/wp-json\/wp\/v2\/media?parent=218984"}],"wp:term":[{"taxonomy":"category","embeddable":true,"href":"https:\/\/www.europesays.com\/lv\/wp-json\/wp\/v2\/categories?post=218984"},{"taxonomy":"post_tag","embeddable":true,"href":"https:\/\/www.europesays.com\/lv\/wp-json\/wp\/v2\/tags?post=218984"}],"curies":[{"name":"wp","href":"https:\/\/api.w.org\/{rel}","templated":true}]}}