{"id":21910,"date":"2025-10-15T19:08:19","date_gmt":"2025-10-15T19:08:19","guid":{"rendered":"https:\/\/www.europesays.com\/lv\/21910\/"},"modified":"2025-10-15T19:08:19","modified_gmt":"2025-10-15T19:08:19","slug":"spilgtakas-modes-tendences-saja-rudeni-atrodi-tam-vietu-ari-sava-skapi","status":"publish","type":"post","link":"https:\/\/www.europesays.com\/lv\/21910\/","title":{"rendered":"Spilgt\u0101k\u0101s modes tendences \u0161aj\u0101 ruden\u012b \u2013 atrodi t\u0101m vietu ar\u012b sav\u0101 skap\u012b"},"content":{"rendered":"<p>Kad oktobris apvieno kr\u0101sain\u0101s lapas, kafijas arom\u0101tu un jauno rudens modes kolekciju piepl\u016bdumu, ir pien\u0101cis br\u012bdis sak\u0101rtot garderobi. No fakt\u016br\u0101m l\u012bdz form\u0101m, no kr\u0101su kombin\u0101cij\u0101m l\u012bdz aksesu\u0101ru sp\u0113lei \u2013 2025. gada rudenim piem\u012bt savs raksturs, un tas noteikti neb\u016bs garlaic\u012bgs. To spilgti apliecina desmit tendences, kuras \u0161aj\u0101 sezon\u0101 izce\u013c tirdzniec\u012bbas centra &#8220;Domina Shopping&#8221; ofici\u0101l\u0101 stiliste J\u016blija Zolberga, nor\u0101dot \u2013 t\u0101s nevajag iev\u0113rot, ja nav v\u0113lmes b\u016bt stil\u012bgai!<\/p>\n<p>R\u016bti\u0146as visos virzienos: vair\u0101k ir vair\u0101k<\/p>\n<p>\u0160osezon r\u016bti\u0146u raksts ir k\u0101 rudens lapas \u2013 visur. T\u0101 vairs nav tikai klasiska rudens v\u0113sma \u2013 r\u016bti\u0146as k\u013cuvu\u0161as par domin\u0113jo\u0161o mot\u012bvu, kas tiek n\u0113s\u0101ts drosm\u012bgi, daudzsl\u0101\u0146aini un ar pilnu p\u0101rliec\u012bbu. Ja tu dom\u0101ji, ka viens r\u016btains ap\u0123\u0113rba gabals ir gana \u2013 padom\u0101 v\u0113lreiz. Tie\u0161i r\u016bti\u0146u miks\u0113\u0161ana vien\u0101 t\u0113l\u0101 ir viens no stil\u012bg\u0101kajiem g\u0101jieniem. Mekl\u0113 veidus, k\u0101 apvienot da\u017e\u0101du r\u016bti\u0146u apdrukas vien\u0101 ansambl\u012b \u2013 piem\u0113ram, klasisks \u017eaketes kost\u012bms ar citu to\u0146u r\u016btainu \u0161alli vai somi\u0146u. \u0160is ir br\u012bdis, kad klasika ieg\u016bst jaunu, drosm\u012bg\u0101ku elpu.<\/p>\n<p>Int\u012bmais k\u013c\u016bst publisks \u2013 me\u017e\u0123\u012b\u0146u tops, kas der gan miegam, gan vakari\u0146\u0101m pils\u0113t\u0101<\/p>\n<p>Krekli un topi me\u017e\u0123\u012b\u0146u apak\u0161ve\u013cas stil\u0101 ir drosm\u012bgi ie\u0146\u0113mu\u0161i vietu modes pasaul\u0113. Apak\u0161ve\u013cas stilistik\u0101 ietur\u0113ti topi un krekli pie\u0161\u0137ir t\u0113lam smalki \u2013 pavedino\u0161u noti. Bet, apvienojot ar \u017eaketi vai r\u016btainu bik\u0161kost\u012bmu, k\u013c\u016bst par p\u0101rliecino\u0161u t\u0113rpu, kas lieliski ieder\u0113sies gan biroj\u0101, gan br\u012bvaj\u0101 laik\u0101.<br \/>Un tie\u0161i \u0161eit sl\u0113pjas \u0161\u012b trenda burv\u012bba \u2013 me\u017e\u0123\u012b\u0146u tops ir tas retais modes elements, kas der gan gul\u0113\u0161anai, gan izie\u0161anai \u0101rpus m\u0101jas.<\/p>\n<p>Br\u016bno un gai\u0161i zilo to\u0146u harmonija<\/p>\n<p>Iedom\u0101jies ruden\u012bgu pastaigu, kad zeme kl\u0101ta ar br\u016bn\u0101m lap\u0101m un virs galvas mirdz dzidras debesis. Tie\u0161i \u0161\u012b saj\u016bta iemiesojas sezonas top kr\u0101su kombin\u0101cij\u0101 \u2013 br\u016bn\u0101 un gai\u0161i zil\u0101. \u0160\u012b palete ir gan vizu\u0101li nomierino\u0161a, gan moderni kontrast\u0113jo\u0161a, pie\u0161\u0137irot t\u0113lam izsmalcin\u0101tu svaigumu. Gai\u0161i zils m\u0113telis apvienojum\u0101 ar br\u016bniem z\u0101bakiem, vai, tie\u0161i pret\u0113ji, \u2013 br\u016bns \u0101das kost\u012bms ar zilu aksesu\u0101ru akcentiem \u2013 viss str\u0101d\u0101. T\u0101 ir kr\u0101su sp\u0113le, kas iepriecina gan aci, gan fotoapar\u0101tu objekt\u012bvu.<\/p>\n<p>Redzi stilu? Brilles \u0161oruden run\u0101 tav\u0101 viet\u0101<\/p>\n<p>\u0160oruden brilles vairs nav tikai redzes korekcijas r\u012bks \u2013 t\u0101s ir aksesu\u0101rs ar attieksmi. Arvien vair\u0101k z\u012bmolu pied\u0101v\u0101 izteiksm\u012bgus ietvarus k\u0101 neat\u0146emamu t\u0113la sast\u0101vda\u013cu, nevis neuzkr\u012bto\u0161u papildin\u0101jumu. Apa\u013cas, kvadr\u0101tveida, caursp\u012bd\u012bgas vai pat ko\u0161i kr\u0101sainas \u2013 izv\u0113le ir tava un atkar\u012bga tikai no t\u0101, k\u0101du noska\u0146u v\u0113lies paust. \u0160is ir br\u012bdis, kad brilles k\u013c\u016bst par sezonas strat\u0113\u0123isko aksesu\u0101ru. Pat tiem, kuri redz ide\u0101li, b\u016bs k\u0101rdin\u0101jums ieviest p\u0101ri vai divus tikai, lai stilotu l\u012bdzi tendenc\u0113m.<\/p>\n<p>V\u012bna sarkan\u0101 elegance \u2013 siluets ar st\u0101ju<\/p>\n<p>\u0160osezon v\u012bna sarkanais tonis ir k\u0101 gl\u0101ze ar labu &#8220;Pinot Noir&#8221; \u2013 dzi\u013c\u0161, pies\u0101tin\u0101ts un izteikti sievi\u0161\u0137\u012bgs. \u0160\u012b kr\u0101sa ir k\u0101 pa\u0161p\u0101rliecin\u0101ta sieviete, kura ien\u0101k telp\u0101, zinot savu v\u0113rt\u012bbu. Apvienojot \u0161o toni ar izteiktu siluetu \u2013 platiem pleciem un akcent\u0113tu vidukli \u2013, rodas t\u0113ls, kas ir gan elegants, gan moderna laikmeta iemiesojums. \u0160\u012b tendence ir lieliski piem\u0113rota m\u0113te\u013ciem, kost\u012bmiem, kleit\u0101m un pat aksesu\u0101riem.<\/p>\n<p>Platstulmu z\u0101baki un bikses \u2013 iek\u0161\u0101, ne \u0101r\u0101!<\/p>\n<p>T\u0101 kombin\u0101cija, kas da\u017eiem \u0161\u0137ita stila &#8220;k\u013c\u016bda&#8221;, \u0161oruden atgrie\u017eas modes topa aug\u0161gal\u0101 \u2013 bikses z\u0101bakos. \u0160oreiz to dara ar lielu p\u0101rliec\u012bbu un platu z\u0101baku stulmu pal\u012bdz\u012bbu. \u0160\u012b kombin\u0101cija pie\u0161\u0137ir siluetam \u012bpa\u0161u sp\u0113ku un vizu\u0101lu dinamiku \u2013 praktiski un nedaudz dump\u012bgi, radot v\u0113lmi iekarot ielas k\u0101 modes &#8220;podiumu&#8221;.<\/p>\n<p>Vecroz\u0101 jeb maigums bez banalit\u0101tes<\/p>\n<p>Ja mekl\u0113 kr\u0101su, kas vienlaikus ir maiga, bet ne p\u0101r\u0101k salda, tad  vecroz\u0101 noteikti k\u013c\u016bs par tavu rudens sabiedroto. \u0160\u012b kr\u0101sa sp\u0113j pie\u0161\u0137irt t\u0113lam eleganci, bet nebanaliz\u0113 sievi\u0161\u0137\u012bbu. Vecroz\u0101 tonis lieliski sader ar pel\u0113ko, br\u016bno vai pat jau min\u0113to v\u012bna sarkano, veidojot kr\u0101su paleti, kas ir gan harmoniska, gan stilistiski bag\u0101t\u012bga. Kr\u0101sa ir ide\u0101li piem\u0113rota m\u0113telim, d\u017eemperim, rokassomi\u0146ai vai pat apaviem \u2013 \u0161\u012b kr\u0101sa ir k\u0101 modes filtri\u0146\u0161, kas pie\u0161\u0137ir svaigumu sejai un liek visam izskat\u012bties mazliet d\u0101rg\u0101k, pat ja tas ir no izp\u0101rdo\u0161anas stenda.<\/p>\n<p>M\u0101ksl\u012bg\u0101 ka\u017eok\u0101da \u2013 silti, stil\u012bgi, bez vainas saj\u016btas<\/p>\n<p>Modes pasaule arvien vair\u0101k dom\u0101 par ilgtsp\u0113j\u012bbu, un m\u0101ksl\u012bg\u0101 ka\u017eok\u0101da k\u013c\u016bst ne tikai par \u0113tisku, bet ar\u012b \u013coti gaum\u012bgu izv\u0113li. \u0160osezon to n\u0113s\u0101 ne tikai klasiskos br\u016bnos vai melnos to\u0146os, bet ar\u012b drosm\u012bg\u0101k\u0101s kr\u0101s\u0101s un tekst\u016br\u0101s. T\u0101 ien\u0101k ne tikai m\u0113te\u013cos, bet ar\u012b som\u0101s, vest\u0113s un pat apavu dekoros. M\u0101ksl\u012bg\u0101 ka\u017eok\u0101da \u0161oruden k\u013c\u016bst drosm\u012bg\u0101ka un rota\u013c\u012bg\u0101ka \u2013 \u013caujot tev justies labi, izskat\u012bties lieliski un bonus\u0101 zini, ka dz\u012bvnieki b\u016bs tev pateic\u012bgi par veikto izv\u0113li.<\/p>\n<p>Cimdi \u2013 vairs ne tikai siltumam<\/p>\n<p>Cimdi \u0161oruden ir kas vair\u0101k nek\u0101 tikai siltuma garants, tie k\u013cuvu\u0161i par stila elementu, kas pie\u0161\u0137ir t\u0113lam eleganci un raksturu. \u0100das, zam\u0161\u0101das vai pat ar me\u017e\u0123\u012b\u0146u deta\u013c\u0101m \u2013 tie ir k\u0101 aksesu\u0101rs, kas saka: \u201cEs dom\u0101ju par deta\u013c\u0101m\u201d.<\/p>\n<p>Divas jostas \u2013 dubults stils, dubult\u012bgs efekts<\/p>\n<p>\u0160oruden ar vienu jostu vairs nepietiek \u2013 mod\u0113 ir rado\u0161a pieeja, kombin\u0113jot divas da\u017e\u0101das jostas vien\u0101 t\u0113l\u0101. K\u0101 kombin\u0113t divas jostas? Da\u017e\u0101di! Vienu vari uzlikt klasiski uz biks\u0113m vai kleitas. Otru \u2014 nedaudz augst\u0101k vai zem\u0101k, k\u0101 stila akcentu. Viena var b\u016bt pl\u0101na un met\u0101liska, savuk\u0101rt otra b\u016bt plata un \u0101das. Ieteikums, ja n\u0101kamreiz nevari izv\u0113l\u0113ties starp div\u0101m jost\u0101m, tad neizv\u0113lies, bet \u0146em abas.<\/p>\n<p>Visbeidzot \u2013 Kristi\u0101na K\u0101rkli\u0146a, &#8220;Domina Shopping&#8221; m\u0101rketinga vad\u012bt\u0101ja, st\u0101sta: &#8220;\u0160oruden m\u0113s aicin\u0101m \u2013 neiep\u0113rcies citur! Jo tikai Domin\u0101 tevi gaida viss, kas vajadz\u012bgs stil\u012bgam, siltam un gardam rudenim \u2013 jaun\u0101k\u0101s kolekcijas vair\u0101k nek\u0101 170 veikalos, jaunas gar\u0161as kafejn\u012bc\u0101s un izklaides iesp\u0113jas visai \u0123imenei. Un v\u0113l \u2013 l\u012bdz pat 31. oktobrim ikviens, kur\u0161 Domin\u0101 iep\u0113rkas, pusdieno vai izklaid\u0113jas vismaz par 20 euro, var laim\u0113t v\u0113rt\u012bgas balvas, kuru kop\u0113j\u0101 v\u0113rt\u012bba ir 7 t\u016bksto\u0161i euro! T\u0101p\u0113c \u2013 n\u0101c, izbaudi un \u013cauj rudens pirkumiem atnest ar\u012b veiksmi!&#8221;<\/p>\n","protected":false},"excerpt":{"rendered":"Kad oktobris apvieno kr\u0101sain\u0101s lapas, kafijas arom\u0101tu un jauno rudens modes kolekciju piepl\u016bdumu, ir pien\u0101cis br\u012bdis sak\u0101rtot garderobi.&hellip;\n","protected":false},"author":2,"featured_media":21911,"comment_status":"","ping_status":"","sticky":false,"template":"","format":"standard","meta":{"footnotes":""},"categories":[14],"tags":[129,6940,4931,23,57,28,29,32,33,22,30,31,35,39,38,36,37,34,40,20,26,27,6941,4932,6942,4933,24,25,54,55,56,21,58],"class_list":{"0":"post-21910","1":"post","2":"type-post","3":"status-publish","4":"format-standard","5":"has-post-thumbnail","7":"category-zinas-no-arvalstim","8":"tag-__typenameadvicekeyword","9":"tag-id732","10":"tag-id733","11":"tag-aktualitates","12":"tag-arvalstim","13":"tag-breaking-news","14":"tag-breakingnews","15":"tag-featured-news","16":"tag-featurednews","17":"tag-headlines","18":"tag-latest-news","19":"tag-latestnews","20":"tag-latvia","21":"tag-latvian","22":"tag-latviesu","23":"tag-latviesu-valoda","24":"tag-latviesuvaloda","25":"tag-latvija","26":"tag-lv","27":"tag-news","28":"tag-popularakas-zinas","29":"tag-popularakaszinas","30":"tag-slugmode","31":"tag-slugmodes-tendences","32":"tag-titlemode","33":"tag-titlemodes-tendences","34":"tag-top-stories","35":"tag-topstories","36":"tag-world","37":"tag-world-news","38":"tag-worldnews","39":"tag-zinas","40":"tag-zinas-no-arvalstim"},"share_on_mastodon":{"url":"","error":""},"_links":{"self":[{"href":"https:\/\/www.europesays.com\/lv\/wp-json\/wp\/v2\/posts\/21910","targetHints":{"allow":["GET"]}}],"collection":[{"href":"https:\/\/www.europesays.com\/lv\/wp-json\/wp\/v2\/posts"}],"about":[{"href":"https:\/\/www.europesays.com\/lv\/wp-json\/wp\/v2\/types\/post"}],"author":[{"embeddable":true,"href":"https:\/\/www.europesays.com\/lv\/wp-json\/wp\/v2\/users\/2"}],"replies":[{"embeddable":true,"href":"https:\/\/www.europesays.com\/lv\/wp-json\/wp\/v2\/comments?post=21910"}],"version-history":[{"count":0,"href":"https:\/\/www.europesays.com\/lv\/wp-json\/wp\/v2\/posts\/21910\/revisions"}],"wp:featuredmedia":[{"embeddable":true,"href":"https:\/\/www.europesays.com\/lv\/wp-json\/wp\/v2\/media\/21911"}],"wp:attachment":[{"href":"https:\/\/www.europesays.com\/lv\/wp-json\/wp\/v2\/media?parent=21910"}],"wp:term":[{"taxonomy":"category","embeddable":true,"href":"https:\/\/www.europesays.com\/lv\/wp-json\/wp\/v2\/categories?post=21910"},{"taxonomy":"post_tag","embeddable":true,"href":"https:\/\/www.europesays.com\/lv\/wp-json\/wp\/v2\/tags?post=21910"}],"curies":[{"name":"wp","href":"https:\/\/api.w.org\/{rel}","templated":true}]}}