{"id":21914,"date":"2025-10-15T19:20:19","date_gmt":"2025-10-15T19:20:19","guid":{"rendered":"https:\/\/www.europesays.com\/lv\/21914\/"},"modified":"2025-10-15T19:20:19","modified_gmt":"2025-10-15T19:20:19","slug":"igaunija-sledz-celu-pie-satses-zabaka-lente-lv","status":"publish","type":"post","link":"https:\/\/www.europesays.com\/lv\/21914\/","title":{"rendered":"Igaunija sl\u0113dz ce\u013cu pie &#8220;S\u0101tses z\u0101baka&#8221;\u00a0\u2014\u00a0Lente.lv"},"content":{"rendered":"<p>Igaunija sl\u0113dz ce\u013ca posmu pie &#8220;S\u0101tses z\u0101baka&#8221; pastiprin\u0101tas Krievijas milit\u0101r\u0101s aktivit\u0101tes d\u0113\u013c<\/p>\n<p>Igaunijas robe\u017esardze ir veikusi pagaidu satiksmes sl\u0113g\u0161anu uz ce\u013ca posma, kas paz\u012bstams k\u0101 &#8220;S\u0101tses z\u0101baks&#8221;. \u0160is l\u0113mums tika pie\u0146emts p\u0113c tam, kad tika nov\u0113rota neparasti liela Krievijas karav\u012bru kl\u0101tb\u016btne Krievijas teritorij\u0101, kas atrodas tie\u0161i pie Igaunijas robe\u017eas.<\/p>\n<p>Neparasta milit\u0101r\u0101 aktivit\u0101te un dro\u0161\u012bbas pas\u0101kumi<\/p>\n<p>Piektdienas vakar\u0101 Igaunijas policijas un robe\u017esardzes p\u0101rvalde (PPA) nol\u0113ma nekav\u0113joties uz laiku sl\u0113gt satiksmi caur unik\u0101lo teritoriju &#8220;S\u0101tses z\u0101baks&#8221;. \u0160\u012b \u0123eogr\u0101fiski Krievijai piedero\u0161\u0101, bet Igaunijas teritorij\u0101 iestiept\u0101 zemes str\u0113le, ko ikdien\u0101 izmanto viet\u0113jie iedz\u012bvot\u0101ji, k\u013cuva par dro\u0161\u012bbas pas\u0101kumu epicentru. Robe\u017esargi konstat\u0113ja iev\u0113rojami liel\u0101ku aktivit\u0101ti nek\u0101 ierasts, nov\u0113rojot da\u017e\u0101du bru\u0146otu grupu p\u0101rvieto\u0161anos Krievijas pus\u0113 pie robe\u017eas. K\u0101d\u0101 br\u012bd\u012b \u0161\u012bs personas, kas p\u0113c form\u0101m neatbilda robe\u017esardzes person\u0101lam, izveidoja rindu p\u0101ri ce\u013cam, radot iesp\u0113jamu draudu situ\u0101ciju. Lai nov\u0113rstu jebk\u0101das provok\u0101cijas, incidentus un garant\u0113tu Igaunijas iedz\u012bvot\u0101ju dro\u0161\u012bbu, tika lemts par satiksmes aptur\u0113\u0161anu ab\u0101s &#8220;S\u0101tses z\u0101baka&#8221; pus\u0113s.<\/p>\n<p>Situ\u0101cijas nov\u0113rt\u0113jums un turpm\u0101kie so\u013ci<\/p>\n<p>Lai gan s\u0101kotn\u0113j\u0101 situ\u0101cija rad\u012bja satraukumu, PPA publiskoja videoierakstu, kur\u0101 redzami septi\u0146i bru\u0146oti v\u012bri uz ce\u013ca. V\u0113l\u0101k tika zi\u0146ots, ka tie\u0161i draudi nav konstat\u0113ti un situ\u0101cija pierobe\u017e\u0101 ir mier\u012bga. Tom\u0113r satiksme caur &#8220;S\u0101tses z\u0101baku&#8221; pagaid\u0101m paliek sl\u0113gta, un tiek pl\u0101nots apvedce\u013ca izb\u016bves process, lai n\u0101kotn\u0113 \u0161o teritoriju var\u0113tu apiet. Igaunija ir piepras\u012bjusi no Krievijas skaidrojumus par nov\u0113roto pastiprin\u0101to aktivit\u0101ti, uz ko sa\u0146emta atbilde, ka Krievija veic &#8220;parast\u0101s darb\u012bbas&#8221;. \u0160is incidents uzsver nepiecie\u0161am\u012bbu p\u0113c past\u0101v\u012bgas gatav\u012bbas un dro\u0161\u012bbas pas\u0101kumu nodro\u0161in\u0101\u0161anas uz Igaunijas \u0101r\u0113j\u0101s robe\u017eas.<\/p>\n<p>Pla\u0161\u0101ks konteksts un dro\u0161\u012bbas perspekt\u012bvas<\/p>\n<p>\u0160is notikums notiek laik\u0101, kad Igaunijas \u0100r\u0113jais izl\u016bkdienests prognoz\u0113 Krievijas milit\u0101r\u0101 potenci\u0101la pieaugumu Baltijas j\u016bras re\u0123ion\u0101 tuv\u0101kajos gados. Lai gan pa\u0161laik tie\u0161s milit\u0101rs apdraud\u0113jums Igaunijai netiek prognoz\u0113ts, ir svar\u012bgi atz\u012bm\u0113t, ka Krievija arvien bie\u017e\u0101k demonstr\u0113 savu milit\u0101ro kl\u0101tb\u016btni un aktivit\u0101tes pie NATO dal\u012bbvalstu robe\u017e\u0101m. \u0160\u0101das provok\u0101cijas un neparastas milit\u0101r\u0101s aktivit\u0101tes, pat ja t\u0101s tiek raksturotas k\u0101 &#8220;parastas darb\u012bbas&#8221;, var rad\u012bt spriedzi un nepiecie\u0161am\u012bbu p\u0113c pastiprin\u0101tiem dro\u0161\u012bbas pas\u0101kumiem. Igaunijas amatpersonas uzsver, ka, lai gan tie\u0161a kara drauda nav, ir svar\u012bgi b\u016bt gataviem visiem iesp\u0113jamiem scen\u0101rijiem, un dro\u0161\u012bbas pas\u0101kumi, piem\u0113ram, ce\u013ca sl\u0113g\u0161ana, ir nepiecie\u0161ami, lai nodro\u0161in\u0101tu iedz\u012bvot\u0101ju dro\u0161\u012bbu un nov\u0113rstu potenci\u0101lus starpgad\u012bjumus.<\/p>\n","protected":false},"excerpt":{"rendered":"Igaunija sl\u0113dz ce\u013ca posmu pie &#8220;S\u0101tses z\u0101baka&#8221; pastiprin\u0101tas Krievijas milit\u0101r\u0101s aktivit\u0101tes d\u0113\u013c Igaunijas robe\u017esardze ir veikusi pagaidu satiksmes&hellip;\n","protected":false},"author":2,"featured_media":21915,"comment_status":"","ping_status":"","sticky":false,"template":"","format":"standard","meta":{"footnotes":""},"categories":[14],"tags":[23,57,28,29,32,33,22,73,234,30,31,35,39,38,36,37,34,40,6943,20,26,27,6542,6050,24,25,54,55,56,21,58],"class_list":{"0":"post-21914","1":"post","2":"type-post","3":"status-publish","4":"format-standard","5":"has-post-thumbnail","7":"category-zinas-no-arvalstim","8":"tag-aktualitates","9":"tag-arvalstim","10":"tag-breaking-news","11":"tag-breakingnews","12":"tag-featured-news","13":"tag-featurednews","14":"tag-headlines","15":"tag-igaunija","16":"tag-krievija","17":"tag-latest-news","18":"tag-latestnews","19":"tag-latvia","20":"tag-latvian","21":"tag-latviesu","22":"tag-latviesu-valoda","23":"tag-latviesuvaloda","24":"tag-latvija","25":"tag-lv","26":"tag-militara-aktivitate","27":"tag-news","28":"tag-popularakas-zinas","29":"tag-popularakaszinas","30":"tag-robezsardze","31":"tag-satses-zabaks","32":"tag-top-stories","33":"tag-topstories","34":"tag-world","35":"tag-world-news","36":"tag-worldnews","37":"tag-zinas","38":"tag-zinas-no-arvalstim"},"share_on_mastodon":{"url":"","error":""},"_links":{"self":[{"href":"https:\/\/www.europesays.com\/lv\/wp-json\/wp\/v2\/posts\/21914","targetHints":{"allow":["GET"]}}],"collection":[{"href":"https:\/\/www.europesays.com\/lv\/wp-json\/wp\/v2\/posts"}],"about":[{"href":"https:\/\/www.europesays.com\/lv\/wp-json\/wp\/v2\/types\/post"}],"author":[{"embeddable":true,"href":"https:\/\/www.europesays.com\/lv\/wp-json\/wp\/v2\/users\/2"}],"replies":[{"embeddable":true,"href":"https:\/\/www.europesays.com\/lv\/wp-json\/wp\/v2\/comments?post=21914"}],"version-history":[{"count":0,"href":"https:\/\/www.europesays.com\/lv\/wp-json\/wp\/v2\/posts\/21914\/revisions"}],"wp:featuredmedia":[{"embeddable":true,"href":"https:\/\/www.europesays.com\/lv\/wp-json\/wp\/v2\/media\/21915"}],"wp:attachment":[{"href":"https:\/\/www.europesays.com\/lv\/wp-json\/wp\/v2\/media?parent=21914"}],"wp:term":[{"taxonomy":"category","embeddable":true,"href":"https:\/\/www.europesays.com\/lv\/wp-json\/wp\/v2\/categories?post=21914"},{"taxonomy":"post_tag","embeddable":true,"href":"https:\/\/www.europesays.com\/lv\/wp-json\/wp\/v2\/tags?post=21914"}],"curies":[{"name":"wp","href":"https:\/\/api.w.org\/{rel}","templated":true}]}}