{"id":21916,"date":"2025-10-15T19:26:14","date_gmt":"2025-10-15T19:26:14","guid":{"rendered":"https:\/\/www.europesays.com\/lv\/21916\/"},"modified":"2025-10-15T19:26:14","modified_gmt":"2025-10-15T19:26:14","slug":"trampa-izteikumi-par-putinu-saniknojusi-kremli","status":"publish","type":"post","link":"https:\/\/www.europesays.com\/lv\/21916\/","title":{"rendered":"Trampa izteikumi par Putinu saniknoju\u0161i Kremli"},"content":{"rendered":"<p>P\u0113c vi\u0146a teikt\u0101, tie\u0161i \u0161\u012b iemesla d\u0113\u013c Krievija esot s\u0101kusi karu pret Ukrainu. Vi\u0146\u0161 ar\u012b piebilda, ka Kremlis esot \u201catv\u0113rts politiskam un diplom\u0101tiskam risin\u0101jumam\u201d, ta\u010du kara noregul\u0113juma temps esot pal\u0113nin\u0101jies Ukrainas d\u0113\u013c.<\/p>\n<p>\u201cTagad ar to ir probl\u0113mas, un t\u0101 nav m\u016bsu vaina. Kijivas re\u017e\u012bms tiek ik dienu provoc\u0113ts no Eiropas puses turpin\u0101t karadarb\u012bbu,\u201d apgalvoja Peskovs.<\/p>\n<p>Savuk\u0101rt 14. oktobr\u012b ASV prezidents Donalds Tramps pazi\u0146oja, ka Putinam beidzot \u201cb\u016btu j\u0101p\u0101rtrauc kar\u0161 ar Ukrainu\u201d. Tramps atzina, ka vi\u0146am esot biju\u0161as \u201c\u013coti labas attiec\u012bbas ar Putinu\u201d, ta\u010du nor\u0101d\u012bja \u2014 Krievijas l\u012bderis atsak\u0101s p\u0101rtraukt asinsizlie\u0161anu.<\/p>\n<p>ASV laikraksts The New York Times raksta, ka \u0161\u0101di Trampa izteikumi var\u0113tu liecin\u0101t par vi\u0146a gatav\u012bbu nodro\u0161in\u0101t Ukrainu ar \u201cTomahawk\u201d tipa ra\u0137et\u0113m.<\/p>\n<p>Putins savuk\u0101rt iebilst \u0161\u0101dam solim, uzsverot, ka tas b\u016btu \u201cjauns eskal\u0101cijas posms\u201d.<\/p>\n<p class=\"tv3-fw-500\">Zi\u0146o par k\u013c\u016bdu rakst\u0101<\/p>\n<p class=\"d-md-block d-none\">Iez\u012bm\u0113 k\u013c\u016bdaino tekstu un spied Ctrl+Enter.<\/p>\n<p class=\"d-md-none d-block\">Iez\u012bm\u0113 k\u013c\u016bdaino tekstu un zi\u0146o par to!<\/p>\n","protected":false},"excerpt":{"rendered":"P\u0113c vi\u0146a teikt\u0101, tie\u0161i \u0161\u012b iemesla d\u0113\u013c Krievija esot s\u0101kusi karu pret Ukrainu. Vi\u0146\u0161 ar\u012b piebilda, ka Kremlis&hellip;\n","protected":false},"author":2,"featured_media":21917,"comment_status":"","ping_status":"","sticky":false,"template":"","format":"standard","meta":{"footnotes":""},"categories":[14],"tags":[23,57,5511,28,29,32,33,22,30,31,35,39,38,36,37,34,40,20,26,27,24,25,54,55,56,21,58],"class_list":{"0":"post-21916","1":"post","2":"type-post","3":"status-publish","4":"format-standard","5":"has-post-thumbnail","7":"category-zinas-no-arvalstim","8":"tag-aktualitates","9":"tag-arvalstim","10":"tag-asvdonalds-trampskars-ukrainakrievijavladimirs-putins","11":"tag-breaking-news","12":"tag-breakingnews","13":"tag-featured-news","14":"tag-featurednews","15":"tag-headlines","16":"tag-latest-news","17":"tag-latestnews","18":"tag-latvia","19":"tag-latvian","20":"tag-latviesu","21":"tag-latviesu-valoda","22":"tag-latviesuvaloda","23":"tag-latvija","24":"tag-lv","25":"tag-news","26":"tag-popularakas-zinas","27":"tag-popularakaszinas","28":"tag-top-stories","29":"tag-topstories","30":"tag-world","31":"tag-world-news","32":"tag-worldnews","33":"tag-zinas","34":"tag-zinas-no-arvalstim"},"share_on_mastodon":{"url":"","error":""},"_links":{"self":[{"href":"https:\/\/www.europesays.com\/lv\/wp-json\/wp\/v2\/posts\/21916","targetHints":{"allow":["GET"]}}],"collection":[{"href":"https:\/\/www.europesays.com\/lv\/wp-json\/wp\/v2\/posts"}],"about":[{"href":"https:\/\/www.europesays.com\/lv\/wp-json\/wp\/v2\/types\/post"}],"author":[{"embeddable":true,"href":"https:\/\/www.europesays.com\/lv\/wp-json\/wp\/v2\/users\/2"}],"replies":[{"embeddable":true,"href":"https:\/\/www.europesays.com\/lv\/wp-json\/wp\/v2\/comments?post=21916"}],"version-history":[{"count":0,"href":"https:\/\/www.europesays.com\/lv\/wp-json\/wp\/v2\/posts\/21916\/revisions"}],"wp:featuredmedia":[{"embeddable":true,"href":"https:\/\/www.europesays.com\/lv\/wp-json\/wp\/v2\/media\/21917"}],"wp:attachment":[{"href":"https:\/\/www.europesays.com\/lv\/wp-json\/wp\/v2\/media?parent=21916"}],"wp:term":[{"taxonomy":"category","embeddable":true,"href":"https:\/\/www.europesays.com\/lv\/wp-json\/wp\/v2\/categories?post=21916"},{"taxonomy":"post_tag","embeddable":true,"href":"https:\/\/www.europesays.com\/lv\/wp-json\/wp\/v2\/tags?post=21916"}],"curies":[{"name":"wp","href":"https:\/\/api.w.org\/{rel}","templated":true}]}}