{"id":21948,"date":"2025-10-15T20:49:06","date_gmt":"2025-10-15T20:49:06","guid":{"rendered":"https:\/\/www.europesays.com\/lv\/21948\/"},"modified":"2025-10-15T20:49:06","modified_gmt":"2025-10-15T20:49:06","slug":"samsung-viedtalruni-drizuma-varetu-taupit-akumulatoru-bremzejot-interneta-atrumu-miega-laika-lente-lv-2","status":"publish","type":"post","link":"https:\/\/www.europesays.com\/lv\/21948\/","title":{"rendered":"Samsung viedt\u0101lru\u0146i dr\u012bzum\u0101 var\u0113tu taup\u012bt akumulatoru, bremz\u0113jot interneta \u0101trumu miega laik\u0101\u00a0\u2014\u00a0Lente.lv"},"content":{"rendered":"<p>Jauna funkcija Samsung viedt\u0101lru\u0146os: K\u0101 t\u0101 pal\u012bdz\u0113s ietaup\u012bt akumulatoru, iesp\u0113jams, bremz\u0113jot interneta savienojumu<\/p>\n<p>Nupat uzvirmoju\u0161as zi\u0146as par One UI 8.5 saskat\u012bto kodu liek dom\u0101t, ka Samsung gatavo interesantu inov\u0101ciju, kas paredz\u0113ta akumulatora taup\u012b\u0161anai, pat ja tas noz\u012bm\u0113tu nelielu interneta savienojuma veiktsp\u0113jas samazin\u0101jumu. \u0160\u012b jaun\u0101 funkcija, kas ieguvusi nosaukumu \u201cNetwork Battery Saver\u201d, tiek pl\u0101nota k\u0101 inteli\u0123ents risin\u0101jums, kas autom\u0101tiski aktiviz\u0113sies br\u012b\u017eos, kad viedt\u0101lrunis netiek akt\u012bvi lietots \u2013 piem\u0113ram, nakts stund\u0101s, kad miegs ir priorit\u0101te.<\/p>\n<p>K\u0101 \u201cNetwork Battery Saver\u201d darbosies?<\/p>\n<p>Saska\u0146\u0101 ar Android Authority sniegto inform\u0101ciju, \u201cNetwork Battery Saver\u201d izmantos \u201cPersonal Data Intelligence\u201d datus. \u0160\u012b sist\u0113ma, kas jau pa\u0161laik ir pieejama Samsung Galaxy viedt\u0101lru\u0146os un plan\u0161etdatoros, izmanto m\u0101ksl\u012bgo intelektu (MI) j\u016bsu aktivit\u0101\u0161u anal\u012bzei, lai sniegtu personaliz\u0113tus ieteikumus. Funkcija paredz, ka MI nov\u0113rt\u0113s j\u016bsu lieto\u0161anas paradumus un noteiks optim\u0101l\u0101kos br\u012b\u017eus, kad ierobe\u017eot t\u012bkla veiktsp\u0113ju, nepavisam netrauc\u0113jot j\u016bsu ikdienas gaitas. T\u0101d\u0113j\u0101di, kam\u0113r j\u016bs atp\u016b\u0161aties vai vienk\u0101r\u0161i nelietojat t\u0101lruni, tas gudri taup\u012bs ener\u0123iju, samazinot interneta datu pl\u016bsmas intensit\u0101ti. Tas ir k\u0101 pr\u0101t\u012bgs dienesta zirgs, kas zina, kad atp\u016bsties, lai b\u016btu gatavs darbam cit\u0101 laik\u0101.<\/p>\n<blockquote>\n<p>\u201cIetaupiet akumulatora ener\u0123iju, ierobe\u017eojot t\u012bkla veiktsp\u0113ju br\u012b\u017eos, kad t\u0101lrunis netiks lietots \u2013 piem\u0113ram, kad j\u016bs gu\u013cat.\u201d<\/p>\n<p>\u201cNetwork Battery Saver izmanto Personal Data Intelligence, lai noteiktu, kad piem\u0113rot t\u012bkla veiktsp\u0113jas ierobe\u017eojumus, piem\u0113ram, kad esat m\u0101j\u0101s vai kad, visticam\u0101k, nelietosiet t\u0101lruni. J\u016bs varat p\u0101rvald\u012bt lietotnes un pakalpojumus, kas izmanto Personal Data Intelligence, iestat\u012bjumos.\u201d<\/p>\n<p>\u201cLai izmantotu Network Battery Saver, iesp\u0113jojiet Personal Data Intelligence iestat\u012bjumos.\u201d<\/p>\n<\/blockquote>\n<p>Kas v\u0113l sagaid\u0101ms One UI 8.5 un Galaxy S26 s\u0113rij\u0101?<\/p>\n<p>One UI 8.5 versija, kas, visticam\u0101k, balst\u012bsies uz Android 16 QPR2, sola ne vien \u0161o jaunumu, bet ar\u012b citus interesantus uzlabojumus. Tiek prognoz\u0113ts, ka t\u0101 pied\u0101v\u0101s ar\u012b MI zi\u0146ojumu atskaites, kas lietot\u0101jiem dos v\u0113l lab\u0101ku priek\u0161statu par notieko\u0161o. Turkl\u0101t, run\u0101jot par n\u0101kotnes flagma\u0146iem, baumas liecina, ka Samsung Galaxy S26 Ultra var\u0113tu sa\u0146emt ieb\u016bv\u0113tu priv\u0101tuma ekr\u0101nu, kas pasarg\u0101s ier\u012bces saturu no zi\u0146k\u0101r\u012bgu acu skatieniem. Tas ir k\u0101 person\u012bgais \u201caizsargs\u201d j\u016bsu digit\u0101lajai pasaulei.<\/p>\n<p>Ofici\u0101l\u0101 prezent\u0101cija gaid\u0101ma kop\u0101 ar Galaxy S26 s\u0113riju 2026. gada febru\u0101r\u012b. \u0160\u012b jaun\u0101 ier\u012b\u010du paaudze, visticam\u0101k, piedz\u012bvos mode\u013cu skaita samazin\u0101jumu l\u012bdz trim, aizst\u0101jot \u201cPlus\u201d versiju ar \u201c\u012bpa\u0161i pl\u0101no\u201d Galaxy S26 Edge. Jaunumi tiks sagaid\u012bti ar\u012b akumulatoru jom\u0101 \u2013 ar jaun\u0101m baterij\u0101m un \u0101tr\u0101ku uzl\u0101di. Galaxy S26 Pro var lepoties ar 50 MP galveno sensoru, savuk\u0101rt CoE OLED pane\u013ci tiks apr\u012bkoti ar jaunu pretatsp\u012bdumu p\u0101rkl\u0101jumu. Nav izsl\u0113gts, ka k\u0101ds no jaunajiem Samsung viedt\u0101lru\u0146iem pat var\u0113tu sa\u0146emt uzreiz tr\u012bs akumulatorus, kas b\u016btu patie\u0161\u0101m iespaid\u012bgs solis ier\u012bces darb\u012bbas laika pagarin\u0101\u0161an\u0101.<\/p>\n","protected":false},"excerpt":{"rendered":"Jauna funkcija Samsung viedt\u0101lru\u0146os: K\u0101 t\u0101 pal\u012bdz\u0113s ietaup\u012bt akumulatoru, iesp\u0113jams, bremz\u0113jot interneta savienojumu Nupat uzvirmoju\u0161as zi\u0146as par One&hellip;\n","protected":false},"author":2,"featured_media":21949,"comment_status":"","ping_status":"","sticky":false,"template":"","format":"standard","meta":{"footnotes":""},"categories":[16],"tags":[6947,77,76,3382,35,39,38,36,37,34,40,6948,3338,911],"class_list":{"0":"post-21948","1":"post","2":"type-post","3":"status-publish","4":"format-standard","5":"has-post-thumbnail","7":"category-bizness","8":"tag-akumulatora-taupisana","9":"tag-bizness","10":"tag-business","11":"tag-interneta-atrums","12":"tag-latvia","13":"tag-latvian","14":"tag-latviesu","15":"tag-latviesu-valoda","16":"tag-latviesuvaloda","17":"tag-latvija","18":"tag-lv","19":"tag-one-ui-8-5","20":"tag-samsung","21":"tag-viedtalruni"},"share_on_mastodon":{"url":"","error":""},"_links":{"self":[{"href":"https:\/\/www.europesays.com\/lv\/wp-json\/wp\/v2\/posts\/21948","targetHints":{"allow":["GET"]}}],"collection":[{"href":"https:\/\/www.europesays.com\/lv\/wp-json\/wp\/v2\/posts"}],"about":[{"href":"https:\/\/www.europesays.com\/lv\/wp-json\/wp\/v2\/types\/post"}],"author":[{"embeddable":true,"href":"https:\/\/www.europesays.com\/lv\/wp-json\/wp\/v2\/users\/2"}],"replies":[{"embeddable":true,"href":"https:\/\/www.europesays.com\/lv\/wp-json\/wp\/v2\/comments?post=21948"}],"version-history":[{"count":0,"href":"https:\/\/www.europesays.com\/lv\/wp-json\/wp\/v2\/posts\/21948\/revisions"}],"wp:featuredmedia":[{"embeddable":true,"href":"https:\/\/www.europesays.com\/lv\/wp-json\/wp\/v2\/media\/21949"}],"wp:attachment":[{"href":"https:\/\/www.europesays.com\/lv\/wp-json\/wp\/v2\/media?parent=21948"}],"wp:term":[{"taxonomy":"category","embeddable":true,"href":"https:\/\/www.europesays.com\/lv\/wp-json\/wp\/v2\/categories?post=21948"},{"taxonomy":"post_tag","embeddable":true,"href":"https:\/\/www.europesays.com\/lv\/wp-json\/wp\/v2\/tags?post=21948"}],"curies":[{"name":"wp","href":"https:\/\/api.w.org\/{rel}","templated":true}]}}