{"id":21981,"date":"2025-10-15T21:22:13","date_gmt":"2025-10-15T21:22:13","guid":{"rendered":"https:\/\/www.europesays.com\/lv\/21981\/"},"modified":"2025-10-15T21:22:13","modified_gmt":"2025-10-15T21:22:13","slug":"stiprinas-latvijas-jaunuznemumu-un-asv-uznemeju-sadarbibu-dienas-bizness","status":"publish","type":"post","link":"https:\/\/www.europesays.com\/lv\/21981\/","title":{"rendered":"Stiprin\u0101s Latvijas jaunuz\u0146\u0113mumu un ASV uz\u0146\u0113m\u0113ju sadarb\u012bbu :: Dienas Bizness"},"content":{"rendered":"<p class=\"text-font font-size--text-xlarge margin-3--bottom font-weight--bold padding-1--top\">Jaunuz\u0146\u0113mumu un inform\u0101cijas tehnolo\u0123iju (IT) izgl\u012bt\u012bbas programma &#8220;StartSchool&#8221; un biedr\u012bba &#8220;Riga TechGirls&#8221; \u012bstenos programmu, kas sniegs uz\u0146\u0113m\u0113jiem iesp\u0113ju piedal\u012bties tie\u0161saistes darbn\u012bc\u0101s, mentoringa sesij\u0101s un t\u012bklo\u0161an\u0101s pas\u0101kumos kop\u0101 ar ASV biznesa jomas p\u0101rst\u0101vjiem, inform\u0113 &#8220;StartSchool&#8221; un &#8220;Riga TechGirls&#8221;.<\/p>\n<p class=\"text-font font-size--text-xlarge margin-3--bottom\">Programmas dal\u012bbnieki var\u0113s apg\u016bt zin\u0101\u0161anas par biznesa m\u0113rogo\u0161anu, investoru piesaisti un strat\u0113\u0123isku izaugsmes pl\u0101no\u0161anu, vienlaikus veidojot ilgtermi\u0146a sadarb\u012bbas kontaktus ar ASV.<\/p>\n<p class=\"text-font font-size--text-xlarge margin-3--bottom\">Latvijas jaunuz\u0146\u0113mumu p\u0101rst\u0101vji programmas \u012bsteno\u0161anas laik\u0101 se\u0161u m\u0113ne\u0161u garum\u0101 piedal\u012bsies tie\u0161saistes un kl\u0101tienes pas\u0101kumos, kuros l\u012bdzdarbosies ASV jaunuz\u0146\u0113mumu p\u0101rst\u0101vji, investori un politikas veidot\u0101ji.<\/p>\n<p class=\"text-font font-size--text-xlarge margin-3--bottom\">&#8220;Riga TechGirls&#8221; vad\u012bt\u0101ja un &#8220;StartSchool&#8221; l\u012bdzdibin\u0101t\u0101ja Anna Andersone nor\u0101da, ka programma sniedz iesp\u0113ju Latvijas jaunuz\u0146\u0113mumu kopienai iem\u0101c\u012bties dom\u0101t pla\u0161\u0101k, r\u012bkoties drosm\u012bg\u0101k un izmantot ASV un \u012bpa\u0161i Sil\u012bcija ielejas pieredzi, lai att\u012bst\u012btu savus uz\u0146\u0113mumus un idejas.<\/p>\n<p class=\"text-font font-size--text-xlarge margin-3--bottom\">Projekts norisin\u0101sies tr\u012bs f\u0101z\u0113s. Vispirms tiks \u012bstenota dal\u012bbnieku atlase, nodro\u0161inot inform\u0113t\u012bbu un piesaistot perspekt\u012bv\u0101kos jaunuz\u0146\u0113mumus. Otraj\u0101 posm\u0101 notiks zin\u0101\u0161anu p\u0101rnese un virtu\u0101l\u0101 iesaiste &#8211; regul\u0101ras tie\u0161saistes darbn\u012bcas ar ASV uz\u0146\u0113m\u0113jiem un investoriem, individu\u0101las mentoringa sesijas un citas aktivit\u0101tes. Tre\u0161aj\u0101 posm\u0101 tiks izv\u0113l\u0113tas perspekt\u012bv\u0101k\u0101s komandas, kas piedal\u012bsies virtu\u0101los investoru idejas prezent\u0101ciju pas\u0101kumos un partner\u012bbas iniciat\u012bv\u0101s, lai stiprin\u0101tu ilgtermi\u0146a sadarb\u012bbu starp Latvijas un ASV jaunuz\u0146\u0113mumu ekosist\u0113m\u0101m.<\/p>\n<p class=\"text-font font-size--text-xlarge margin-3--bottom\">Kopum\u0101 pl\u0101nots \u012bstenot vismaz 12 tie\u0161saistes darbn\u012bcas. Paral\u0113li notiks individu\u0101las mentoringa sesijas. Projekta rezult\u0101t\u0101 paredz\u0113ts izveidot vismaz tr\u012bs ilgtermi\u0146a partner\u012bbas starp Latvijas jaunuz\u0146\u0113mumiem un ASV investoriem vai akseleratoriem.<\/p>\n<p class=\"text-font font-size--text-xlarge margin-3--bottom\">Iniciat\u012bvu \u012bsteno &#8220;StartSchool&#8221; un &#8220;Riga TechGirls&#8221; sadarb\u012bb\u0101 ar ASV v\u0113stniec\u012bbu Latvij\u0101.<\/p>\n<p class=\"text-font font-size--text-xlarge margin-3--bottom\">&#8220;StartSchool&#8221; pied\u0101v\u0101 IT un jaunuz\u0146\u0113mumu izgl\u012bt\u012bbas programmu, kur\u0101 iesp\u0113jams apg\u016bt programm\u0113\u0161anas un tehnolo\u0123iju prasmes, jaunuz\u0146\u0113mumu un biznesa vad\u012bbu, probl\u0113mu risin\u0101\u0161anu un kritisko dom\u0101\u0161anu, komandas darbu, komunik\u0101ciju un citas prasmes.<\/p>\n<p class=\"text-font font-size--text-xlarge margin-3--bottom\">&#8220;Riga TechGirls&#8221; \u012bsteno digit\u0101lo prasmju apm\u0101c\u012bbas, mentoringa programmas un t\u012bklo\u0161an\u0101s pas\u0101kumus.<\/p>\n","protected":false},"excerpt":{"rendered":"Jaunuz\u0146\u0113mumu un inform\u0101cijas tehnolo\u0123iju (IT) izgl\u012bt\u012bbas programma &#8220;StartSchool&#8221; un biedr\u012bba &#8220;Riga TechGirls&#8221; \u012bstenos programmu, kas sniegs uz\u0146\u0113m\u0113jiem iesp\u0113ju&hellip;\n","protected":false},"author":2,"featured_media":21982,"comment_status":"","ping_status":"","sticky":false,"template":"","format":"standard","meta":{"footnotes":""},"categories":[5],"tags":[23,869,77,870,28,29,867,32,33,22,30,31,35,39,38,36,37,34,871,868,40,20,26,27,24,25,21],"class_list":{"0":"post-21981","1":"post","2":"type-post","3":"status-publish","4":"format-standard","5":"has-post-thumbnail","7":"category-aktualitates","8":"tag-aktualitates","9":"tag-biznesa-zinas","10":"tag-bizness","11":"tag-bizness-latvija","12":"tag-breaking-news","13":"tag-breakingnews","14":"tag-dienas-zinas","15":"tag-featured-news","16":"tag-featurednews","17":"tag-headlines","18":"tag-latest-news","19":"tag-latestnews","20":"tag-latvia","21":"tag-latvian","22":"tag-latviesu","23":"tag-latviesu-valoda","24":"tag-latviesuvaloda","25":"tag-latvija","26":"tag-latvijas-biznesa-zinas","27":"tag-latvijas-zinas","28":"tag-lv","29":"tag-news","30":"tag-popularakas-zinas","31":"tag-popularakaszinas","32":"tag-top-stories","33":"tag-topstories","34":"tag-zinas"},"share_on_mastodon":{"url":"","error":""},"_links":{"self":[{"href":"https:\/\/www.europesays.com\/lv\/wp-json\/wp\/v2\/posts\/21981","targetHints":{"allow":["GET"]}}],"collection":[{"href":"https:\/\/www.europesays.com\/lv\/wp-json\/wp\/v2\/posts"}],"about":[{"href":"https:\/\/www.europesays.com\/lv\/wp-json\/wp\/v2\/types\/post"}],"author":[{"embeddable":true,"href":"https:\/\/www.europesays.com\/lv\/wp-json\/wp\/v2\/users\/2"}],"replies":[{"embeddable":true,"href":"https:\/\/www.europesays.com\/lv\/wp-json\/wp\/v2\/comments?post=21981"}],"version-history":[{"count":0,"href":"https:\/\/www.europesays.com\/lv\/wp-json\/wp\/v2\/posts\/21981\/revisions"}],"wp:featuredmedia":[{"embeddable":true,"href":"https:\/\/www.europesays.com\/lv\/wp-json\/wp\/v2\/media\/21982"}],"wp:attachment":[{"href":"https:\/\/www.europesays.com\/lv\/wp-json\/wp\/v2\/media?parent=21981"}],"wp:term":[{"taxonomy":"category","embeddable":true,"href":"https:\/\/www.europesays.com\/lv\/wp-json\/wp\/v2\/categories?post=21981"},{"taxonomy":"post_tag","embeddable":true,"href":"https:\/\/www.europesays.com\/lv\/wp-json\/wp\/v2\/tags?post=21981"}],"curies":[{"name":"wp","href":"https:\/\/api.w.org\/{rel}","templated":true}]}}