{"id":22031,"date":"2025-10-16T00:07:09","date_gmt":"2025-10-16T00:07:09","guid":{"rendered":"https:\/\/www.europesays.com\/lv\/22031\/"},"modified":"2025-10-16T00:07:09","modified_gmt":"2025-10-16T00:07:09","slug":"jaudigaks-m5-dubults-komforts-un-tas-pats-3500-dolaru-cenu-zime-lente-lv","status":"publish","type":"post","link":"https:\/\/www.europesays.com\/lv\/22031\/","title":{"rendered":"jaud\u012bg\u0101ks M5, dubults komforts un tas pats 3500 dol\u0101ru cenu z\u012bme\u00a0\u2014\u00a0Lente.lv"},"content":{"rendered":"<p>Jaun\u0101 Apple Vision Pro: Spilgt\u0101ka realit\u0101te ar M5 un divk\u0101r\u0161u komfortu<\/p>\n<p>Apple ir publiskojis inform\u0101ciju par savu jaun\u0101ko vizu\u0101lo inov\u0101ciju \u2013 atjaunin\u0101to Vision Pro austi\u0146u. Neskatoties uz iev\u0113rojam\u0101m tehniskaj\u0101m uzlabojumiem, ra\u017eot\u0101js ir saglab\u0101jis iepriek\u0161\u0113jo cenas l\u012bmeni. \u0160is solis liecina par Apple ap\u0146em\u0161anos padar\u012bt \u0161o revolucion\u0101ro tehnolo\u0123iju pieejam\u0101ku un joproj\u0101m pozicion\u0113t to k\u0101 premium produktu.<\/p>\n<p>Veiktsp\u0113jas l\u0113ciens ar M5 un R1<\/p>\n<p>Sird\u012b jaun\u0101 Vision Pro m\u012bt jaud\u012bgais M5 mikros reach \u2013 procesors, kas nodro\u0161ina iespaid\u012bgu grafisko sniegumu. Pateicoties tam, tagad iesp\u0113jams att\u0113lot par 10% vair\u0101k pikse\u013cu uz OLED ekr\u0101niem, sniedzot v\u0113l as\u0101ku un detaliz\u0113t\u0101ku att\u0113lu. Papildus tam, atjaunin\u0101tais procesors sp\u0113j palielin\u0101t ekr\u0101na atsvaidzes intensit\u0101ti l\u012bdz pat 120 Hz, kas ir b\u016btisks uzlabojums sal\u012bdzin\u0101jum\u0101 ar iepriek\u0161\u0113jiem 100 Hz. Tas noz\u012bm\u0113 vienm\u0113r\u012bg\u0101ku kust\u012bbu un maz\u0101ku acu nogurumu ilgsto\u0161as lieto\u0161anas laik\u0101.<\/p>\n<p>\u012apa\u0161i iespaid\u012bgs ir m\u0101ksl\u012bg\u0101 intelekta (MI) funkciju pa\u0101trin\u0101jums. Funkcijas, piem\u0113ram, Personas (Persona) un telpisk\u0101s fotogr\u0101fijas (spatial photo), tagad darbojas l\u012bdz pat 50% \u0101tr\u0101k. Tas atver jaunas iesp\u0113jas interakt\u012bvai un personaliz\u0113tai pieredzei. M5 procesoram pievienojas speci\u0101li izstr\u0101d\u0101tais R1 mikros reach, kas ir atbild\u012bgs par milz\u012bgu datu pl\u016bsmu apstr\u0101di. Tas apvieno inform\u0101ciju no 12 kamer\u0101m, 5 sensoriem un 6 mikrofoniem, nodro\u0161inot neticami \u0101tru datu p\u0101rraidi uz displeju \u2013 vien 12 milisekund\u0113s. \u0160\u012b sinhroniz\u0101cija ir b\u016btiska, lai rad\u012btu il\u016bziju par re\u0101lu telpu un nep\u0101rtrauktu virtu\u0101lo pieredzi.<\/p>\n<p>Komforts un ergonomika: jaunais Dual Knit Band<\/p>\n<p>Apple ir piev\u0113rsis uzman\u012bbu ar\u012b lietot\u0101ju komfortam, pied\u0101v\u0101jot jauno Dual Knit Band \u2013 dubulto galvas siksnu. \u0160\u012b inovat\u012bv\u0101 dizaina iez\u012bme nodro\u0161ina v\u0113l dro\u0161\u0101ku un \u0113rt\u0101ku fiks\u0101ciju, sadalot svaru vienm\u0113r\u012bg\u0101k gan uz galvas aug\u0161da\u013cas, gan aizmugures. Tas ir noz\u012bm\u012bgs uzlabojums, \u012bpa\u0161i \u0146emot v\u0113r\u0101, ka pa\u0161as austi\u0146as ir k\u013cuvu\u0161as nedaudz smag\u0101kas, sasniedzot 750-800 gramus (par 150 gramiem vair\u0101k nek\u0101 iepriek\u0161). Jauno siksnu var\u0113s ieg\u0101d\u0101ties atsevi\u0161\u0137i ar\u012b Vision Pro pirm\u0101s paaudzes lietot\u0101ji.<\/p>\n<p>Darb\u012bbas laiks un pieejam\u012bba<\/p>\n<p>Baterijas darb\u012bbas laiks ir v\u0113l viens uzlabojums, kas pagarin\u0101ts par aptuveni 30 min\u016bt\u0113m. Kopum\u0101 Vision Pro tagad nodro\u0161ina l\u012bdz pat 2,5 stund\u0101m nep\u0101rtrauktas lieto\u0161anas, bet video atska\u0146o\u0161anas re\u017e\u012bm\u0101 \u2013 l\u012bdz 3 stund\u0101m. \u0160is uzlabojums \u013cauj lietot\u0101jiem ilg\u0101k baud\u012bt bag\u0101t\u012bgo virtu\u0101lo pieredzi bez nepiecie\u0161am\u012bbas bie\u017ei uzl\u0101d\u0113t ier\u012bci.<\/p>\n<p>Atjaunin\u0101t\u0101s Apple Vision Pro austi\u0146as b\u016bs pieejamas tirdzniec\u012bb\u0101 s\u0101kot ar 22. oktobri. S\u0101kotn\u0113j\u0101 versija ar 256 GB kr\u0101tuvi maks\u0101s no 3500 ASV dol\u0101riem. Pieejamas b\u016bs ar\u012b 512 GB un 1 TB ietilp\u012bbas varianti. Interesanti, ka Apple nav ieviesis tirdzniec\u012bbas mai\u0146as (trade-in) iesp\u0113ju Vision Pro, at\u0161\u0137ir\u012bb\u0101 no daudziem citiem saviem produktiem. \u0160is ir noz\u012bm\u012bgs fakts, kas j\u0101\u0146em v\u0113r\u0101 pirc\u0113jiem, kuri pl\u0101no atjaunot savu pa\u0161reiz\u0113jo modeli.<\/p>\n<p>Jaun\u0101 paaudze un Apple ekosist\u0113ma<\/p>\n<p>\u0160is atjaunin\u0101jums seko nesenajam jaunumu vilnim Apple ekosist\u0113m\u0101, ko papildina ar\u012b 14-collu MacBook Pro ar M5 procesoru, kas sola par 20% liel\u0101ku veiktsp\u0113ju par nemain\u012bgu cenu. \u0160\u012bs att\u012bst\u012bbas liecina par Apple nep\u0101rtraukto inov\u0101ciju politiku, cen\u0161oties sniegt lietot\u0101jiem lab\u0101ko iesp\u0113jamo pieredzi gan darba, gan izklaides jom\u0101.<\/p>\n","protected":false},"excerpt":{"rendered":"Jaun\u0101 Apple Vision Pro: Spilgt\u0101ka realit\u0101te ar M5 un divk\u0101r\u0161u komfortu Apple ir publiskojis inform\u0101ciju par savu jaun\u0101ko&hellip;\n","protected":false},"author":2,"featured_media":22032,"comment_status":"","ping_status":"","sticky":false,"template":"","format":"standard","meta":{"footnotes":""},"categories":[16],"tags":[6964,6961,77,76,35,39,38,36,37,34,40,6962,3237,6963],"class_list":{"0":"post-22031","1":"post","2":"type-post","3":"status-publish","4":"format-standard","5":"has-post-thumbnail","7":"category-bizness","8":"tag-apple-austinas","9":"tag-apple-vision-pro","10":"tag-bizness","11":"tag-business","12":"tag-latvia","13":"tag-latvian","14":"tag-latviesu","15":"tag-latviesu-valoda","16":"tag-latviesuvaloda","17":"tag-latvija","18":"tag-lv","19":"tag-m5-mikros-reach","20":"tag-mi-tehnologijas","21":"tag-virtuala-realitate"},"share_on_mastodon":{"url":"","error":""},"_links":{"self":[{"href":"https:\/\/www.europesays.com\/lv\/wp-json\/wp\/v2\/posts\/22031","targetHints":{"allow":["GET"]}}],"collection":[{"href":"https:\/\/www.europesays.com\/lv\/wp-json\/wp\/v2\/posts"}],"about":[{"href":"https:\/\/www.europesays.com\/lv\/wp-json\/wp\/v2\/types\/post"}],"author":[{"embeddable":true,"href":"https:\/\/www.europesays.com\/lv\/wp-json\/wp\/v2\/users\/2"}],"replies":[{"embeddable":true,"href":"https:\/\/www.europesays.com\/lv\/wp-json\/wp\/v2\/comments?post=22031"}],"version-history":[{"count":0,"href":"https:\/\/www.europesays.com\/lv\/wp-json\/wp\/v2\/posts\/22031\/revisions"}],"wp:featuredmedia":[{"embeddable":true,"href":"https:\/\/www.europesays.com\/lv\/wp-json\/wp\/v2\/media\/22032"}],"wp:attachment":[{"href":"https:\/\/www.europesays.com\/lv\/wp-json\/wp\/v2\/media?parent=22031"}],"wp:term":[{"taxonomy":"category","embeddable":true,"href":"https:\/\/www.europesays.com\/lv\/wp-json\/wp\/v2\/categories?post=22031"},{"taxonomy":"post_tag","embeddable":true,"href":"https:\/\/www.europesays.com\/lv\/wp-json\/wp\/v2\/tags?post=22031"}],"curies":[{"name":"wp","href":"https:\/\/api.w.org\/{rel}","templated":true}]}}