{"id":22039,"date":"2025-10-16T00:44:12","date_gmt":"2025-10-16T00:44:12","guid":{"rendered":"https:\/\/www.europesays.com\/lv\/22039\/"},"modified":"2025-10-16T00:44:12","modified_gmt":"2025-10-16T00:44:12","slug":"divainos-apstaklos-meza-atrod-viriesa-liki-un-lidz-navei-nosalusu-sievieti","status":"publish","type":"post","link":"https:\/\/www.europesays.com\/lv\/22039\/","title":{"rendered":"D\u012bvainos apst\u0101k\u013cos me\u017e\u0101 atrod v\u012brie\u0161a l\u012b\u0137i un l\u012bdz n\u0101vei nosalu\u0161u sievieti"},"content":{"rendered":"<p>Lietuv\u0101 noticis tra\u0123isks, ta\u010du ar\u012b visai mist\u0113risks gad\u012bjums \u2013 otrdienas vakar\u0101 me\u017e\u0101 pie Pakar\u010d\u016bnu&#13;<br \/>\nciema, \u0160au\u013cu rajon\u0101, atrasti 48 gadus veca v\u012brie\u0161a un 41 gadu vecas sievietes&#13;<br \/>\nl\u012b\u0137i, v\u0113sta port\u0101ls \u201cLrytas\u201d.<\/p>\n<p>P\u0101ri nejau\u0161i paman\u012bja gar\u0101mbrauco\u0161s \u0161oferis,&#13;<br \/>\nkur\u0161 nekav\u0113joties izsauca gl\u0101b\u0161anas dienestus. K\u0101 port\u0101lam nor\u0101d\u012bja \u0160au\u013cu&#13;<br \/>\napgabala galven\u0101s policijas p\u0101rvaldes vec\u0101k\u0101 speci\u0101liste Dovila Vaitek\u016bnaite,&#13;<br \/>\nce\u013c\u0161, kas ved cauri me\u017ea teritorijai, ir slidens un gr\u016bti izbraucams.<\/p>\n<p>\u0100tr\u0101s pal\u012bdz\u012bbas medi\u0137i notikuma viet\u0101 konstat\u0113ja v\u012brie\u0161a&#13;<br \/>\nn\u0101vi, bet sieviete, kura bija smagi nosalusi, tika nog\u0101d\u0101ta \u0160au\u013cu slimn\u012bc\u0101, kur&#13;<br \/>\naptuveni stundu v\u0113l\u0101k mira. Policija atrada ar\u012b p\u0101ra automa\u0161\u012bnu net\u0101lu no&#13;<br \/>\nnotikuma vietas.<\/p>\n<p>P\u0113c s\u0101kotn\u0113j\u0101s inform\u0101cijas uz abu \u0137erme\u0146iem nav konstat\u0113tas&#13;<br \/>\nvardarb\u012bbas paz\u012bmes, un \u0161obr\u012bd nav pier\u0101d\u012bjumu, kas liecin\u0101tu par pa\u0161n\u0101v\u012bbu.&#13;<br \/>\nIzmekl\u0113t\u0101ji p\u0101rbauda vair\u0101kas versijas, tostarp saind\u0113\u0161anos vai citus n\u0101ves&#13;<br \/>\nc\u0113lo\u0146us. Versija, ka abi b\u016btu bezpajumtnieki vai mekl\u0113ju\u0161i s\u0113nes un&#13;<br \/>\napmald\u012bju\u0161ies, ir noraid\u012bta \u2014 vi\u0146i dz\u012bvoju\u0161i \u0160au\u013cos un biju\u0161i past\u0101v\u012bgi&#13;<br \/>\niedz\u012bvot\u0101ji.<\/p>\n<p>Policija ir s\u0101kusi pirmstiesas izmekl\u0113\u0161anu, lai noteiktu&#13;<br \/>\nn\u0101ves c\u0113loni. K\u0101 nor\u0101da Vaitek\u016bnaite, ja tiks pier\u0101d\u012bts, ka n\u0101ve bijusi&#13;<br \/>\nvardarb\u012bga, lieta tiks p\u0101rkvalific\u0113ta par slepkav\u012bbu. Tiesu medic\u012bnas eksperti&#13;<br \/>\ntuv\u0101kaj\u0101 laik\u0101 sniegs secin\u0101jumus, kas pal\u012bdz\u0113s noskaidrot notiku\u0161\u0101 apst\u0101k\u013cus.<\/p>\n<p><img decoding=\"async\" src=\"https:\/\/www.europesays.com\/lv\/wp-content\/uploads\/2025\/10\/4d8654f8441d80d9c3794314748b61a7.jpg\" title=\"Att\u0113ls ilustrat\u012bvs. Foto: AP Photo\/Mindaugas Kulbis\" alt=\"Att\u0113ls ilustrat\u012bvs. Foto: AP Photo\/Mindaugas Kulbis\"\/><\/p>\n<p class=\"article-img-desc\">Att\u0113ls ilustrat\u012bvs. Foto: AP Photo\/Mindaugas Kulbis<\/p>\n","protected":false},"excerpt":{"rendered":"Lietuv\u0101 noticis tra\u0123isks, ta\u010du ar\u012b visai mist\u0113risks gad\u012bjums \u2013 otrdienas vakar\u0101 me\u017e\u0101 pie Pakar\u010d\u016bnu&#13; ciema, \u0160au\u013cu rajon\u0101, atrasti&hellip;\n","protected":false},"author":2,"featured_media":22040,"comment_status":"","ping_status":"","sticky":false,"template":"","format":"standard","meta":{"footnotes":""},"categories":[14],"tags":[129,3360,3733,23,57,28,29,32,33,22,30,31,35,39,38,36,37,34,40,20,26,27,3734,3361,3735,3362,24,25,54,55,56,21,58],"class_list":{"0":"post-22039","1":"post","2":"type-post","3":"status-publish","4":"format-standard","5":"has-post-thumbnail","7":"category-zinas-no-arvalstim","8":"tag-__typenameadvicekeyword","9":"tag-id789","10":"tag-id881","11":"tag-aktualitates","12":"tag-arvalstim","13":"tag-breaking-news","14":"tag-breakingnews","15":"tag-featured-news","16":"tag-featurednews","17":"tag-headlines","18":"tag-latest-news","19":"tag-latestnews","20":"tag-latvia","21":"tag-latvian","22":"tag-latviesu","23":"tag-latviesu-valoda","24":"tag-latviesuvaloda","25":"tag-latvija","26":"tag-lv","27":"tag-news","28":"tag-popularakas-zinas","29":"tag-popularakaszinas","30":"tag-slug112","31":"tag-sluglietuva","32":"tag-title112","33":"tag-titlelietuva","34":"tag-top-stories","35":"tag-topstories","36":"tag-world","37":"tag-world-news","38":"tag-worldnews","39":"tag-zinas","40":"tag-zinas-no-arvalstim"},"share_on_mastodon":{"url":"","error":""},"_links":{"self":[{"href":"https:\/\/www.europesays.com\/lv\/wp-json\/wp\/v2\/posts\/22039","targetHints":{"allow":["GET"]}}],"collection":[{"href":"https:\/\/www.europesays.com\/lv\/wp-json\/wp\/v2\/posts"}],"about":[{"href":"https:\/\/www.europesays.com\/lv\/wp-json\/wp\/v2\/types\/post"}],"author":[{"embeddable":true,"href":"https:\/\/www.europesays.com\/lv\/wp-json\/wp\/v2\/users\/2"}],"replies":[{"embeddable":true,"href":"https:\/\/www.europesays.com\/lv\/wp-json\/wp\/v2\/comments?post=22039"}],"version-history":[{"count":0,"href":"https:\/\/www.europesays.com\/lv\/wp-json\/wp\/v2\/posts\/22039\/revisions"}],"wp:featuredmedia":[{"embeddable":true,"href":"https:\/\/www.europesays.com\/lv\/wp-json\/wp\/v2\/media\/22040"}],"wp:attachment":[{"href":"https:\/\/www.europesays.com\/lv\/wp-json\/wp\/v2\/media?parent=22039"}],"wp:term":[{"taxonomy":"category","embeddable":true,"href":"https:\/\/www.europesays.com\/lv\/wp-json\/wp\/v2\/categories?post=22039"},{"taxonomy":"post_tag","embeddable":true,"href":"https:\/\/www.europesays.com\/lv\/wp-json\/wp\/v2\/tags?post=22039"}],"curies":[{"name":"wp","href":"https:\/\/api.w.org\/{rel}","templated":true}]}}