{"id":22056,"date":"2025-10-16T03:14:08","date_gmt":"2025-10-16T03:14:08","guid":{"rendered":"https:\/\/www.europesays.com\/lv\/22056\/"},"modified":"2025-10-16T03:14:08","modified_gmt":"2025-10-16T03:14:08","slug":"dabasgazes-cena-soziem-varetu-but-par-ceturtdalu-zemaka-neka-iepriekseja-apkures-sezona","status":"publish","type":"post","link":"https:\/\/www.europesays.com\/lv\/22056\/","title":{"rendered":"Dabasg\u0101zes cena \u0161oziem var\u0113tu b\u016bt par ceturtda\u013cu zem\u0101ka nek\u0101 iepriek\u0161\u0113j\u0101 apkures sezon\u0101"},"content":{"rendered":"<p>Dabasg\u0101zes cena ir atgriezusies 2021. gada l\u012bmen\u012b, un \u0161aj\u0101 ziem\u0101 t\u0101 var\u0113tu b\u016bt par 20-30% zem\u0101ka nek\u0101 iepriek\u0161\u0113j\u0101 apkures sezon\u0101, nor\u0101da ener\u0123\u0113tikas uz\u0146\u0113muma &#8220;Elenger&#8221; valdes priek\u0161s\u0113d\u0113t\u0101js D\u0101vis Skulte.<\/p>\n<p>P\u0113d\u0113jos tr\u012bs m\u0113ne\u0161os dabasg\u0101zes cena N\u012bderlandes TTF bir\u017e\u0101, kas ir galvenais Eiropas g\u0101zes cenu etalons, ir saglab\u0101jusies \u0161aur\u0101 diapazon\u0101 &#8211; starp 30 un 35 eiro par megavatstundu (MWh), kas apliecina tirgus stabilit\u0101ti, nor\u0101da Skulte, piebilstot, ka t\u0101 ir ne tikai par apm\u0113ram 13% zem\u0101ka nek\u0101 p\u0113rn \u0161aj\u0101 pa\u0161\u0101 laika posm\u0101, bet faktiski ir ar\u012b atgriezusies 2021. gada l\u012bmen\u012b, pirms Krievijas iebrukuma Ukrain\u0101.<\/p>\n<p>Skulte atz\u012bm\u0113, ka \u0161obr\u012bd ziemas prognoze ir labv\u0113l\u012bga pat\u0113r\u0113t\u0101jiem &#8211; &#8220;Elenger&#8221; apl\u0113ses liecina, ka, sal\u012bdzinot ar iepriek\u0161\u0113jo apkures sezonu, \u0161aj\u0101 ziem\u0101 g\u0101zes cenas b\u016bs v\u0113l par 20-30% zem\u0101kas. Piepras\u012bjums saglab\u0101jas stabils, kr\u0101jumi Eiropas kr\u0101tuv\u0113s ir pietiekam\u0101 l\u012bmen\u012b, un pieg\u0101des notiek bez trauc\u0113jumiem.<\/p>\n<p>&#8220;Tom\u0113r tirgus joproj\u0101m ir jut\u012bgs pret \u0101r\u0113jiem satricin\u0101jumiem. P\u0113k\u0161\u0146i laikapst\u0101k\u013cu pasliktin\u0101jumi Eirop\u0101 &#8211; \u012bpa\u0161i auksta vai ilgsto\u0161a ziema -, pieg\u0101des trauc\u0113jumi g\u0101zes termin\u0101\u013cos vai ieguves re\u0123ionos, k\u0101 ar\u012b \u0123eopolitiski notikumi ir faktori, kas var neparedz\u0113ti ietekm\u0113t g\u0101zes cenu dinamiku,&#8221; skaidro Skulte, piebilstot, ka \u0161is ir piem\u0113rots br\u012bdis pat\u0113r\u0113t\u0101jiem p\u0101rskat\u012bt savas izmaksas un apsv\u0113rt iesp\u0113ju fiks\u0113t cenu ilg\u0101kam periodam.<\/p>\n<p>Skulte nor\u0101da, ka, neskatoties uz to, ka Latvij\u0101 g\u0101zes tirgus ir atv\u0113rts jau 2,5 gadus un m\u0101jsaimniec\u012bbas var izv\u0113l\u0113ties pieg\u0101d\u0101t\u0101ju, joproj\u0101m var nov\u0113rot, ka da\u013ca iedz\u012bvot\u0101ju par \u0161o iesp\u0113ju nav inform\u0113ta. T\u0101pat daudzi klienti b\u016btiski p\u0101rmaks\u0101, jo nep\u0101rskata savus l\u012bgumus, bet autom\u0101tiski pagarina eso\u0161os, neizv\u0113rt\u0113jot alternat\u012bvus pied\u0101v\u0101jumus.<\/p>\n<p>&#8220;Elenger&#8221; apr\u0113\u0137ini r\u0101da, ka m\u0101jsaimniec\u012bbas ar vid\u0113ju g\u0101zes pat\u0113ri\u0146u, mainot pieg\u0101d\u0101t\u0101ju, \u0161aj\u0101 apkures sezon\u0101 var\u0113tu ietaup\u012bt aptuveni 200-300 eiro.<\/p>\n<p>Skulte ar\u012b pau\u017e, ka \u0161obr\u012bd nav redzamu paz\u012bmju, kas liecin\u0101tu par gaid\u0101mu b\u016btisku g\u0101zes cenu k\u0101pumu tuv\u0101kajos m\u0113ne\u0161os. Ar\u012b jaun\u0101k\u0101s meteorolo\u0123isk\u0101s prognozes liecina, ka gaid\u0101ma sal\u012bdzino\u0161i m\u0113rena ziema, kas pat\u0113r\u0113t\u0101jiem b\u016bs labv\u0113l\u012bga, jo \u013caus prec\u012bz\u0101k pl\u0101not apkures izmaksas.<\/p>\n<p>&#8220;Firmas.lv&#8221; inform\u0101cija liecina, ka &#8220;Elenger&#8221; apgroz\u012bjums pag\u0101ju\u0161aj\u0101 gad\u0101 bija 67,068 miljoni eiro, kas ir par 21,3% maz\u0101k nek\u0101 gadu iepriek\u0161, bet komp\u0101nijas pe\u013c\u0146a saruka par 49,1% un bija 1,97 miljoni eiro.<\/p>\n<p>&#8220;Elenger&#8221; re\u0123istr\u0113ta 2017. gad\u0101, un t\u0101 pamatkapit\u0101ls ir 2800 eiro. Komp\u0101nija pieder Igaunij\u0101 re\u0123istr\u0113tajai &#8220;Eesti Gaas&#8221;. Uz\u0146\u0113muma galvenie pieg\u0101des partneri ir starptautisk\u0101s ener\u0123\u0113tikas grupas &#8220;Vitol&#8221; un &#8220;Total&#8221;, k\u0101 ar\u012b Norv\u0113\u0123ijas izcelsmes komp\u0101nija &#8220;Equinor&#8221;.<\/p>\n","protected":false},"excerpt":{"rendered":"Dabasg\u0101zes cena ir atgriezusies 2021. gada l\u012bmen\u012b, un \u0161aj\u0101 ziem\u0101 t\u0101 var\u0113tu b\u016bt par 20-30% zem\u0101ka nek\u0101 iepriek\u0161\u0113j\u0101&hellip;\n","protected":false},"author":2,"featured_media":22057,"comment_status":"","ping_status":"","sticky":false,"template":"","format":"standard","meta":{"footnotes":""},"categories":[14],"tags":[129,3673,6984,3670,23,57,28,29,32,33,22,30,31,35,39,38,36,37,34,40,20,26,27,6985,6980,6982,6983,6986,6981,24,25,54,55,56,21,58],"class_list":{"0":"post-22056","1":"post","2":"type-post","3":"status-publish","4":"format-standard","5":"has-post-thumbnail","7":"category-zinas-no-arvalstim","8":"tag-__typenameadvicekeyword","9":"tag-id218","10":"tag-id614","11":"tag-id78","12":"tag-aktualitates","13":"tag-arvalstim","14":"tag-breaking-news","15":"tag-breakingnews","16":"tag-featured-news","17":"tag-featurednews","18":"tag-headlines","19":"tag-latest-news","20":"tag-latestnews","21":"tag-latvia","22":"tag-latvian","23":"tag-latviesu","24":"tag-latviesu-valoda","25":"tag-latviesuvaloda","26":"tag-latvija","27":"tag-lv","28":"tag-news","29":"tag-popularakas-zinas","30":"tag-popularakaszinas","31":"tag-slugdabasgaze","32":"tag-slugheat","33":"tag-slugutilities","34":"tag-title-utilities","35":"tag-titledabasgaze","36":"tag-titleheat","37":"tag-top-stories","38":"tag-topstories","39":"tag-world","40":"tag-world-news","41":"tag-worldnews","42":"tag-zinas","43":"tag-zinas-no-arvalstim"},"share_on_mastodon":{"url":"","error":""},"_links":{"self":[{"href":"https:\/\/www.europesays.com\/lv\/wp-json\/wp\/v2\/posts\/22056","targetHints":{"allow":["GET"]}}],"collection":[{"href":"https:\/\/www.europesays.com\/lv\/wp-json\/wp\/v2\/posts"}],"about":[{"href":"https:\/\/www.europesays.com\/lv\/wp-json\/wp\/v2\/types\/post"}],"author":[{"embeddable":true,"href":"https:\/\/www.europesays.com\/lv\/wp-json\/wp\/v2\/users\/2"}],"replies":[{"embeddable":true,"href":"https:\/\/www.europesays.com\/lv\/wp-json\/wp\/v2\/comments?post=22056"}],"version-history":[{"count":0,"href":"https:\/\/www.europesays.com\/lv\/wp-json\/wp\/v2\/posts\/22056\/revisions"}],"wp:featuredmedia":[{"embeddable":true,"href":"https:\/\/www.europesays.com\/lv\/wp-json\/wp\/v2\/media\/22057"}],"wp:attachment":[{"href":"https:\/\/www.europesays.com\/lv\/wp-json\/wp\/v2\/media?parent=22056"}],"wp:term":[{"taxonomy":"category","embeddable":true,"href":"https:\/\/www.europesays.com\/lv\/wp-json\/wp\/v2\/categories?post=22056"},{"taxonomy":"post_tag","embeddable":true,"href":"https:\/\/www.europesays.com\/lv\/wp-json\/wp\/v2\/tags?post=22056"}],"curies":[{"name":"wp","href":"https:\/\/api.w.org\/{rel}","templated":true}]}}