{"id":22060,"date":"2025-10-16T03:29:37","date_gmt":"2025-10-16T03:29:37","guid":{"rendered":"https:\/\/www.europesays.com\/lv\/22060\/"},"modified":"2025-10-16T03:29:37","modified_gmt":"2025-10-16T03:29:37","slug":"31-oktobri-hip-hops-vagonos-ods-i-mean-love-un-netirais300","status":"publish","type":"post","link":"https:\/\/www.europesays.com\/lv\/22060\/","title":{"rendered":"31. oktobr\u012b \u201cHip-hops Vagonos\u201d &#8211; Ods, I MEAN LOVE un netirais300"},"content":{"rendered":"<p>Helov\u012bna vakar\u0101, 31. oktobr\u012b, R\u012bgas centra industri\u0101l\u0101 koncertz\u0101le \u201cVagonu Halle\u201d tiks ieskandin\u0101da hip-hop m\u016bzikas ritmos koncert\u0101 \u201cHip-hops Vagonos\u201d un \u013caus skat\u012bt\u0101jiem izjust Latvijas hiphopa daudzveid\u012bbu. Uz skatuves k\u0101ps tr\u012bs da\u017e\u0101du hiphopa apak\u0161\u017eanru m\u0101kslinieki \u2013 Ods, I Mean Love un netirais300 \u2013 katrs ar savu stilu un vietu fanu sird\u012bs. <\/p>\n<p>Vakara gait\u0101 klaus\u012bt\u0101ji var\u0113s sagaid\u012bt ne vien individu\u0101lus priek\u0161nesumus, bet ar\u012b \u012bpa\u0161us viesus un vizu\u0101lus priek\u0161nesuma papildin\u0101jumus, kas uzburs \u012bstu Helov\u012bna atmosf\u0113ru. Vagonu Halles industri\u0101lais interjers, dzelzs sijas un betona sienas lieliski papildin\u0101s \u0161\u012b vakara atmosf\u0113ru.<\/p>\n<p class=\"has-text-align-center has-very-light-gray-background-color has-background\">31. oktobr\u012b \u00a0\u201cVagonu Hall\u0113\u201d, R\u012bg\u0101, (Vagonu iela 21) .\u00a0Koncerta s\u0101kums 20:00<\/p>\n<p><img loading=\"lazy\" decoding=\"async\" width=\"1000\" height=\"500\" src=\"https:\/\/www.europesays.com\/lv\/wp-content\/uploads\/2025\/10\/1000-x-500-px-FB-TOPS.png\" alt=\"\" class=\"wp-image-12499 lazyload\"  data- style=\"--smush-placeholder-width: 1000px; --smush-placeholder-aspect-ratio: 1000\/500;\"\/><\/p>\n<p>Ods ir v\u0101rds, ko zina teju katrs latvie\u0161u hiphopa m\u016bzikas klaus\u012bt\u0101js. Pla\u0161\u0101ku atpaz\u012bstam\u012bbu guvis piedaloties \u201c371 Battle\u201d un izdotot albumu \u201cNEST\u0100STI MAMMAI\u201d, \u0161\u012b gada pavasar\u012b reperis n\u0101cis klaj\u0101 ar savu tre\u0161o albumu \u201cTavai Zin\u0101\u0161anai Man Viss ir Labi\u201d. Ods sav\u0101 m\u016bzik\u0101 nebaid\u0101s run\u0101t par dz\u012bvi, s\u0101p\u0113m, cer\u012bb\u0101m, k\u0101 ar\u012b m\u012blest\u012bbu \u2013 par visu, kas padara cilv\u0113ku \u012bstu. Vi\u0146a koncertos vienm\u0113r valda \u012bpa\u0161a atmosf\u0113ra \u2013 mirk\u013ci, kad z\u0101le k\u013c\u016bst klusa un klaus\u012bt\u0101ji l\u012bdzp\u0101rdz\u012bvo ar m\u016bzi\u0137i, un br\u012b\u017ei, kuros ener\u0123ija p\u0101r\u0146em visu telpu. <\/p>\n<p>31.oktobra vakar\u0101 Ods izpild\u012bs gan klaus\u012bt\u0101ju iem\u012b\u013cotus, gan pavisam jaunus ska\u0146darbus, kuri v\u0113l tikai gaida savu pirmatska\u0146ojumu.<\/p>\n<p><img loading=\"lazy\" decoding=\"async\" width=\"683\" height=\"1024\" data-id=\"12501\" src=\"https:\/\/www.europesays.com\/lv\/wp-content\/uploads\/2025\/10\/DSC01250-683x1024.jpeg\" alt=\"\" class=\"wp-image-12501 lazyload\"  data- style=\"--smush-placeholder-width: 683px; --smush-placeholder-aspect-ratio: 683\/1024;\"\/>Foto: Rihards Gr\u012bnfogels<\/p>\n<p><img loading=\"lazy\" decoding=\"async\" width=\"683\" height=\"1024\" data-id=\"12500\" src=\"https:\/\/www.europesays.com\/lv\/wp-content\/uploads\/2025\/10\/AS9A1007-683x1024.jpeg\" alt=\"\" class=\"wp-image-12500 lazyload\"  data- style=\"--smush-placeholder-width: 683px; --smush-placeholder-aspect-ratio: 683\/1024;\"\/>Foto: Rihards Gr\u012bnfogels<\/p>\n<p>I MEAN LOVE ir paz\u012bstams ar atmosf\u0113risku, autentisku skan\u0113jumu un savos tekstos v\u0113r\u0161 uzman\u012bbu uz attiec\u012bb\u0101m ar sevi un vidi, run\u0101 par v\u0113rt\u012bb\u0101m, noz\u012bm\u012bg\u0101m dz\u012bves pieredz\u0113m un saj\u016bt\u0101m.<\/p>\n<blockquote class=\"wp-block-quote\">\n<p>Viss, kas mums atg\u0101dina, ka m\u0113s nekad nedr\u012bkstam atmest ar roku saviem m\u0113r\u0137iem un sap\u0146iem \u2013 viss ir man\u0101 m\u016bzik\u0101,<\/p>\n<p>saka I MEAN LOVE<\/p><\/blockquote>\n<p>M\u016bzi\u0137is ir piecu albumu autors, dai\u013crad\u0113 j\u016btamas R&amp;B, soul un neo-hip-hop ietekmes, I MEAN LOVE sp\u0113j p\u0101rsteigt ar sp\u0113ju savienot maigumu un sp\u0113ku vien\u0101 ska\u0146\u0101. Vagonu Hall\u0113 reperis rad\u012bs koncertpieredzi, kas ne tikai uzrun\u0101s ausis, bet ar\u012b dv\u0113seli.<\/p>\n<p><img loading=\"lazy\" decoding=\"async\" width=\"683\" height=\"1024\" data-id=\"12502\" src=\"https:\/\/www.europesays.com\/lv\/wp-content\/uploads\/2025\/10\/AS9A0334-683x1024.jpeg\" alt=\"\" class=\"wp-image-12502 lazyload\"  data- style=\"--smush-placeholder-width: 683px; --smush-placeholder-aspect-ratio: 683\/1024;\"\/>Foto: Rihards Gr\u012bnfogels<\/p>\n<p><img loading=\"lazy\" decoding=\"async\" width=\"1024\" height=\"683\" data-id=\"12503\" src=\"https:\/\/www.europesays.com\/lv\/wp-content\/uploads\/2025\/10\/AS9A0194-1024x683.jpeg\" alt=\"\" class=\"wp-image-12503 lazyload\"  data- style=\"--smush-placeholder-width: 1024px; --smush-placeholder-aspect-ratio: 1024\/683;\"\/>Foto: Rihards Gr\u012bnfogels<\/p>\n<p>netirais300 ir viens no \u0161\u012b br\u012b\u017ea spo\u017e\u0101kajiem Latvijas jaun\u0101s paaudzes hiphopa p\u0101rst\u0101vjiem, kas ar savu rado\u0161o br\u012bv\u012bbu ir uzspridzin\u0101jis pagr\u012bdes sc\u0113nu un ieguvis uztic\u012bgu sekot\u0101ju pulku. Vi\u0146\u0161 p\u0101rst\u0101v to paaudzi, kura nebaid\u0101s b\u016bt ska\u013ca, ironiska un provokat\u012bva, tom\u0113r vienm\u0113r patiesa. M\u016bzik\u0101 netirais300 bie\u017ei run\u0101 par to, ko redz ikdien\u0101 \u2013 par cilv\u0113kiem, kuri cen\u0161as izdz\u012bvot, par vil\u0161anos un triumfu, par dz\u012bves absurdiem un \u012bstiem br\u012b\u017eiem, kas notiek \u0101rpus skaistajiem filtriem. Repera dziesmas ir vienlaikus brut\u0101las un po\u0113tiskas \u2013 t\u0101s provoc\u0113, bet ar\u012b liek klaus\u012bt\u0101jam padom\u0101t, pasmaid\u012bt vai pat pasmieties pa\u0161am par sevi.<\/p>\n<p><img loading=\"lazy\" decoding=\"async\" width=\"683\" height=\"1024\" data-id=\"12505\" src=\"https:\/\/www.europesays.com\/lv\/wp-content\/uploads\/2025\/10\/DSC09839-2-683x1024.jpeg\" alt=\"\" class=\"wp-image-12505 lazyload\"  data- style=\"--smush-placeholder-width: 683px; --smush-placeholder-aspect-ratio: 683\/1024;\"\/>Foto: Rihards Gr\u012bnfogels<\/p>\n<p><img loading=\"lazy\" decoding=\"async\" width=\"576\" height=\"1024\" data-id=\"12504\" src=\"https:\/\/www.europesays.com\/lv\/wp-content\/uploads\/2025\/10\/DSC09325-576x1024.jpeg\" alt=\"\" class=\"wp-image-12504 lazyload\"  data- style=\"--smush-placeholder-width: 576px; --smush-placeholder-aspect-ratio: 576\/1024;\"\/>Foto: Rihards Gr\u012bnfogels<\/p>\n","protected":false},"excerpt":{"rendered":"Helov\u012bna vakar\u0101, 31. oktobr\u012b, R\u012bgas centra industri\u0101l\u0101 koncertz\u0101le \u201cVagonu Halle\u201d tiks ieskandin\u0101da hip-hop m\u016bzikas ritmos koncert\u0101 \u201cHip-hops Vagonos\u201d&hellip;\n","protected":false},"author":2,"featured_media":22061,"comment_status":"","ping_status":"","sticky":false,"template":"","format":"standard","meta":{"footnotes":""},"categories":[19],"tags":[89,6987,6988,6989,90,35,39,38,36,37,34,40,6990,6991,6992,6993],"class_list":{"0":"post-22060","1":"post","2":"type-post","3":"status-publish","4":"format-standard","5":"has-post-thumbnail","7":"category-izklaide","8":"tag-entertainment","9":"tag-halovins","10":"tag-helovins","11":"tag-i-mean-love","12":"tag-izklaide","13":"tag-latvia","14":"tag-latvian","15":"tag-latviesu","16":"tag-latviesu-valoda","17":"tag-latviesuvaloda","18":"tag-latvija","19":"tag-lv","20":"tag-nestasti-mammai","21":"tag-netirais300","22":"tag-ods","23":"tag-rita-saule"},"share_on_mastodon":{"url":"","error":""},"_links":{"self":[{"href":"https:\/\/www.europesays.com\/lv\/wp-json\/wp\/v2\/posts\/22060","targetHints":{"allow":["GET"]}}],"collection":[{"href":"https:\/\/www.europesays.com\/lv\/wp-json\/wp\/v2\/posts"}],"about":[{"href":"https:\/\/www.europesays.com\/lv\/wp-json\/wp\/v2\/types\/post"}],"author":[{"embeddable":true,"href":"https:\/\/www.europesays.com\/lv\/wp-json\/wp\/v2\/users\/2"}],"replies":[{"embeddable":true,"href":"https:\/\/www.europesays.com\/lv\/wp-json\/wp\/v2\/comments?post=22060"}],"version-history":[{"count":0,"href":"https:\/\/www.europesays.com\/lv\/wp-json\/wp\/v2\/posts\/22060\/revisions"}],"wp:featuredmedia":[{"embeddable":true,"href":"https:\/\/www.europesays.com\/lv\/wp-json\/wp\/v2\/media\/22061"}],"wp:attachment":[{"href":"https:\/\/www.europesays.com\/lv\/wp-json\/wp\/v2\/media?parent=22060"}],"wp:term":[{"taxonomy":"category","embeddable":true,"href":"https:\/\/www.europesays.com\/lv\/wp-json\/wp\/v2\/categories?post=22060"},{"taxonomy":"post_tag","embeddable":true,"href":"https:\/\/www.europesays.com\/lv\/wp-json\/wp\/v2\/tags?post=22060"}],"curies":[{"name":"wp","href":"https:\/\/api.w.org\/{rel}","templated":true}]}}