{"id":22062,"date":"2025-10-16T03:31:08","date_gmt":"2025-10-16T03:31:08","guid":{"rendered":"https:\/\/www.europesays.com\/lv\/22062\/"},"modified":"2025-10-16T03:31:08","modified_gmt":"2025-10-16T03:31:08","slug":"jaunais-macbook-pro-sola-par-20-lielaku-veiktspeju-par-tadu-pasu-cenu-lente-lv","status":"publish","type":"post","link":"https:\/\/www.europesays.com\/lv\/22062\/","title":{"rendered":"Jaunais MacBook Pro sola par 20% liel\u0101ku veiktsp\u0113ju par t\u0101du pa\u0161u cenu\u00a0\u2014\u00a0Lente.lv"},"content":{"rendered":"<p>Jaun\u0101k\u0101 Apple inov\u0101cija: MacBook Pro ar M5 mikrosh\u0113mu sola iespaid\u012bgu veiktsp\u0113jas k\u0101pumu<\/p>\n<p>Apple ir sar\u012bkojis iespaid\u012bgu tehnolo\u0123iju demonstr\u0113jumu, atkl\u0101jot veselu saimi jaunu produktu, ko darbina visjaun\u0101k\u0101 M5 mikrosh\u0113ma. \u0160oreiz gan tas nav tikai viens atsevi\u0161\u0137s debijas modelis, bet gan vesela virkne noz\u012bm\u012bgu ier\u012b\u010du \u2013 14 collu MacBook Pro, iPad Pro un pat atjaunin\u0101t\u0101 Vision Pro virtu\u0101l\u0101s realit\u0101tes brilles. Jaunais MacBook Pro tiek d\u0113v\u0113ts par \u00abn\u0101kamo lielo l\u0113cienu m\u0101ksl\u012bg\u0101 intelekta (MI) jom\u0101 Mac datoriem\u00bb, un tam ir nopietns pamats \u2013 jaud\u012bg\u0101k\u0101 Apple mikrosh\u0113ma, kas sola tr\u012bsk\u0101rt liel\u0101ku veiktsp\u0113ju tie\u0161i MI uzdevumos, sal\u012bdzinot ar iepriek\u0161\u0113jo M4. Tas ir k\u0101 jauns pagrieziena punkts person\u0101lo datoru att\u012bst\u012bb\u0101.<\/p>\n<p>Radik\u0101ls veiktsp\u0113jas un grafikas uzlabojums<\/p>\n<p>Jaun\u0101 M5 mikrosh\u0113ma ar 10 grafiskajiem kodoliem un \u012bpa\u0161i jaud\u012bgiem neironu pa\u0101trin\u0101t\u0101jiem nodro\u0161ina l\u012bdz pat 1,6 reiz\u0113m liel\u0101ku kadru nomai\u0146as \u0101trumu sp\u0113l\u0113s, sal\u012bdzinot ar priek\u0161g\u0101j\u0113ju. Tas noz\u012bm\u0113 glud\u0101ku un iespaid\u012bg\u0101ku vizu\u0101lo pieredzi gan darba, gan izklaides vajadz\u012bb\u0101m. Papildus tam desmit kodolu centr\u0101lais procesors (CPU) sniedz l\u012bdz pat 20% uzlabojumu daudzkodolu veiktsp\u0113j\u0101, \u013caujot lietot\u0101jiem paveikt vair\u0101k uzdevumu vienlaic\u012bgi un strauj\u0101k. \u0160is ir b\u016btisks solis uz priek\u0161u ikdienas darba pl\u016bsm\u0101, liekot vecajiem mode\u013ciem izskat\u012bties k\u0101 \u012bsteniem reliktiem.<\/p>\n<p>Kr\u0101tuves un datu apstr\u0101des jaunumi<\/p>\n<p>Dramatiski uzlabota ir ar\u012b datu uzglab\u0101\u0161anas un apstr\u0101des efektivit\u0101te. Jaunais MacBook Pro M5 sa\u0146\u0113mis divk\u0101rt jaud\u012bg\u0101ku SSD atmi\u0146u, kas kop\u0101 ar divk\u0101rt palielin\u0101to maksim\u0101lo kr\u0101tuves ietilp\u012bbu l\u012bdz pat 4 TB (iepriek\u0161 maksimums bija 2 TB) \u013cauj str\u0101d\u0101t ar v\u0113l liel\u0101kiem datu apjomiem un nodro\u0161ina ziben\u012bgu piek\u013cuvi failiem. Ar\u012b atmi\u0146as joslas platums ir palielin\u0101ts l\u012bdz 153 GB\/s, sal\u012bdzin\u0101jum\u0101 ar iepriek\u0161\u0113jiem 120 GB\/s, kas kopum\u0101 sniedz iev\u0113rojami \u0101tr\u0101ku datu apstr\u0101di. Apple pied\u0101v\u0101 konfigur\u0101cijas ar 16 GB vai 24 GB operat\u012bvo atmi\u0146u, nodro\u0161inot jaud\u012bgu veiktsp\u0113ju pat vispras\u012bg\u0101kajiem uzdevumiem.<\/p>\n<p>Akumulatora darb\u012bbas laiks un citas funkcijas<\/p>\n<p>Neskatoties uz iespaid\u012bgo veiktsp\u0113jas pieaugumu, Apple ir saglab\u0101jis \u00abfenomen\u0101lu darb\u012bbas laiku l\u012bdz pat 24 stund\u0101m\u00bb, padarot \u0161o MacBook Pro par uzticamu kompanjonu visai dienai. Ier\u012bces ekr\u0101ns joproj\u0101m priec\u0113 ar \u00abbr\u012bni\u0161\u0137\u012bgu Liquid Retina XDR displeju\u00bb un iesp\u0113ju izv\u0113l\u0113ties nano tekst\u016bras apdari, kas samazina atsp\u012bdumu. Tiek izcelta ar\u012b 12 MP Center Stage kamera, se\u0161u ska\u013cru\u0146u ska\u0146u sist\u0113ma un pla\u0161ais savienojumu kl\u0101sts. Kopum\u0101 \u0161\u012bs funkcijas, apvienojum\u0101 ar Apple Intelligence iesp\u0113j\u0101m un jauno macOS Tahoe oper\u0113t\u0101jsist\u0113mu, sola nep\u0101rsp\u0113jamu lietot\u0101ja pieredzi.<\/p>\n<p>Pieejam\u012bba un cenas politika<\/p>\n<p>Jaunais MacBook Pro M5 jau ir pieejams pas\u016bt\u012b\u0161anai, un kas pat\u012bkami, t\u0101 s\u0101kuma cena ir palikusi nemain\u012bga \u2013 1599 USD, t\u0101pat k\u0101 t\u0101 priek\u0161g\u0101j\u0113jam. Tie\u0161\u0101 tirdzniec\u012bba s\u0101ksies tre\u0161dien, 22. oktobr\u012b. Lai gan s\u0101kotn\u0113ji bija baumas par iesp\u0113jamu kr\u0101su pied\u0101v\u0101juma papla\u0161in\u0101\u0161anu, jaunais modelis pieejams ierastajos melnaj\u0101 un sudrabainaj\u0101 kr\u0101s\u0101, saglab\u0101jot klasisko Apple dizaina est\u0113tiku. \u0160\u012b pieejam\u012bbas un cenas strat\u0113\u0123ija liecina par Apple v\u0113lmi padar\u012bt jaun\u0101k\u0101s tehnolo\u0123ijas pieejam\u0101kas pla\u0161\u0101kam lietot\u0101ju lokam, vienlaikus nepak\u013caujoties spiedienam paaugstin\u0101t cenas vienk\u0101r\u0161i jaunin\u0101jumu d\u0113\u013c.<\/p>\n","protected":false},"excerpt":{"rendered":"Jaun\u0101k\u0101 Apple inov\u0101cija: MacBook Pro ar M5 mikrosh\u0113mu sola iespaid\u012bgu veiktsp\u0113jas k\u0101pumu Apple ir sar\u012bkojis iespaid\u012bgu tehnolo\u0123iju demonstr\u0113jumu,&hellip;\n","protected":false},"author":2,"featured_media":22063,"comment_status":"","ping_status":"","sticky":false,"template":"","format":"standard","meta":{"footnotes":""},"categories":[16],"tags":[6995,77,76,35,39,38,36,37,34,40,6573,6994,6996,6523],"class_list":{"0":"post-22062","1":"post","2":"type-post","3":"status-publish","4":"format-standard","5":"has-post-thumbnail","7":"category-bizness","8":"tag-apple-jaunumi","9":"tag-bizness","10":"tag-business","11":"tag-latvia","12":"tag-latvian","13":"tag-latviesu","14":"tag-latviesu-valoda","15":"tag-latviesuvaloda","16":"tag-latvija","17":"tag-lv","18":"tag-m5-mikroshema","19":"tag-macbook-pro-m5","20":"tag-portativie-datori","21":"tag-tehnologiju-jaunumi"},"share_on_mastodon":{"url":"","error":""},"_links":{"self":[{"href":"https:\/\/www.europesays.com\/lv\/wp-json\/wp\/v2\/posts\/22062","targetHints":{"allow":["GET"]}}],"collection":[{"href":"https:\/\/www.europesays.com\/lv\/wp-json\/wp\/v2\/posts"}],"about":[{"href":"https:\/\/www.europesays.com\/lv\/wp-json\/wp\/v2\/types\/post"}],"author":[{"embeddable":true,"href":"https:\/\/www.europesays.com\/lv\/wp-json\/wp\/v2\/users\/2"}],"replies":[{"embeddable":true,"href":"https:\/\/www.europesays.com\/lv\/wp-json\/wp\/v2\/comments?post=22062"}],"version-history":[{"count":0,"href":"https:\/\/www.europesays.com\/lv\/wp-json\/wp\/v2\/posts\/22062\/revisions"}],"wp:featuredmedia":[{"embeddable":true,"href":"https:\/\/www.europesays.com\/lv\/wp-json\/wp\/v2\/media\/22063"}],"wp:attachment":[{"href":"https:\/\/www.europesays.com\/lv\/wp-json\/wp\/v2\/media?parent=22062"}],"wp:term":[{"taxonomy":"category","embeddable":true,"href":"https:\/\/www.europesays.com\/lv\/wp-json\/wp\/v2\/categories?post=22062"},{"taxonomy":"post_tag","embeddable":true,"href":"https:\/\/www.europesays.com\/lv\/wp-json\/wp\/v2\/tags?post=22062"}],"curies":[{"name":"wp","href":"https:\/\/api.w.org\/{rel}","templated":true}]}}