{"id":22094,"date":"2025-10-16T04:23:07","date_gmt":"2025-10-16T04:23:07","guid":{"rendered":"https:\/\/www.europesays.com\/lv\/22094\/"},"modified":"2025-10-16T04:23:07","modified_gmt":"2025-10-16T04:23:07","slug":"riga-pie-gunara-astras-pieminekla-notiks-valsts-valodas-dienai-veltits-pasakums","status":"publish","type":"post","link":"https:\/\/www.europesays.com\/lv\/22094\/","title":{"rendered":"R\u012bg\u0101 pie Gun\u0101ra Astras pieminek\u013ca notiks Valsts valodas dienai velt\u012bts pas\u0101kums"},"content":{"rendered":"<p>R\u012bdziniekus uzrun\u0101s Latvijas sociolingvisti, v\u0113sturnieki, intelektu\u0101\u013ci. Piecu min\u016b\u0161u uzrunas b\u016bs publiska refleksija par latvie\u0161u valodas noz\u012bmi valst\u012b un ikviena Latvijas pilso\u0146a un past\u0101v\u012bg\u0101 iedz\u012bvot\u0101ja dz\u012bv\u0113.<\/p>\n<p>Pas\u0101kum\u0101 uzrunas teiks Li\u0101na Langa, Edvards Ratnieks, Ilze Laila Purmaliete, Ina Druviete, Viktorija Pritu\u013caka, Jan\u012bna Kurs\u012bte, Marts Gulbis, Anita Skalberga, M\u0101ris Mi\u010derevskis un citi.<\/p>\n<p>Lai god\u0101tu latvie\u0161u valodu k\u0101 vien\u012bgo valsts valodu Latvij\u0101, sv\u0113tku, atceres un atz\u012bm\u0113jamo dienu kalend\u0101r\u0101 p\u0113c Valsts prezidenta Egila Levita ierosin\u0101juma 15. oktobr\u012b tiek svin\u0113ta Valsts valodas diena. \u0160is datums izv\u0113l\u0113ts, jo 1998. gada 15. oktobr\u012b Satversmes 4. pant\u0101 tika nostiprin\u0101ta valsts konstitucion\u0101l\u0101 v\u0113rt\u012bba.<\/p>\n","protected":false},"excerpt":{"rendered":"R\u012bdziniekus uzrun\u0101s Latvijas sociolingvisti, v\u0113sturnieki, intelektu\u0101\u013ci. Piecu min\u016b\u0161u uzrunas b\u016bs publiska refleksija par latvie\u0161u valodas noz\u012bmi valst\u012b un&hellip;\n","protected":false},"author":2,"featured_media":22095,"comment_status":"","ping_status":"","sticky":false,"template":"","format":"standard","meta":{"footnotes":""},"categories":[12],"tags":[23,28,29,32,33,7001,22,30,31,35,39,38,36,37,34,40,20,26,27,24,25,3620,21],"class_list":{"0":"post-22094","1":"post","2":"type-post","3":"status-publish","4":"format-standard","5":"has-post-thumbnail","7":"category-latvija","8":"tag-aktualitates","9":"tag-breaking-news","10":"tag-breakingnews","11":"tag-featured-news","12":"tag-featurednews","13":"tag-gunars-astra","14":"tag-headlines","15":"tag-latest-news","16":"tag-latestnews","17":"tag-latvia","18":"tag-latvian","19":"tag-latviesu","20":"tag-latviesu-valoda","21":"tag-latviesuvaloda","22":"tag-latvija","23":"tag-lv","24":"tag-news","25":"tag-popularakas-zinas","26":"tag-popularakaszinas","27":"tag-top-stories","28":"tag-topstories","29":"tag-valsts-valoda","30":"tag-zinas"},"share_on_mastodon":{"url":"","error":""},"_links":{"self":[{"href":"https:\/\/www.europesays.com\/lv\/wp-json\/wp\/v2\/posts\/22094","targetHints":{"allow":["GET"]}}],"collection":[{"href":"https:\/\/www.europesays.com\/lv\/wp-json\/wp\/v2\/posts"}],"about":[{"href":"https:\/\/www.europesays.com\/lv\/wp-json\/wp\/v2\/types\/post"}],"author":[{"embeddable":true,"href":"https:\/\/www.europesays.com\/lv\/wp-json\/wp\/v2\/users\/2"}],"replies":[{"embeddable":true,"href":"https:\/\/www.europesays.com\/lv\/wp-json\/wp\/v2\/comments?post=22094"}],"version-history":[{"count":0,"href":"https:\/\/www.europesays.com\/lv\/wp-json\/wp\/v2\/posts\/22094\/revisions"}],"wp:featuredmedia":[{"embeddable":true,"href":"https:\/\/www.europesays.com\/lv\/wp-json\/wp\/v2\/media\/22095"}],"wp:attachment":[{"href":"https:\/\/www.europesays.com\/lv\/wp-json\/wp\/v2\/media?parent=22094"}],"wp:term":[{"taxonomy":"category","embeddable":true,"href":"https:\/\/www.europesays.com\/lv\/wp-json\/wp\/v2\/categories?post=22094"},{"taxonomy":"post_tag","embeddable":true,"href":"https:\/\/www.europesays.com\/lv\/wp-json\/wp\/v2\/tags?post=22094"}],"curies":[{"name":"wp","href":"https:\/\/api.w.org\/{rel}","templated":true}]}}