{"id":22098,"date":"2025-10-16T04:26:07","date_gmt":"2025-10-16T04:26:07","guid":{"rendered":"https:\/\/www.europesays.com\/lv\/22098\/"},"modified":"2025-10-16T04:26:07","modified_gmt":"2025-10-16T04:26:07","slug":"ronaldu-kartejais-rekords-portugalei-neizskirts-maca-pret-ungariju","status":"publish","type":"post","link":"https:\/\/www.europesays.com\/lv\/22098\/","title":{"rendered":"Ronaldu k\u0101rt\u0113jais rekords; Portug\u0101lei neiz\u0161\u0137irts ma\u010d\u0101 pret Ung\u0101riju"},"content":{"rendered":"<p>P\u0113c \u010detr\u0101m sp\u0113\u013cu k\u0101rt\u0101m E grup\u0101 Sp\u0101nijai ir 12 punkti, Turcijai &#8211; devi\u0146i, Gruzijai &#8211; tr\u012bs punkti, bet bez punktiem ir Bulg\u0101rija.<\/p>\n<p>I grup\u0101 It\u0101lija ar 3:0 (1:0) sagr\u0101va Izra\u0113lu.<\/p>\n<p>Divus v\u0101rtus guva Mateo Retegi, pirmos g\u016bstot ar 11 metru soda sitienu, bet v\u0113l vienus v\u0101rtus iesita D\u017eanluka Man\u010d\u012bni.<\/p>\n<p>Jau zi\u0146ots, ka otr\u0101 grupas sp\u0113l\u0113 otrdien Igaunija m\u0101j\u0101s sp\u0113l\u0113ja 1:1 ar Moldovu.<\/p>\n<p>I grup\u0101 Norv\u0113\u0123ijai se\u0161\u0101s sp\u0113l\u0113s ir 18 punkti, bet It\u0101lijai &#8211; 15 punkti, Izra\u0113lai septi\u0146\u0101s sp\u0113l\u0113s ir devi\u0146i punkti, Igaunijai &#8211; \u010detri punkti, bet Moldova se\u0161os ma\u010dos ir tikusi pie viena punkta.<\/p>\n<p>Jau zi\u0146ots, ka K grupas ma\u010d\u0101 Daugavas stadion\u0101 R\u012bg\u0101 Latvijas izlase ar 0:5 (0:3) zaud\u0113ja Anglijai, kas iek\u013cuva fin\u0101lturn\u012br\u0101, bet otr\u0101 grupas sp\u0113l\u0113 Andora sav\u0101 laukum\u0101 ar 1:3 (1:1) zaud\u0113ja Serbijai.<\/p>\n<p>Kvalifik\u0101cijas K grupas l\u012bdere ar 18 punktiem se\u0161\u0101s c\u012b\u0146\u0101s ir Anglija, kas otrdien nodro\u0161in\u0101ja dal\u012bbu fin\u0101lturn\u012br\u0101, Alb\u0101nijai ir 11, bet Serbijai &#8211; desmit punkti. Septi\u0146os ma\u010dos Latvijas futbolisti ir sakr\u0101ju\u0161i piecus punktus, bet Andora &#8211; vienu punktu.<\/p>\n<p>Pasaules kausa fin\u0101lturn\u012brs Kan\u0101d\u0101, Meksik\u0101 un ASV norisin\u0101sies 2026. gada j\u016bnij\u0101 un j\u016blij\u0101.<\/p>\n<p>Fin\u0101lturn\u012bram jau ir kvalific\u0113ju\u0161\u0101s tr\u012bs sacens\u012bbu r\u012bkot\u0101jas, Jap\u0101na, Jaunz\u0113lande, Ir\u0101na, Argent\u012bna, Uzbekist\u0101na, Dienvidkoreja, Jord\u0101nija, Austr\u0101lija, Braz\u012blija, Ekvadora, Urugvaja, Kolumbija, Paragvaja, Maroka, Tunisija, \u0112\u0123ipte, Al\u017e\u012brija, Gana, Kaboverde, D\u0100R, Katara, Anglija, Sa\u016bda Ar\u0101bija, Kotdivu\u0101ra un Seneg\u0101la.<\/p>\n<p>2026. gad\u0101 Pasaules kausa fin\u0101lturn\u012br\u0101 pirmoreiz 32 komandu viet\u0101 sp\u0113l\u0113s 48 izlases.<\/p>\n","protected":false},"excerpt":{"rendered":"P\u0113c \u010detr\u0101m sp\u0113\u013cu k\u0101rt\u0101m E grup\u0101 Sp\u0101nijai ir 12 punkti, Turcijai &#8211; devi\u0146i, Gruzijai &#8211; tr\u012bs punkti, bet&hellip;\n","protected":false},"author":2,"featured_media":22099,"comment_status":"","ping_status":"","sticky":false,"template":"","format":"standard","meta":{"footnotes":""},"categories":[17],"tags":[714,676,1375,5500,35,39,38,36,37,34,40,3983,67],"class_list":{"0":"post-22098","1":"post","2":"type-post","3":"status-publish","4":"format-standard","5":"has-post-thumbnail","7":"category-sports","8":"tag-futbola-jaunumi","9":"tag-futbols","10":"tag-futbols-pasaule","11":"tag-kristianu-ronaldu","12":"tag-latvia","13":"tag-latvian","14":"tag-latviesu","15":"tag-latviesu-valoda","16":"tag-latviesuvaloda","17":"tag-latvija","18":"tag-lv","19":"tag-pasaules-kauss-futbola","20":"tag-sports"},"share_on_mastodon":{"url":"","error":""},"_links":{"self":[{"href":"https:\/\/www.europesays.com\/lv\/wp-json\/wp\/v2\/posts\/22098","targetHints":{"allow":["GET"]}}],"collection":[{"href":"https:\/\/www.europesays.com\/lv\/wp-json\/wp\/v2\/posts"}],"about":[{"href":"https:\/\/www.europesays.com\/lv\/wp-json\/wp\/v2\/types\/post"}],"author":[{"embeddable":true,"href":"https:\/\/www.europesays.com\/lv\/wp-json\/wp\/v2\/users\/2"}],"replies":[{"embeddable":true,"href":"https:\/\/www.europesays.com\/lv\/wp-json\/wp\/v2\/comments?post=22098"}],"version-history":[{"count":0,"href":"https:\/\/www.europesays.com\/lv\/wp-json\/wp\/v2\/posts\/22098\/revisions"}],"wp:featuredmedia":[{"embeddable":true,"href":"https:\/\/www.europesays.com\/lv\/wp-json\/wp\/v2\/media\/22099"}],"wp:attachment":[{"href":"https:\/\/www.europesays.com\/lv\/wp-json\/wp\/v2\/media?parent=22098"}],"wp:term":[{"taxonomy":"category","embeddable":true,"href":"https:\/\/www.europesays.com\/lv\/wp-json\/wp\/v2\/categories?post=22098"},{"taxonomy":"post_tag","embeddable":true,"href":"https:\/\/www.europesays.com\/lv\/wp-json\/wp\/v2\/tags?post=22098"}],"curies":[{"name":"wp","href":"https:\/\/api.w.org\/{rel}","templated":true}]}}