{"id":22106,"date":"2025-10-16T04:35:08","date_gmt":"2025-10-16T04:35:08","guid":{"rendered":"https:\/\/www.europesays.com\/lv\/22106\/"},"modified":"2025-10-16T04:35:08","modified_gmt":"2025-10-16T04:35:08","slug":"divos-nakti-noslegusies-rigas-domes-sede","status":"publish","type":"post","link":"https:\/\/www.europesays.com\/lv\/22106\/","title":{"rendered":"Divos nakt\u012b nosl\u0113gusies R\u012bgas domes s\u0113de"},"content":{"rendered":"<p>Opoz\u012bcijas deput\u0101ti kritiz\u0113ja gan pakalpojumu snieg\u0161anu, gan jaunos, iedz\u012bvot\u0101jiem pied\u0101v\u0101tos l\u012bgumus.<\/p>\n<p>RNP valdes priek\u0161s\u0113d\u0113t\u0101js <a href=\"https:\/\/www.tvnet.lv\/term\/786800\/maris-ozolins\" class=\"topicLink\" target=\"_blank\" rel=\"nofollow noopener\">M\u0101ris Ozoli\u0146\u0161<\/a> domes s\u0113d\u0113 apgalvoja, ka pan\u0101kti uzlabojumi uz\u0146\u0113muma darb\u0101.<\/p>\n<p>T\u0101pat sakust\u0113jies esot jaut\u0101jums par \u0113ku siltin\u0101\u0161anu, un &#8220;Altum&#8221; programm\u0101 \u0161aj\u0101 pavasar\u012b renov\u0101cijai pieteiktas 60 m\u0101jas.<\/p>\n<p>Sa\u0146emto s\u016bdz\u012bbu skaits, sal\u012bdzinot ar pag\u0101ju\u0161o gadu, samazin\u0101jies par 32%.<\/p>\n<p>Ozoli\u0146\u0161 iepriek\u0161 inform\u0113ja, ka \u0161osezon apkure m\u0101j\u0101m tika piesl\u0113gta paredz\u0113taj\u0101 laik\u0101 &#8211; no 1. l\u012bdz 3. oktobrim.<\/p>\n<p>Septi\u0146u dienu laik\u0101 sadarb\u012bb\u0101 ar iedz\u012bvot\u0101jiem un AS &#8220;R\u012bgas siltums&#8221; apkure piesl\u0113gta 20 no 22 m\u0101j\u0101m, kur apkures piesl\u0113g\u0161ana kav\u0113j\u0101s iedz\u012bvot\u0101ju par\u0101du d\u0113\u013c.<\/p>\n<p>\u0160ogad \u0161\u0101du m\u0101ju bijis uz pusi maz\u0101k, jo p\u0113rn apkures piesl\u0113g\u0161ana par\u0101du d\u0113\u013c kav\u0113j\u0101s 42 m\u0101j\u0101s.<\/p>\n<p>Kopum\u0101 RNP klientu maks\u0101\u0161anas discipl\u012bna ir laba, gada griezum\u0101 visus r\u0113\u0137inus nomaks\u0101 vair\u0101k nek\u0101 99% klientu, inform\u0113ja Ozoli\u0146\u0161.<\/p>\n<p>Savuk\u0101rt, run\u0101jot par jauno apsaimnieko\u0161anas l\u012bgumu, uz\u0146\u0113muma vad\u012bt\u0101js ir p\u0101rliecin\u0101ts, ka liel\u0101k\u0101 da\u013ca iedz\u012bvot\u0101ju to atbalsta.<\/p>\n<p>Kopum\u0101 71% iedz\u012bvot\u0101ju balsoju\u0161i par l\u012bguma sl\u0113g\u0161anu ar RNP. Vi\u0146\u0161 gan atzina, ka liel\u0101kaj\u0101 da\u013c\u0101 m\u0101ju netika sav\u0101kts kvorums.<\/p>\n<p>K\u0101 zi\u0146ots, jauni apsaimnieko\u0161anas l\u012bgumi j\u0101sl\u0113dz, jo no n\u0101kam\u0101 gada 1. janv\u0101ra saska\u0146\u0101 ar Saeimas lemto Latvij\u0101 nosl\u0113gsies privatiz\u0101cijas process. L\u012bdz ar to RNP un citu pa\u0161vald\u012bbu apsaimniekot\u0101ji r\u012bko aptaujas, aicinot dz\u012bvok\u013cu \u012bpa\u0161niekus sl\u0113gt jaunus apsaimnieko\u0161anas l\u012bgumus.<\/p>\n<p>Ain\u0101rs \u0160lesers (LPV) deba\u0161u laik\u0101 pazi\u0146oja, ka, vi\u0146apr\u0101t, izmai\u0146as uz\u0146\u0113mum\u0101 nav iesp\u0113jamas. R\u012bgas domei \u0161is uz\u0146\u0113mums neesot vajadz\u012bgs, un m\u0101ju apsaimnieko\u0161ana j\u0101lai\u017e br\u012bvaj\u0101 tirg\u016b.<\/p>\n","protected":false},"excerpt":{"rendered":"Opoz\u012bcijas deput\u0101ti kritiz\u0113ja gan pakalpojumu snieg\u0161anu, gan jaunos, iedz\u012bvot\u0101jiem pied\u0101v\u0101tos l\u012bgumus. RNP valdes priek\u0161s\u0113d\u0113t\u0101js M\u0101ris Ozoli\u0146\u0161 domes s\u0113d\u0113&hellip;\n","protected":false},"author":2,"featured_media":22107,"comment_status":"","ping_status":"","sticky":false,"template":"","format":"standard","meta":{"footnotes":""},"categories":[12],"tags":[23,7004,28,29,32,33,22,30,31,35,39,38,36,37,34,7006,40,7007,7005,20,26,27,7003,24,25,21],"class_list":{"0":"post-22106","1":"post","2":"type-post","3":"status-publish","4":"format-standard","5":"has-post-thumbnail","7":"category-latvija","8":"tag-aktualitates","9":"tag-altum","10":"tag-breaking-news","11":"tag-breakingnews","12":"tag-featured-news","13":"tag-featurednews","14":"tag-headlines","15":"tag-latest-news","16":"tag-latestnews","17":"tag-latvia","18":"tag-latvian","19":"tag-latviesu","20":"tag-latviesu-valoda","21":"tag-latviesuvaloda","22":"tag-latvija","23":"tag-lubova-svecova","24":"tag-lv","25":"tag-maris-ozolins","26":"tag-martins-kossovics","27":"tag-news","28":"tag-popularakas-zinas","29":"tag-popularakaszinas","30":"tag-rnp","31":"tag-top-stories","32":"tag-topstories","33":"tag-zinas"},"share_on_mastodon":{"url":"","error":""},"_links":{"self":[{"href":"https:\/\/www.europesays.com\/lv\/wp-json\/wp\/v2\/posts\/22106","targetHints":{"allow":["GET"]}}],"collection":[{"href":"https:\/\/www.europesays.com\/lv\/wp-json\/wp\/v2\/posts"}],"about":[{"href":"https:\/\/www.europesays.com\/lv\/wp-json\/wp\/v2\/types\/post"}],"author":[{"embeddable":true,"href":"https:\/\/www.europesays.com\/lv\/wp-json\/wp\/v2\/users\/2"}],"replies":[{"embeddable":true,"href":"https:\/\/www.europesays.com\/lv\/wp-json\/wp\/v2\/comments?post=22106"}],"version-history":[{"count":0,"href":"https:\/\/www.europesays.com\/lv\/wp-json\/wp\/v2\/posts\/22106\/revisions"}],"wp:featuredmedia":[{"embeddable":true,"href":"https:\/\/www.europesays.com\/lv\/wp-json\/wp\/v2\/media\/22107"}],"wp:attachment":[{"href":"https:\/\/www.europesays.com\/lv\/wp-json\/wp\/v2\/media?parent=22106"}],"wp:term":[{"taxonomy":"category","embeddable":true,"href":"https:\/\/www.europesays.com\/lv\/wp-json\/wp\/v2\/categories?post=22106"},{"taxonomy":"post_tag","embeddable":true,"href":"https:\/\/www.europesays.com\/lv\/wp-json\/wp\/v2\/tags?post=22106"}],"curies":[{"name":"wp","href":"https:\/\/api.w.org\/{rel}","templated":true}]}}