{"id":22122,"date":"2025-10-16T04:52:09","date_gmt":"2025-10-16T04:52:09","guid":{"rendered":"https:\/\/www.europesays.com\/lv\/22122\/"},"modified":"2025-10-16T04:52:09","modified_gmt":"2025-10-16T04:52:09","slug":"sirijas-pagaidu-prezidents-maskava-tiekas-ar-putinu","status":"publish","type":"post","link":"https:\/\/www.europesays.com\/lv\/22122\/","title":{"rendered":"S\u012brijas pagaidu prezidents Maskav\u0101 tiekas ar Putinu"},"content":{"rendered":"<p>S\u012brijas nemiernieki \u0160araa vad\u012bb\u0101 decembr\u012b ie\u0146\u0113ma Damasku un g\u0101za ilggad\u0113jo prezidentu un Maskavas sabiedroto Ba\u0161aru al Asadu, kas tagad patv\u0113ries Krievij\u0101.<\/p>\n<p>Maskava ofici\u0101li atzinusi jauno S\u012brijas varu.<\/p>\n<p>Kremlis public\u0113jis video ar pirmaj\u0101m Putina un \u0160araa tik\u0161an\u0101s min\u016bt\u0113m.<\/p>\n<blockquote class=\"quote ck-widget\" contenteditable=\"false\">\n<p>Putins sac\u012bja, ka Maskava attiec\u012bb\u0101s ar Damasku vienm\u0113r &#8220;vad\u012bjusies p\u0113c S\u012brijas tautas interes\u0113m&#8221;, un atg\u0101din\u0101ja, ka \u0161\u012bs attiec\u012bbas vienm\u0113r ir biju\u0161as draudz\u012bgas.<\/p>\n<\/blockquote>\n<p>\u0160araa savuk\u0101rt apliecin\u0101ja, ka S\u012brijas varasiest\u0101des iev\u0113ros visas vieno\u0161an\u0101s, kas iepriek\u0161 pan\u0101ktas ar Krieviju.<\/p>\n<p>Krem\u013ca preses sekret\u0101rs Dmitrijs Peskovs v\u0113l pirms tik\u0161an\u0101s pauda, ka l\u012bderi run\u0101s ar\u012b par Krievijas milit\u0101raj\u0101m b\u0101z\u0113m S\u012brij\u0101, kas izveidotas Asada re\u017e\u012bma laik\u0101.<\/p>\n<p>Krievijas milit\u0101r\u0101 kl\u0101tb\u016btne valst\u012b ir samazin\u0101ta, ta\u010du b\u0101zes Hmeimim\u0101 un Tart\u016bsas ost\u0101 joproj\u0101m ir.<\/p>\n<p>Zi\u0146u a\u0123ent\u016bra &#8220;Reuters&#8221; un vair\u0101ki ar\u0101bu mediji pirms viz\u012btes rakst\u012bja, ka \u0160araa sarun\u0101s Maskav\u0101 var\u0113tu ofici\u0101li piepras\u012bt Asada izdo\u0161anu.<\/p>\n<p><a href=\"https:\/\/www.apollo.lv\/term\/555452\/krievija\" class=\"topicLink\" target=\"_blank\" rel=\"nofollow noopener\">Krievija<\/a> 2015. gad\u0101 iejauc\u0101s S\u012brijas pilso\u0146kar\u0101 Asada pus\u0113.<\/p>\n<p>Ofici\u0101li tas tika pamatots ar c\u012b\u0146u pret teroristisko organiz\u0101ciju &#8220;Isl\u0101ma valsts&#8221;, ta\u010du Krievijas kara lidma\u0161\u012bnas veica triecienus ar\u012b nemiernieku grup\u0113jumiem, kas nebija saist\u012bti ar &#8220;Isl\u0101ma valsti&#8221;.<\/p>\n","protected":false},"excerpt":{"rendered":"S\u012brijas nemiernieki \u0160araa vad\u012bb\u0101 decembr\u012b ie\u0146\u0113ma Damasku un g\u0101za ilggad\u0113jo prezidentu un Maskavas sabiedroto Ba\u0161aru al Asadu, kas&hellip;\n","protected":false},"author":2,"featured_media":22123,"comment_status":"","ping_status":"","sticky":false,"template":"","format":"standard","meta":{"footnotes":""},"categories":[14],"tags":[23,57,28,29,32,33,22,7008,234,30,31,35,39,38,36,37,34,40,20,26,27,6923,24,25,54,55,56,21,58],"class_list":{"0":"post-22122","1":"post","2":"type-post","3":"status-publish","4":"format-standard","5":"has-post-thumbnail","7":"category-zinas-no-arvalstim","8":"tag-aktualitates","9":"tag-arvalstim","10":"tag-breaking-news","11":"tag-breakingnews","12":"tag-featured-news","13":"tag-featurednews","14":"tag-headlines","15":"tag-kars-sirija","16":"tag-krievija","17":"tag-latest-news","18":"tag-latestnews","19":"tag-latvia","20":"tag-latvian","21":"tag-latviesu","22":"tag-latviesu-valoda","23":"tag-latviesuvaloda","24":"tag-latvija","25":"tag-lv","26":"tag-news","27":"tag-popularakas-zinas","28":"tag-popularakaszinas","29":"tag-sirija","30":"tag-top-stories","31":"tag-topstories","32":"tag-world","33":"tag-world-news","34":"tag-worldnews","35":"tag-zinas","36":"tag-zinas-no-arvalstim"},"share_on_mastodon":{"url":"","error":""},"_links":{"self":[{"href":"https:\/\/www.europesays.com\/lv\/wp-json\/wp\/v2\/posts\/22122","targetHints":{"allow":["GET"]}}],"collection":[{"href":"https:\/\/www.europesays.com\/lv\/wp-json\/wp\/v2\/posts"}],"about":[{"href":"https:\/\/www.europesays.com\/lv\/wp-json\/wp\/v2\/types\/post"}],"author":[{"embeddable":true,"href":"https:\/\/www.europesays.com\/lv\/wp-json\/wp\/v2\/users\/2"}],"replies":[{"embeddable":true,"href":"https:\/\/www.europesays.com\/lv\/wp-json\/wp\/v2\/comments?post=22122"}],"version-history":[{"count":0,"href":"https:\/\/www.europesays.com\/lv\/wp-json\/wp\/v2\/posts\/22122\/revisions"}],"wp:featuredmedia":[{"embeddable":true,"href":"https:\/\/www.europesays.com\/lv\/wp-json\/wp\/v2\/media\/22123"}],"wp:attachment":[{"href":"https:\/\/www.europesays.com\/lv\/wp-json\/wp\/v2\/media?parent=22122"}],"wp:term":[{"taxonomy":"category","embeddable":true,"href":"https:\/\/www.europesays.com\/lv\/wp-json\/wp\/v2\/categories?post=22122"},{"taxonomy":"post_tag","embeddable":true,"href":"https:\/\/www.europesays.com\/lv\/wp-json\/wp\/v2\/tags?post=22122"}],"curies":[{"name":"wp","href":"https:\/\/api.w.org\/{rel}","templated":true}]}}