{"id":22132,"date":"2025-10-16T05:09:10","date_gmt":"2025-10-16T05:09:10","guid":{"rendered":"https:\/\/www.europesays.com\/lv\/22132\/"},"modified":"2025-10-16T05:09:10","modified_gmt":"2025-10-16T05:09:10","slug":"apsudzibas-par-chatgpt-monopola-veidosanu-iphone-lente-lv","status":"publish","type":"post","link":"https:\/\/www.europesays.com\/lv\/22132\/","title":{"rendered":"Aps\u016bdz\u012bbas par ChatGPT monopola veido\u0161anu iPhone\u00a0\u2014\u00a0Lente.lv"},"content":{"rendered":"<p>Maska dusmas uz Apple un OpenAI: Vai tehnolo\u0123iju giganti blo\u0137\u0113 konkurentus?<\/p>\n<p>Tehnolo\u0123iju magn\u0101ts \u012alons Masks, kura uz\u0146\u0113mums xAI nodarbojas ar m\u0101ksl\u012bg\u0101 intelekta (MI) izstr\u0101di, ir izpild\u012bjis savus draudus un ies\u016bdz\u0113jis ties\u0101 Apple un OpenAI. Aps\u016bdz\u012bbas centr\u0101 \u2013 aizdomas par saska\u0146otu r\u012bc\u012bbu, kas, p\u0113c Maskas dom\u0101m, monopoliz\u0113 ChatGPT piek\u013cuvi iPhone lietot\u0101jiem, graujot god\u012bgu konkurenci citu MI lietot\u0146u vid\u016b.<\/p>\n<p>Monopola \u0113na p\u0101r iPhone<\/p>\n<p>Maska arguments ir vienk\u0101r\u0161s un satrauco\u0161s: ekskluz\u012bvais Apple un OpenAI l\u012bgums padar\u012bjis ChatGPT par vien\u012bgo pied\u0101v\u0101to \u0123enerat\u012bv\u0101 MI \u010datbota risin\u0101jumu iPhone ier\u012bc\u0113s. Tas, vi\u0146apr\u0101t, at\u0146em lietot\u0101jiem iesp\u0113ju br\u012bvi izv\u0113l\u0113ties starp da\u017e\u0101d\u0101m inov\u0101cij\u0101m, piespie\u017eot vi\u0146us izmantot tie\u0161i ChatGPT, pat ja vi\u0146i dotu priek\u0161roku citiem, piem\u0113ram, xAI pied\u0101v\u0101tajam Grok. Maskas iesniegtaj\u0101 s\u016bdz\u012bb\u0101 teikts, ka \u0161\u0101da Apple strat\u0113\u0123ija veicina negod\u012bgu praksi un ierobe\u017eo pat\u0113r\u0113t\u0101ju izv\u0113li, radot m\u0101ksl\u012bgus \u0161\u0137\u0113r\u0161\u013cus citu progres\u012bvu MI produktu non\u0101k\u0161anai tirg\u016b.<\/p>\n<p>Apple App Store sist\u0113mas kritika<\/p>\n<p>Tiesas pr\u0101v\u0101 Apple tiek aps\u016bdz\u0113ta ar\u012b par to, ka t\u0101, iesp\u0113jams, samazina citu MI lietot\u0146u priorit\u0101ti iPhone lietotn\u0113, pazemina to reitingus App Store un apzin\u0101ti kav\u0113 nepiecie\u0161amo p\u0101rbaudes procesu, lai t\u0101s var\u0113tu tikt pievienotas platformai. Lai gan xAI savu argumentu pamato ar App Store reitingiem un mediju publik\u0101cij\u0101m, 9to5Mac gan nor\u0101da, ka \u0161\u012b pier\u0101d\u012bjumu b\u0101ze var\u0113tu b\u016bt diezgan v\u0101ja.<\/p>\n<p>Maskas person\u012bg\u0101s amb\u012bcijas un skumjas?<\/p>\n<p>Iesp\u0113jamais Maskas neapmierin\u0101t\u012bbas iemesls var\u0113tu b\u016bt ar\u012b saist\u012bts ar vi\u0146a pa\u0161a lietotnes Grok pan\u0101kumiem. Neskatoties uz jaun\u0101m funkcij\u0101m un visiem pieejamo bezmaksas piek\u013cuvi, xAI lietotne nesen ie\u0146\u0113ma tikai piekto vietu kop\u0113j\u0101 App Store reiting\u0101 un otro vietu kategorij\u0101 \u201cVeiktsp\u0113ja\u201d. Turkl\u0101t, br\u012bd\u012b, kad notika lietotnes glob\u0101l\u0101 izlai\u0161ana, t\u0101 visp\u0101r nebija pieejama veikal\u0101. Tas rada jaut\u0101jumus par tirgus dinamiku un re\u0101lo lietot\u0101ju izv\u0113li, nevis vienk\u0101r\u0161i tehnolo\u0123isku p\u0101r\u0101kumu.<\/p>\n<p>Apple atbilde un n\u0101kotnes v\u012bzijas<\/p>\n<p>Apple savuk\u0101rt noliedz jebk\u0101du negod\u012bgu r\u012bc\u012bbu, apgalvojot, ka App Store ir izstr\u0101d\u0101ts god\u012bgi un objekt\u012bvi. Uz\u0146\u0113mums uzsver, ka izmanto da\u017e\u0101dus r\u012bkus, lai nodro\u0161in\u0101tu lietot\u0146u atkl\u0101\u0161anu un veicin\u0101tu v\u0113rt\u012bgu pieredzi gan lietot\u0101jiem, gan izstr\u0101d\u0101t\u0101jiem. Vi\u0146i pied\u0101v\u0101 t\u016bksto\u0161iem lietot\u0146u, izmantojot gan diagrammas, gan algoritmu ieteikumus, gan ekspertu veidotus sarakstus, kas balst\u012bti uz objekt\u012bviem krit\u0113rijiem. Turkl\u0101t Apple jau iepriek\u0161 ir signaliz\u0113jusi par gatav\u012bbu integr\u0113t da\u017e\u0101dus MI risin\u0101jumus sav\u0101 Siri pal\u012bg\u0101, nor\u0101dot, ka tiek izskat\u012btas iesp\u0113jas pievienot ar\u012b citas mode\u013cus, piem\u0113ram, Google Gemini. Patie\u0161\u0101m, jaun\u0101kaj\u0101 Xcode versij\u0101 jau tiek atbalst\u012bta integr\u0101cija ne tikai ar ChatGPT, bet ar\u012b ar Anthropic produktiem, kas liecina par pla\u0161\u0101ku pieeju.<\/p>\n<p>Tiesas pr\u0101vas neizpratne par tirgus realit\u0101ti<\/p>\n<p>\u0160\u0137iet, ka Maskas pras\u012bba ignor\u0113 faktu, ka jau janv\u0101r\u012b lietotne DeepSeek ie\u0146\u0113ma pirmo vietu App Store, kas skaidri par\u0101da, ka citi MI risin\u0101jumi sp\u0113j konkur\u0113t un g\u016bt pan\u0101kumus. Apple strat\u0113\u0123ija, \u0161\u0137iet, ir virz\u012bta uz pla\u0161\u0101ku MI ekosist\u0113mu, nevis atbalstu tikai vienam sp\u0113l\u0113t\u0101jam. T\u0101d\u0113\u013c \u0161\u012b tiesas pr\u0101va var\u0113tu b\u016bt vair\u0101k saist\u012bta ar Maskas person\u012bgo amb\u012bciju un v\u0113lmi domin\u0113t, nek\u0101 ar re\u0101lu netaisn\u012bbu Apple vai OpenAI r\u012bc\u012bb\u0101.<\/p>\n","protected":false},"excerpt":{"rendered":"Maska dusmas uz Apple un OpenAI: Vai tehnolo\u0123iju giganti blo\u0137\u0113 konkurentus? Tehnolo\u0123iju magn\u0101ts \u012alons Masks, kura uz\u0146\u0113mums xAI&hellip;\n","protected":false},"author":2,"featured_media":22133,"comment_status":"","ping_status":"","sticky":false,"template":"","format":"standard","meta":{"footnotes":""},"categories":[16],"tags":[2122,77,76,4729,79,35,39,38,36,37,34,40,7009,1463],"class_list":{"0":"post-22132","1":"post","2":"type-post","3":"status-publish","4":"format-standard","5":"has-post-thumbnail","7":"category-bizness","8":"tag-apple","9":"tag-bizness","10":"tag-business","11":"tag-chatgpt","12":"tag-ilons-masks","13":"tag-latvia","14":"tag-latvian","15":"tag-latviesu","16":"tag-latviesu-valoda","17":"tag-latviesuvaloda","18":"tag-latvija","19":"tag-lv","20":"tag-mi-konkurence","21":"tag-openai"},"share_on_mastodon":{"url":"","error":""},"_links":{"self":[{"href":"https:\/\/www.europesays.com\/lv\/wp-json\/wp\/v2\/posts\/22132","targetHints":{"allow":["GET"]}}],"collection":[{"href":"https:\/\/www.europesays.com\/lv\/wp-json\/wp\/v2\/posts"}],"about":[{"href":"https:\/\/www.europesays.com\/lv\/wp-json\/wp\/v2\/types\/post"}],"author":[{"embeddable":true,"href":"https:\/\/www.europesays.com\/lv\/wp-json\/wp\/v2\/users\/2"}],"replies":[{"embeddable":true,"href":"https:\/\/www.europesays.com\/lv\/wp-json\/wp\/v2\/comments?post=22132"}],"version-history":[{"count":0,"href":"https:\/\/www.europesays.com\/lv\/wp-json\/wp\/v2\/posts\/22132\/revisions"}],"wp:featuredmedia":[{"embeddable":true,"href":"https:\/\/www.europesays.com\/lv\/wp-json\/wp\/v2\/media\/22133"}],"wp:attachment":[{"href":"https:\/\/www.europesays.com\/lv\/wp-json\/wp\/v2\/media?parent=22132"}],"wp:term":[{"taxonomy":"category","embeddable":true,"href":"https:\/\/www.europesays.com\/lv\/wp-json\/wp\/v2\/categories?post=22132"},{"taxonomy":"post_tag","embeddable":true,"href":"https:\/\/www.europesays.com\/lv\/wp-json\/wp\/v2\/tags?post=22132"}],"curies":[{"name":"wp","href":"https:\/\/api.w.org\/{rel}","templated":true}]}}