{"id":22134,"date":"2025-10-16T05:10:10","date_gmt":"2025-10-16T05:10:10","guid":{"rendered":"https:\/\/www.europesays.com\/lv\/22134\/"},"modified":"2025-10-16T05:10:10","modified_gmt":"2025-10-16T05:10:10","slug":"eiropas-savieniba-dronu-muri-velas-pabeigt-lidz-2027-gada-beigam","status":"publish","type":"post","link":"https:\/\/www.europesays.com\/lv\/22134\/","title":{"rendered":"Eiropas Savien\u012bba &#8220;dronu m\u016bri&#8221; v\u0113las pabeigt l\u012bdz 2027. gada beig\u0101m"},"content":{"rendered":"<p>Eiropas Komisijas (EK) prezidente Urzula fon der Leiena pirmo reizi aicin\u0101ja izveidot &#8220;dronu m\u016bri&#8221;, lai st\u0101tos pret\u012b Maskavai, pag\u0101ju\u0161aj\u0101 m\u0113nes\u012b, da\u017eas stundas p\u0113c tam, kad NATO lidma\u0161\u012bnas Polij\u0101 bija notrieku\u0161as Krievijas dronus.<\/p>\n<p>S\u0101kotn\u0113ji priek\u0161likum\u0101 galven\u0101 uzman\u012bba tika piev\u0113rsta ES austrumu pierobe\u017eas valstu stiprin\u0101\u0161anai, bet p\u0113c tam, kad dronu lidojumu d\u0113\u013c tika trauc\u0113ta lidostu darb\u012bba ar\u012b cit\u0101s ES valst\u012bs, priek\u0161likuma ietvars tika papla\u0161in\u0101ts.<\/p>\n<p>Amatpersonas zi\u0146u a\u0123ent\u016brai AFP nor\u0101d\u012bja, ka Brisele v\u0113las, lai projekts, kas tagad tiek d\u0113v\u0113ts par &#8220;Eiropas dronu aizsardz\u012bbas iniciat\u012bvu&#8221;, s\u0101kotn\u0113j\u0101 re\u017e\u012bm\u0101 s\u0101ktu darboties l\u012bdz 2026. gada beig\u0101m un piln\u012bb\u0101 darbotos l\u012bdz 2027. gada beig\u0101m.<\/p>\n<p>\u0160\u012b iniciat\u012bva ir viens no vair\u0101kiem ES pamatprojektiem, ko EK ceturtdien atkl\u0101s ce\u013cved\u012b, k\u0101 m\u0113r\u0137is ir l\u012bdz 2030. gadam sagatavot bloku potenci\u0101lam Maskavas uzbrukumam.<\/p>\n<p>L\u012bdztekus priek\u0161likumam par droniem ir pla\u0161\u0101ka programma &#8220;Eastern Flank Watch&#8221;, kuras m\u0113r\u0137is ir stiprin\u0101t pretgaisa aizsardz\u012bbu l\u012bdz\u0101s ES robe\u017eai ar Krieviju.<\/p>\n<p>Paredzams, ka ES aizsardz\u012bbas ministri tre\u0161dienas vakar\u0101 provizoriski apspried\u012bs ce\u013cvedi, un amatpersonas v\u0113las, lai l\u012bderi to atbalst\u012btu n\u0101kamned\u0113\u013c gaid\u0101maj\u0101 samit\u0101.<\/p>\n","protected":false},"excerpt":{"rendered":"Eiropas Komisijas (EK) prezidente Urzula fon der Leiena pirmo reizi aicin\u0101ja izveidot &#8220;dronu m\u016bri&#8221;, lai st\u0101tos pret\u012b Maskavai,&hellip;\n","protected":false},"author":2,"featured_media":22135,"comment_status":"","ping_status":"","sticky":false,"template":"","format":"standard","meta":{"footnotes":""},"categories":[14],"tags":[1546,23,57,28,29,75,514,32,33,22,74,30,31,35,39,38,36,37,34,40,20,26,27,24,25,54,55,56,21,58],"class_list":{"0":"post-22134","1":"post","2":"type-post","3":"status-publish","4":"format-standard","5":"has-post-thumbnail","7":"category-zinas-no-arvalstim","8":"tag-aizsardziba","9":"tag-aktualitates","10":"tag-arvalstim","11":"tag-breaking-news","12":"tag-breakingnews","13":"tag-droni","14":"tag-eiropas-savieniba","15":"tag-featured-news","16":"tag-featurednews","17":"tag-headlines","18":"tag-krievijas-iebrukums-ukraina","19":"tag-latest-news","20":"tag-latestnews","21":"tag-latvia","22":"tag-latvian","23":"tag-latviesu","24":"tag-latviesu-valoda","25":"tag-latviesuvaloda","26":"tag-latvija","27":"tag-lv","28":"tag-news","29":"tag-popularakas-zinas","30":"tag-popularakaszinas","31":"tag-top-stories","32":"tag-topstories","33":"tag-world","34":"tag-world-news","35":"tag-worldnews","36":"tag-zinas","37":"tag-zinas-no-arvalstim"},"share_on_mastodon":{"url":"","error":""},"_links":{"self":[{"href":"https:\/\/www.europesays.com\/lv\/wp-json\/wp\/v2\/posts\/22134","targetHints":{"allow":["GET"]}}],"collection":[{"href":"https:\/\/www.europesays.com\/lv\/wp-json\/wp\/v2\/posts"}],"about":[{"href":"https:\/\/www.europesays.com\/lv\/wp-json\/wp\/v2\/types\/post"}],"author":[{"embeddable":true,"href":"https:\/\/www.europesays.com\/lv\/wp-json\/wp\/v2\/users\/2"}],"replies":[{"embeddable":true,"href":"https:\/\/www.europesays.com\/lv\/wp-json\/wp\/v2\/comments?post=22134"}],"version-history":[{"count":0,"href":"https:\/\/www.europesays.com\/lv\/wp-json\/wp\/v2\/posts\/22134\/revisions"}],"wp:featuredmedia":[{"embeddable":true,"href":"https:\/\/www.europesays.com\/lv\/wp-json\/wp\/v2\/media\/22135"}],"wp:attachment":[{"href":"https:\/\/www.europesays.com\/lv\/wp-json\/wp\/v2\/media?parent=22134"}],"wp:term":[{"taxonomy":"category","embeddable":true,"href":"https:\/\/www.europesays.com\/lv\/wp-json\/wp\/v2\/categories?post=22134"},{"taxonomy":"post_tag","embeddable":true,"href":"https:\/\/www.europesays.com\/lv\/wp-json\/wp\/v2\/tags?post=22134"}],"curies":[{"name":"wp","href":"https:\/\/api.w.org\/{rel}","templated":true}]}}