{"id":2214,"date":"2025-09-22T18:17:10","date_gmt":"2025-09-22T18:17:10","guid":{"rendered":"https:\/\/www.europesays.com\/lv\/2214\/"},"modified":"2025-09-22T18:17:10","modified_gmt":"2025-09-22T18:17:10","slug":"krievijas-dronu-triecienu-apstakli-ukraina-liecina-par-nodomu-nogalinat","status":"publish","type":"post","link":"https:\/\/www.europesays.com\/lv\/2214\/","title":{"rendered":"Krievijas dronu triecienu apst\u0101k\u013ci Ukrain\u0101 liecina par nodomu nogalin\u0101t"},"content":{"rendered":"<p>Krievijas armija sistem\u0101tiski uzbr\u016bk civiliedz\u012bvot\u0101jiem un civilajai infrastrukt\u016brai Hersonas, D\u0146ipropetrovskas un Mikolajivas apgabalos, nor\u0101da komisija.<\/p>\n<p>Tiek veikti triecieni \u0101tr\u0101s pal\u012bdz\u012bbas automa\u0161\u012bn\u0101m un citiem neatliekam\u0101s pal\u012bdz\u012bbas dienestiem, trauc\u0113jot gl\u0101b\u0113jiem veikt savu darbu.<\/p>\n<p>&#8220;M\u0113s esam secin\u0101ju\u0161i, ka \u0161\u012bs darb\u012bbas tika veiktas atbilsto\u0161i saska\u0146otai valsts politikai un ir noziegumi pret cilv\u0113ci slepkav\u012bbu veid\u0101, k\u0101 ar\u012b kara noziegumi, kas izpau\u017eas k\u0101 uzbrukumi civiliedz\u012bvot\u0101jiem,&#8221; teikts pazi\u0146ojum\u0101.<\/p>\n<p>&#8220;Dronu uzbrukumu apst\u0101k\u013ci nor\u0101da uz to veic\u0113ju nodomu nogalin\u0101t, nodar\u012bt kait\u0113jumu un izn\u012bcin\u0101t,&#8221; pauda komisijas priek\u0161s\u0113d\u0113t\u0101js \u0112riks M\u0113se.<\/p>\n<blockquote>\n<p>Komisija nav var\u0113jusi pabeigt izmekl\u0113\u0161anu par Ukrainas dronu triecieniem, par ko zi\u0146o Maskava, &#8220;jo nebija iesp\u0113jams piek\u013c\u016bt attiec\u012bgaj\u0101m teritorij\u0101m, tika apdraud\u0113ta liecinieku dro\u0161\u012bba un Krievijas Feder\u0101cija neatbild\u0113ja uz m\u016bsu nos\u016bt\u012btajiem piepras\u012bjumiem&#8221;.<\/p>\n<\/blockquote>\n<p><a href=\"https:\/\/www.apollo.lv\/term\/555576\/ano\" class=\"topicLink\" target=\"_blank\" rel=\"nofollow noopener\">ANO<\/a> Neatkar\u012bg\u0101 starptautisk\u0101 Ukrainas izmekl\u0113\u0161anas komisija tika izveidota 2022.gada 4.mart\u0101, un kop\u0161 t\u0101 laika komisijas locek\u013cu pilnvaras veikt izmekl\u0113\u0161anu ir pagarin\u0101tas tr\u012bs reizes.<\/p>\n<p>Krievija neatz\u012bst komisijas mand\u0101tu un atsak\u0101s ar to sadarboties.<\/p>\n","protected":false},"excerpt":{"rendered":"Krievijas armija sistem\u0101tiski uzbr\u016bk civiliedz\u012bvot\u0101jiem un civilajai infrastrukt\u016brai Hersonas, D\u0146ipropetrovskas un Mikolajivas apgabalos, nor\u0101da komisija. Tiek veikti triecieni&hellip;\n","protected":false},"author":2,"featured_media":2215,"comment_status":"","ping_status":"","sticky":false,"template":"","format":"standard","meta":{"footnotes":""},"categories":[14],"tags":[23,341,57,28,29,32,33,22,74,30,31,35,39,38,36,37,34,40,20,26,27,24,25,276,54,55,56,21,58],"class_list":{"0":"post-2214","1":"post","2":"type-post","3":"status-publish","4":"format-standard","5":"has-post-thumbnail","7":"category-zinas-no-arvalstim","8":"tag-aktualitates","9":"tag-ano","10":"tag-arvalstim","11":"tag-breaking-news","12":"tag-breakingnews","13":"tag-featured-news","14":"tag-featurednews","15":"tag-headlines","16":"tag-krievijas-iebrukums-ukraina","17":"tag-latest-news","18":"tag-latestnews","19":"tag-latvia","20":"tag-latvian","21":"tag-latviesu","22":"tag-latviesu-valoda","23":"tag-latviesuvaloda","24":"tag-latvija","25":"tag-lv","26":"tag-news","27":"tag-popularakas-zinas","28":"tag-popularakaszinas","29":"tag-top-stories","30":"tag-topstories","31":"tag-ukraina","32":"tag-world","33":"tag-world-news","34":"tag-worldnews","35":"tag-zinas","36":"tag-zinas-no-arvalstim"},"share_on_mastodon":{"url":"","error":""},"_links":{"self":[{"href":"https:\/\/www.europesays.com\/lv\/wp-json\/wp\/v2\/posts\/2214","targetHints":{"allow":["GET"]}}],"collection":[{"href":"https:\/\/www.europesays.com\/lv\/wp-json\/wp\/v2\/posts"}],"about":[{"href":"https:\/\/www.europesays.com\/lv\/wp-json\/wp\/v2\/types\/post"}],"author":[{"embeddable":true,"href":"https:\/\/www.europesays.com\/lv\/wp-json\/wp\/v2\/users\/2"}],"replies":[{"embeddable":true,"href":"https:\/\/www.europesays.com\/lv\/wp-json\/wp\/v2\/comments?post=2214"}],"version-history":[{"count":0,"href":"https:\/\/www.europesays.com\/lv\/wp-json\/wp\/v2\/posts\/2214\/revisions"}],"wp:featuredmedia":[{"embeddable":true,"href":"https:\/\/www.europesays.com\/lv\/wp-json\/wp\/v2\/media\/2215"}],"wp:attachment":[{"href":"https:\/\/www.europesays.com\/lv\/wp-json\/wp\/v2\/media?parent=2214"}],"wp:term":[{"taxonomy":"category","embeddable":true,"href":"https:\/\/www.europesays.com\/lv\/wp-json\/wp\/v2\/categories?post=2214"},{"taxonomy":"post_tag","embeddable":true,"href":"https:\/\/www.europesays.com\/lv\/wp-json\/wp\/v2\/tags?post=2214"}],"curies":[{"name":"wp","href":"https:\/\/api.w.org\/{rel}","templated":true}]}}