{"id":22168,"date":"2025-10-16T05:42:09","date_gmt":"2025-10-16T05:42:09","guid":{"rendered":"https:\/\/www.europesays.com\/lv\/22168\/"},"modified":"2025-10-16T05:42:09","modified_gmt":"2025-10-16T05:42:09","slug":"birokratijas-apkarosanai-jaizdoma-mulcesanas-sistema","status":"publish","type":"post","link":"https:\/\/www.europesays.com\/lv\/22168\/","title":{"rendered":"Birokr\u0101tijas apkaro\u0161anai j\u0101izdom\u0101 mul\u010d\u0113\u0161anas sist\u0113ma"},"content":{"rendered":"<p>\u201cBirokr\u0101tijas mazin\u0101\u0161anas r\u012bc\u012bbas grupas m\u0113r\u0137iem noteikti ir j\u0101b\u016bt ambicioz\u0101kiem, nek\u0101 tie ir \u0161obr\u012bd, skatam j\u0101b\u016bt daudz aptvero\u0161\u0101kam. Kaut vai raugoties no t\u0101 viedok\u013ca, ka da\u013ca no 21 priek\u0161likuma jau ir ieviesti, bet p\u0101r\u0113jie ir tuv\u0101k\u0101 vai t\u0101l\u0101k\u0101 ce\u013c\u0101 uz izpildi,\u201d saka Latvijas Tirdzniec\u012bbas un r\u016bpniec\u012bbas kameras (LTRK) valdes priek\u0161s\u0113d\u0113t\u0101js J\u0101nis Endzi\u0146\u0161, kuru nolemts virz\u012bt darba grupas vad\u012bt\u0101ja amatam.<\/p>\n","protected":false},"excerpt":{"rendered":"\u201cBirokr\u0101tijas mazin\u0101\u0161anas r\u012bc\u012bbas grupas m\u0113r\u0137iem noteikti ir j\u0101b\u016bt ambicioz\u0101kiem, nek\u0101 tie ir \u0161obr\u012bd, skatam j\u0101b\u016bt daudz aptvero\u0161\u0101kam. Kaut&hellip;\n","protected":false},"author":2,"featured_media":22169,"comment_status":"","ping_status":"","sticky":false,"template":"","format":"standard","meta":{"footnotes":""},"categories":[5],"tags":[23,7015,28,29,32,33,22,1011,30,31,35,39,38,36,37,34,6600,40,20,26,27,24,25,3149,21],"class_list":{"0":"post-22168","1":"post","2":"type-post","3":"status-publish","4":"format-standard","5":"has-post-thumbnail","7":"category-aktualitates","8":"tag-aktualitates","9":"tag-birokratija","10":"tag-breaking-news","11":"tag-breakingnews","12":"tag-featured-news","13":"tag-featurednews","14":"tag-headlines","15":"tag-kaspars-gorkss","16":"tag-latest-news","17":"tag-latestnews","18":"tag-latvia","19":"tag-latvian","20":"tag-latviesu","21":"tag-latviesu-valoda","22":"tag-latviesuvaloda","23":"tag-latvija","24":"tag-ltrk","25":"tag-lv","26":"tag-news","27":"tag-popularakas-zinas","28":"tag-popularakaszinas","29":"tag-top-stories","30":"tag-topstories","31":"tag-tvnet-bizness","32":"tag-zinas"},"share_on_mastodon":{"url":"","error":""},"_links":{"self":[{"href":"https:\/\/www.europesays.com\/lv\/wp-json\/wp\/v2\/posts\/22168","targetHints":{"allow":["GET"]}}],"collection":[{"href":"https:\/\/www.europesays.com\/lv\/wp-json\/wp\/v2\/posts"}],"about":[{"href":"https:\/\/www.europesays.com\/lv\/wp-json\/wp\/v2\/types\/post"}],"author":[{"embeddable":true,"href":"https:\/\/www.europesays.com\/lv\/wp-json\/wp\/v2\/users\/2"}],"replies":[{"embeddable":true,"href":"https:\/\/www.europesays.com\/lv\/wp-json\/wp\/v2\/comments?post=22168"}],"version-history":[{"count":0,"href":"https:\/\/www.europesays.com\/lv\/wp-json\/wp\/v2\/posts\/22168\/revisions"}],"wp:featuredmedia":[{"embeddable":true,"href":"https:\/\/www.europesays.com\/lv\/wp-json\/wp\/v2\/media\/22169"}],"wp:attachment":[{"href":"https:\/\/www.europesays.com\/lv\/wp-json\/wp\/v2\/media?parent=22168"}],"wp:term":[{"taxonomy":"category","embeddable":true,"href":"https:\/\/www.europesays.com\/lv\/wp-json\/wp\/v2\/categories?post=22168"},{"taxonomy":"post_tag","embeddable":true,"href":"https:\/\/www.europesays.com\/lv\/wp-json\/wp\/v2\/tags?post=22168"}],"curies":[{"name":"wp","href":"https:\/\/api.w.org\/{rel}","templated":true}]}}