{"id":221719,"date":"2026-06-08T16:03:09","date_gmt":"2026-06-08T16:03:09","guid":{"rendered":"https:\/\/www.europesays.com\/lv\/221719\/"},"modified":"2026-06-08T16:03:09","modified_gmt":"2026-06-08T16:03:09","slug":"portals-banki-atgriezisies-pie-smita-parstavetas-anadolu-efes-stures","status":"publish","type":"post","link":"https:\/\/www.europesays.com\/lv\/221719\/","title":{"rendered":"Port\u0101ls: Banki atgriez\u012bsies pie \u0160mita p\u0101rst\u0101v\u0113t\u0101s &#8220;Anadolu Efes&#8221; st\u016bres"},"content":{"rendered":"<p>Sv\u0113tdien &#8220;Anadolu Efes&#8221; Turcijas \u010dempion\u0101ta pusfin\u0101la s\u0113rij\u0101 ar 1-3 atzina Art\u016bra \u017dagara p\u0101rst\u0101v\u0113t\u0101s Stambulas &#8220;Fenerbahce&#8221; p\u0101r\u0101kumu.<\/p>\n<p>Tiek v\u0113st\u012bts, ka dr\u012bzum\u0101 amatu pamet\u012bs &#8220;Anadolu Efes&#8221; galvenais treneris Pablo Laso, kur\u0161 k\u013cuva par komandas st\u016brmani pag\u0101ju\u0161\u0101 gada decembr\u012b.<\/p>\n<p>Laso vad\u012bb\u0101 Stambulas vien\u012bba Eirol\u012bgas regul\u0101ro sezonu nosl\u0113dza 19. poz\u012bcij\u0101, neiek\u013c\u016bstot izsl\u0113g\u0161anas sp\u0113l\u0113s.<\/p>\n<p>Banki iepriek\u0161 vad\u012bja &#8220;Anadolu Efes&#8221; da\u013cu no 2024.\/2025. gada sezonas, kad vi\u0146a vad\u012bb\u0101 vien\u012bba iek\u013cuva Eirol\u012bgas izsl\u0113g\u0161anas sp\u0113l\u0113s. \u0160obr\u012bd vi\u0146\u0161 ir ar\u012b It\u0101lijas v\u012brie\u0161u basketbola izlases galvenais treneris.<\/p>\n","protected":false},"excerpt":{"rendered":"Sv\u0113tdien &#8220;Anadolu Efes&#8221; Turcijas \u010dempion\u0101ta pusfin\u0101la s\u0113rij\u0101 ar 1-3 atzina Art\u016bra \u017dagara p\u0101rst\u0101v\u0113t\u0101s Stambulas &#8220;Fenerbahce&#8221; p\u0101r\u0101kumu. Tiek v\u0113st\u012bts,&hellip;\n","protected":false},"author":2,"featured_media":221720,"comment_status":"","ping_status":"","sticky":false,"template":"","format":"standard","meta":{"footnotes":"","_share_on_mastodon":"0"},"categories":[17],"tags":[35,39,38,36,37,34,3544,40,4341,67,2120],"class_list":["post-221719","post","type-post","status-publish","format-standard","has-post-thumbnail","category-sports","tag-latvia","tag-latvian","tag-latviesu","tag-latviesu-valoda","tag-latviesuvaloda","tag-latvija","tag-luka-banki","tag-lv","tag-rolands-smits","tag-sports","tag-uleb-eiroliga"],"share_on_mastodon":{"url":"https:\/\/pubeurope.com\/@lv\/116715336863281142","error":""},"_links":{"self":[{"href":"https:\/\/www.europesays.com\/lv\/wp-json\/wp\/v2\/posts\/221719","targetHints":{"allow":["GET"]}}],"collection":[{"href":"https:\/\/www.europesays.com\/lv\/wp-json\/wp\/v2\/posts"}],"about":[{"href":"https:\/\/www.europesays.com\/lv\/wp-json\/wp\/v2\/types\/post"}],"author":[{"embeddable":true,"href":"https:\/\/www.europesays.com\/lv\/wp-json\/wp\/v2\/users\/2"}],"replies":[{"embeddable":true,"href":"https:\/\/www.europesays.com\/lv\/wp-json\/wp\/v2\/comments?post=221719"}],"version-history":[{"count":0,"href":"https:\/\/www.europesays.com\/lv\/wp-json\/wp\/v2\/posts\/221719\/revisions"}],"wp:featuredmedia":[{"embeddable":true,"href":"https:\/\/www.europesays.com\/lv\/wp-json\/wp\/v2\/media\/221720"}],"wp:attachment":[{"href":"https:\/\/www.europesays.com\/lv\/wp-json\/wp\/v2\/media?parent=221719"}],"wp:term":[{"taxonomy":"category","embeddable":true,"href":"https:\/\/www.europesays.com\/lv\/wp-json\/wp\/v2\/categories?post=221719"},{"taxonomy":"post_tag","embeddable":true,"href":"https:\/\/www.europesays.com\/lv\/wp-json\/wp\/v2\/tags?post=221719"}],"curies":[{"name":"wp","href":"https:\/\/api.w.org\/{rel}","templated":true}]}}