{"id":22184,"date":"2025-10-16T05:59:07","date_gmt":"2025-10-16T05:59:07","guid":{"rendered":"https:\/\/www.europesays.com\/lv\/22184\/"},"modified":"2025-10-16T05:59:07","modified_gmt":"2025-10-16T05:59:07","slug":"saeima-sanemti-devinu-vestnieku-lugumi-neizstaties-no-stambulas-konvencijas","status":"publish","type":"post","link":"https:\/\/www.europesays.com\/lv\/22184\/","title":{"rendered":"Saeim\u0101 sa\u0146emti devi\u0146u v\u0113stnieku l\u016bgumi neizst\u0101ties no Stambulas konvencijas"},"content":{"rendered":"<p>Politi\u0137es skat\u012bjum\u0101, Latvija l\u012bdz \u0161im alla\u017e r\u012bkojusies \u0101rpolitiski gudri un vienm\u0113r bijusi &#8220;Rietumu v\u0113rt\u012bbu klubi\u0146\u0101&#8221;, lai m\u016bsu valsts tiktu skat\u012bta k\u0101 labs partneris, bet ar \u0161oruden inici\u0113to v\u0113r\u0161anos pret Stambulas konvenciju p\u0113c b\u016bt\u012bbas tiekot ap\u0161aub\u012bti Eiropas cilv\u0113kties\u012bbu instrumenti, no kuriem l\u012bdz \u0161im izst\u0101jusies tikai agresorvalsts Krievija.<\/p>\n<p>Ministre zin\u0101ja st\u0101st\u012bt, ka Saeim\u0101 ir sa\u0146emti devi\u0146u v\u0113stnieku l\u016bgumi neap\u0161aub\u012bt starptautisk\u0101s ties\u012bbas un neizst\u0101ties no Stambulas konvencijas, kas esot nebijis gad\u012bjums un apliecina partneru satraukumu.<\/p>\n<p>L\u012bbi\u0146a-Egnere tie\u0161i neatbild\u0113ja, bet lika noprast, ka &#8220;Jaun\u0101 vienot\u012bba&#8221; (JV) neg\u0101z\u012bs savu vald\u012bbu, pat ja ar <a href=\"https:\/\/www.tvnet.lv\/term\/566698\/zzs\" class=\"topicLink\" target=\"_blank\" rel=\"nofollow noopener\">ZZS<\/a> bals\u012bm notiks izst\u0101\u0161an\u0101s no konvencijas. &#8220;M\u0113s vald\u012bbas neg\u0101\u017eam un ar g\u0101z\u0113jiem vald\u012bb\u0101 neejam,&#8221; no JV rind\u0101m jau izskan\u0113ju\u0161o fr\u0101zi atk\u0101toja politi\u0137e.<\/p>\n<p>Jau v\u0113st\u012bts, ka septembra izska\u0146\u0101, pateicoties Za\u013co un zemnieku savien\u012bbas balsojumam Saeim\u0101 par Stambulas konvencijas denons\u0113\u0161anu, s\u0101k\u0101s izteikta nestabilit\u0101te vald\u012bbas koal\u012bcij\u0101. Koal\u012bcijas partneri gan ap\u0146\u0113mu\u0161ies str\u0101d\u0101t, lai pie\u0146emtu n\u0101kam\u0101 gada &#8220;dro\u0161\u012bbas bud\u017eetu&#8221;, ta\u010du tic\u012bbu Ministru prezidentes Evikas Sili\u0146as (JV) vald\u012bbas sp\u0113jai str\u0101d\u0101t ilgtermi\u0146\u0101 nu jau pau\u017e vien retais politi\u0137is.<\/p>\n<p>L\u0113mumprojekts par izst\u0101\u0161anos no konvencijas pa\u0161laik atrodas Saeimas \u0100rlietu komisij\u0101.<\/p>\n<p>Latvij\u0101 Eiropas Padomes Konvencija par vardarb\u012bbas pret sieviet\u0113m un vardarb\u012bbas \u0123imen\u0113 nov\u0113r\u0161anu un apkaro\u0161anu jeb t\u0101 d\u0113v\u0113t\u0101 <a href=\"https:\/\/www.tvnet.lv\/term\/610216\/stambulas-konvencija\" class=\"topicLink\" target=\"_blank\" rel=\"nofollow noopener\">Stambulas konvencija<\/a> st\u0101j\u0101s sp\u0113k\u0101 pag\u0101ju\u0161\u0101 gada 1. maij\u0101. Tas ir starptautisks l\u012bgums, kas paredz, ka t\u0101 dal\u012bbvalst\u012bm ir j\u0101izstr\u0101d\u0101 saska\u0146ota politika, lai lab\u0101k var\u0113tu aizsarg\u0101t sievietes no visu veidu vardarb\u012bbas, k\u0101 ar\u012b sievietes un v\u012brie\u0161us no vardarb\u012bbas \u0123imen\u0113. Tostarp dal\u012bbvalst\u012bm ir j\u0101nodro\u0161ina cietu\u0161ajiem vispus\u012bga pal\u012bdz\u012bba un aizsardz\u012bba, kr\u012bzes centri, kr\u012bzes t\u0101lrunis, kas darbojas diennakti, specializ\u0113tie atbalsta centri no seksu\u0101las vardarb\u012bbas cietu\u0161\u0101m person\u0101m, j\u0101aizsarg\u0101 un j\u0101atbalsta b\u0113rni, kas ir vardarb\u012bbas liecinieki.<\/p>\n","protected":false},"excerpt":{"rendered":"Politi\u0137es skat\u012bjum\u0101, Latvija l\u012bdz \u0161im alla\u017e r\u012bkojusies \u0101rpolitiski gudri un vienm\u0113r bijusi &#8220;Rietumu v\u0113rt\u012bbu klubi\u0146\u0101&#8221;, lai m\u016bsu valsts&hellip;\n","protected":false},"author":2,"featured_media":22185,"comment_status":"","ping_status":"","sticky":false,"template":"","format":"standard","meta":{"footnotes":""},"categories":[12],"tags":[23,28,29,32,33,22,2021,30,31,35,39,38,36,37,34,40,20,26,27,141,2023,24,25,21,666],"class_list":{"0":"post-22184","1":"post","2":"type-post","3":"status-publish","4":"format-standard","5":"has-post-thumbnail","7":"category-latvija","8":"tag-aktualitates","9":"tag-breaking-news","10":"tag-breakingnews","11":"tag-featured-news","12":"tag-featurednews","13":"tag-headlines","14":"tag-inese-libina-egnere","15":"tag-latest-news","16":"tag-latestnews","17":"tag-latvia","18":"tag-latvian","19":"tag-latviesu","20":"tag-latviesu-valoda","21":"tag-latviesuvaloda","22":"tag-latvija","23":"tag-lv","24":"tag-news","25":"tag-popularakas-zinas","26":"tag-popularakaszinas","27":"tag-saeima","28":"tag-stambulas-konvencija","29":"tag-top-stories","30":"tag-topstories","31":"tag-zinas","32":"tag-zzs"},"share_on_mastodon":{"url":"","error":""},"_links":{"self":[{"href":"https:\/\/www.europesays.com\/lv\/wp-json\/wp\/v2\/posts\/22184","targetHints":{"allow":["GET"]}}],"collection":[{"href":"https:\/\/www.europesays.com\/lv\/wp-json\/wp\/v2\/posts"}],"about":[{"href":"https:\/\/www.europesays.com\/lv\/wp-json\/wp\/v2\/types\/post"}],"author":[{"embeddable":true,"href":"https:\/\/www.europesays.com\/lv\/wp-json\/wp\/v2\/users\/2"}],"replies":[{"embeddable":true,"href":"https:\/\/www.europesays.com\/lv\/wp-json\/wp\/v2\/comments?post=22184"}],"version-history":[{"count":0,"href":"https:\/\/www.europesays.com\/lv\/wp-json\/wp\/v2\/posts\/22184\/revisions"}],"wp:featuredmedia":[{"embeddable":true,"href":"https:\/\/www.europesays.com\/lv\/wp-json\/wp\/v2\/media\/22185"}],"wp:attachment":[{"href":"https:\/\/www.europesays.com\/lv\/wp-json\/wp\/v2\/media?parent=22184"}],"wp:term":[{"taxonomy":"category","embeddable":true,"href":"https:\/\/www.europesays.com\/lv\/wp-json\/wp\/v2\/categories?post=22184"},{"taxonomy":"post_tag","embeddable":true,"href":"https:\/\/www.europesays.com\/lv\/wp-json\/wp\/v2\/tags?post=22184"}],"curies":[{"name":"wp","href":"https:\/\/api.w.org\/{rel}","templated":true}]}}