{"id":222035,"date":"2026-06-09T06:37:11","date_gmt":"2026-06-09T06:37:11","guid":{"rendered":"https:\/\/www.europesays.com\/lv\/222035\/"},"modified":"2026-06-09T06:37:11","modified_gmt":"2026-06-09T06:37:11","slug":"foto-%e2%9f%a9-dagamba-jelgava-nosledz-savu-koncertturi-un-sak-gatavosanos-decembra-koncertam-xiaomi-arena","status":"publish","type":"post","link":"https:\/\/www.europesays.com\/lv\/222035\/","title":{"rendered":"FOTO \u27e9 &#8220;DAGAMBA&#8221; Jelgav\u0101 nosl\u0113dz savu koncertt\u016bri un s\u0101k gatavo\u0161anos decembra koncertam &#8220;Xiaomi Ar\u0113n\u0101&#8221;"},"content":{"rendered":"<p>Koncertt\u016bre tika atkl\u0101ta ar diviem piln\u012bb\u0101 izp\u0101rdotiem koncertiem C\u0113su koncertz\u0101l\u0113, un t\u0101du pa\u0161u klaus\u012bt\u0101ju atsauc\u012bbu piedz\u012bvoja ar\u012b R\u0113zekne, Ventspils un Liep\u0101ja, kur katr\u0101 pils\u0113t\u0101 notika pa veseliem diviem koncertiem. T\u016bres kulmin\u0101cija izskan\u0113ja Jelgav\u0101 \u2013 koncertz\u0101l\u0113 &#8220;M\u012btava&#8221;, kur klaus\u012bt\u0101ji piedz\u012bvoja ener\u0123isku muzik\u0101lu ce\u013cojumu starp klasisk\u0101s m\u016bzikas meistardarbiem un rokm\u016bzikas le\u0123endu ska\u0146darbiem, k\u0101 ar\u012b \u012bpa\u0161u vakara p\u0101rsteigumu, \u0161armant\u0101s Aijas Andrejevas pievieno\u0161anos uz skatuves.<\/p>\n<p>&#8220;\u0160\u012b t\u016bre mums bija \u012bpa\u0161s piedz\u012bvojums. Ar albumu Mozartallica rad\u012bj\u0101m savu pasauli, kur\u0101 Mocarts satiek grupu &#8220;Metallica&#8221;, un koncertos sajut\u0101m, ka klaus\u012bt\u0101ji ir gatavi doties \u0161aj\u0101 ce\u013cojum\u0101 kop\u0101 ar mums. Paldies ikvienam, kur\u0161 bija kop\u0101 ar mums koncertos vis\u0101 Latvij\u0101,&#8221; st\u0101sta &#8220;DAGAMBA&#8221;.<\/p>\n<p>Albums Mozartallica ir grupas sept\u012btais studijas ieraksts un turpina grupai rakstur\u012bgo ce\u013cu, drosm\u012bgi sapludinot klasisko un popul\u0101ro m\u016bziku, papildinot to ar ori\u0123in\u0101lkompoz\u012bcij\u0101m un m\u016bsdien\u012bgu skan\u0113jumu. Ieraksta tap\u0161an\u0101 tika izmantotas vair\u0101kas studijas, \u012bpa\u0161u uzman\u012bbu piev\u0113r\u0161ot ska\u0146as kvalit\u0101tei un nians\u0113m.<\/p>\n<p>P\u0113c intens\u012bv\u0101s koncertsezonas grupa iepl\u0101nojusi nelielu atelpas br\u012bdi, ta\u010du jau \u0161obr\u012bd akt\u012bvi norit darbs pie n\u0101kam\u0101 liel\u0101 notikuma \u2013 v\u0113rien\u012bga koncerta &#8220;Xiaomi Ar\u0113n\u0101&#8221; ar Latvijas simfonisk\u0101 or\u0137estra un viesu dal\u012bbu, kas notiks \u0161\u012b ada 19. decembr\u012b.<\/p>\n<p>&#8220;P\u0113c tik sp\u0113c\u012bgas ener\u0123ijas, ko sa\u0146\u0113m\u0101m no klaus\u012bt\u0101jiem t\u016bres laik\u0101, v\u0113lamies decembr\u012b rad\u012bt ko patiesi \u012bpa\u0161u. Tas b\u016bs koncerts, kur\u0101 apvienosim l\u012bdz\u0161in\u0113jo pieredzi, jaunus muzik\u0101lus p\u0101rsteigumus un iespaid\u012bgu vizu\u0101lo st\u0101stu,&#8221; sola grupas dal\u012bbnieki.<\/p>\n<p>Bi\u013cetes uz &#8220;DAGMABA&#8221; 19. decembra koncert\u0161ovu &#8220;Xiaomi Ar\u0113n\u0101&#8221; R\u012bg\u0101 nop\u0113rkamas &#8220;Bi\u013ce\u0161u Parad\u012bzes&#8221; kas\u0113s un <a target=\"_blank\" rel=\"noopener noreferrer nofollow\" href=\"https:\/\/www.bilesuparadize.lv\">t\u012bmekl\u012b.<\/a><\/p>\n","protected":false},"excerpt":{"rendered":"Koncertt\u016bre tika atkl\u0101ta ar diviem piln\u012bb\u0101 izp\u0101rdotiem koncertiem C\u0113su koncertz\u0101l\u0113, un t\u0101du pa\u0161u klaus\u012bt\u0101ju atsauc\u012bbu piedz\u012bvoja ar\u012b R\u0113zekne,&hellip;\n","protected":false},"author":2,"featured_media":222036,"comment_status":"","ping_status":"","sticky":false,"template":"","format":"standard","meta":{"footnotes":"","_share_on_mastodon":"0"},"categories":[19],"tags":[101,89,90,35,39,38,36,37,34,40,1068],"class_list":["post-222035","post","type-post","status-publish","format-standard","has-post-thumbnail","category-izklaide","tag-dagamba","tag-entertainment","tag-izklaide","tag-latvia","tag-latvian","tag-latviesu","tag-latviesu-valoda","tag-latviesuvaloda","tag-latvija","tag-lv","tag-xiaomi-arena"],"share_on_mastodon":{"url":"https:\/\/pubeurope.com\/@lv\/116718773600135087","error":""},"_links":{"self":[{"href":"https:\/\/www.europesays.com\/lv\/wp-json\/wp\/v2\/posts\/222035","targetHints":{"allow":["GET"]}}],"collection":[{"href":"https:\/\/www.europesays.com\/lv\/wp-json\/wp\/v2\/posts"}],"about":[{"href":"https:\/\/www.europesays.com\/lv\/wp-json\/wp\/v2\/types\/post"}],"author":[{"embeddable":true,"href":"https:\/\/www.europesays.com\/lv\/wp-json\/wp\/v2\/users\/2"}],"replies":[{"embeddable":true,"href":"https:\/\/www.europesays.com\/lv\/wp-json\/wp\/v2\/comments?post=222035"}],"version-history":[{"count":0,"href":"https:\/\/www.europesays.com\/lv\/wp-json\/wp\/v2\/posts\/222035\/revisions"}],"wp:featuredmedia":[{"embeddable":true,"href":"https:\/\/www.europesays.com\/lv\/wp-json\/wp\/v2\/media\/222036"}],"wp:attachment":[{"href":"https:\/\/www.europesays.com\/lv\/wp-json\/wp\/v2\/media?parent=222035"}],"wp:term":[{"taxonomy":"category","embeddable":true,"href":"https:\/\/www.europesays.com\/lv\/wp-json\/wp\/v2\/categories?post=222035"},{"taxonomy":"post_tag","embeddable":true,"href":"https:\/\/www.europesays.com\/lv\/wp-json\/wp\/v2\/tags?post=222035"}],"curies":[{"name":"wp","href":"https:\/\/api.w.org\/{rel}","templated":true}]}}