{"id":22215,"date":"2025-10-16T06:29:08","date_gmt":"2025-10-16T06:29:08","guid":{"rendered":"https:\/\/www.europesays.com\/lv\/22215\/"},"modified":"2025-10-16T06:29:08","modified_gmt":"2025-10-16T06:29:08","slug":"pasvaldibam-var-nakties-atteikties-no-elektroniskas-dokumentu-aprites","status":"publish","type":"post","link":"https:\/\/www.europesays.com\/lv\/22215\/","title":{"rendered":"Pa\u0161vald\u012bb\u0101m var n\u0101kties atteikties no elektronisk\u0101s dokumentu aprites"},"content":{"rendered":"<p>V\u0113stul\u0113 Ministru prezidentei Evikai Sili\u0146ai (JV), finan\u0161u ministram Arvilam A\u0161eradenam (JV), ministrij\u0101m, Datu valsts inspekcijai un citiem nor\u0101d\u012bts, ka SIA &#8220;ZZ Dats&#8221; pied\u0101v\u0101t\u0101s Vienot\u0101s pa\u0161vald\u012bbu inform\u0101cijas sist\u0113mas <a href=\"https:\/\/www.apollo.lv\/term\/670911\/izmaksas\" class=\"topicLink\" target=\"_blank\" rel=\"nofollow noopener\">izmaksas<\/a> n\u0101kamajam gadam da\u017e\u0101m pa\u0161vald\u012bb\u0101m pieaugs l\u012bdz 80%, un atsevi\u0161\u0137\u0101m pa\u0161vald\u012bb\u0101m izmaksas gandr\u012bz dubultosies.<\/p>\n<p>LPS uzsver, ka straujais cenu pieaugums rada risku palielin\u0101t birokr\u0101tisko slogu un administrat\u012bv\u0101s izmaksas, k\u0101 ar\u012b var novest pie atgrie\u0161an\u0101s pie pap\u012bra dokumentu aprites.<\/p>\n<p>Organiz\u0101cijas v\u0113stul\u0113 izteikts aicin\u0101jums valsts instit\u016bcij\u0101m atrast ilgtermi\u0146a risin\u0101jumus monopolst\u0101vok\u013ca p\u0101rvar\u0113\u0161anai pa\u0161vald\u012bbu inform\u0101cijas sist\u0113mu tirg\u016b un atbalst\u012bt <a href=\"https:\/\/www.apollo.lv\/term\/555806\/pasvaldibas\" class=\"topicLink\" target=\"_blank\" rel=\"nofollow noopener\">pa\u0161vald\u012bbas<\/a>, nodro\u0161inot kvalitat\u012bvus digit\u0101los pakalpojumus ar\u012b main\u012bga bud\u017eeta apst\u0101k\u013cos.<\/p>\n<p>Latvijas pa\u0161vald\u012bbas kop\u0161 1997. gada izmanto SIA &#8220;ZZ Dats&#8221; izstr\u0101d\u0101to sist\u0113mu, kas nodro\u0161ina b\u016btisk\u0101kos digitaliz\u0101cijas risin\u0101jumus pa\u0161vald\u012bbu funkcij\u0101s, taj\u0101 skait\u0101 nekustam\u0101 \u012bpa\u0161uma nodok\u013ca administr\u0113\u0161an\u0101, iedz\u012bvot\u0101ju re\u0123istr\u0101cij\u0101 un soci\u0101lo pakalpojumu administr\u0113\u0161an\u0101.<\/p>\n<p>LPS atz\u012bm\u0113, ka, neskatoties uz ilggad\u0113jo lieto\u0161anu, pa\u0161vald\u012bbas nav sist\u0113mas \u012bpa\u0161nieces un t\u0101m ik gadu j\u0101sedz palielin\u0101tas uztur\u0113\u0161anas izmaksas. P\u0113rn SIA &#8220;ZZ Dats&#8221; jau palielin\u0101ja izmaksas 2025. gadam vis\u0101m pa\u0161vald\u012bb\u0101m l\u012bdz 30%, kas bija nepieredz\u0113ts pieaugums un rad\u012bja papildu administrat\u012bvos izdevumus pa\u0161vald\u012bbu bud\u017eetos.<\/p>\n","protected":false},"excerpt":{"rendered":"V\u0113stul\u0113 Ministru prezidentei Evikai Sili\u0146ai (JV), finan\u0161u ministram Arvilam A\u0161eradenam (JV), ministrij\u0101m, Datu valsts inspekcijai un citiem nor\u0101d\u012bts,&hellip;\n","protected":false},"author":2,"featured_media":22216,"comment_status":"","ping_status":"","sticky":false,"template":"","format":"standard","meta":{"footnotes":""},"categories":[12],"tags":[23,28,29,7034,7033,32,33,22,4026,30,31,35,39,38,36,37,34,40,20,1860,26,27,24,25,21],"class_list":{"0":"post-22215","1":"post","2":"type-post","3":"status-publish","4":"format-standard","5":"has-post-thumbnail","7":"category-latvija","8":"tag-aktualitates","9":"tag-breaking-news","10":"tag-breakingnews","11":"tag-dokumenti","12":"tag-elektronisks","13":"tag-featured-news","14":"tag-featurednews","15":"tag-headlines","16":"tag-izmaksas","17":"tag-latest-news","18":"tag-latestnews","19":"tag-latvia","20":"tag-latvian","21":"tag-latviesu","22":"tag-latviesu-valoda","23":"tag-latviesuvaloda","24":"tag-latvija","25":"tag-lv","26":"tag-news","27":"tag-pasvaldibas","28":"tag-popularakas-zinas","29":"tag-popularakaszinas","30":"tag-top-stories","31":"tag-topstories","32":"tag-zinas"},"share_on_mastodon":{"url":"","error":""},"_links":{"self":[{"href":"https:\/\/www.europesays.com\/lv\/wp-json\/wp\/v2\/posts\/22215","targetHints":{"allow":["GET"]}}],"collection":[{"href":"https:\/\/www.europesays.com\/lv\/wp-json\/wp\/v2\/posts"}],"about":[{"href":"https:\/\/www.europesays.com\/lv\/wp-json\/wp\/v2\/types\/post"}],"author":[{"embeddable":true,"href":"https:\/\/www.europesays.com\/lv\/wp-json\/wp\/v2\/users\/2"}],"replies":[{"embeddable":true,"href":"https:\/\/www.europesays.com\/lv\/wp-json\/wp\/v2\/comments?post=22215"}],"version-history":[{"count":0,"href":"https:\/\/www.europesays.com\/lv\/wp-json\/wp\/v2\/posts\/22215\/revisions"}],"wp:featuredmedia":[{"embeddable":true,"href":"https:\/\/www.europesays.com\/lv\/wp-json\/wp\/v2\/media\/22216"}],"wp:attachment":[{"href":"https:\/\/www.europesays.com\/lv\/wp-json\/wp\/v2\/media?parent=22215"}],"wp:term":[{"taxonomy":"category","embeddable":true,"href":"https:\/\/www.europesays.com\/lv\/wp-json\/wp\/v2\/categories?post=22215"},{"taxonomy":"post_tag","embeddable":true,"href":"https:\/\/www.europesays.com\/lv\/wp-json\/wp\/v2\/tags?post=22215"}],"curies":[{"name":"wp","href":"https:\/\/api.w.org\/{rel}","templated":true}]}}