{"id":22217,"date":"2025-10-16T06:30:09","date_gmt":"2025-10-16T06:30:09","guid":{"rendered":"https:\/\/www.europesays.com\/lv\/22217\/"},"modified":"2025-10-16T06:30:09","modified_gmt":"2025-10-16T06:30:09","slug":"deputats-andrejs-vilks-noliek-mandatu-saeima-koalicijai-steidzami-nepieciesama-balsu-stabilitate-lente-lv","status":"publish","type":"post","link":"https:\/\/www.europesays.com\/lv\/22217\/","title":{"rendered":"Deput\u0101ts Andrejs Vilks noliek mand\u0101tu Saeim\u0101; koal\u012bcijai steidzami nepiecie\u0161ama balsu stabilit\u0101te\u00a0\u2014\u00a0Lente.lv"},"content":{"rendered":"<p>Deput\u0101ta Andreja Vilka aizie\u0161ana satricina Saeimas politisko ainavu<\/p>\n<p>14. Saeimas deput\u0101ts Andrejs Vilks, p\u0101rst\u0101vot Za\u013co un Zemnieku savien\u012bbu (ZZS), ir pie\u0146\u0113mis l\u0113mumu nolikt savu mand\u0101tu. \u0160is solis, kas izskan\u0113jis 2025. gada 10. oktobr\u012b, rada zin\u0101mu satraukumu politiskaj\u0101 vid\u0113, \u012bpa\u0161i \u0146emot v\u0113r\u0101 koal\u012bcijas smalko balsu vair\u0101kumu. Vilka aizie\u0161ana tiek skaidrota ar person\u012bgiem apsv\u0113rumiem un, iesp\u0113jams, vesel\u012bbas probl\u0113m\u0101m, kas liedza pilnv\u0113rt\u012bgi piedal\u012bties Saeimas s\u0113d\u0113s . Vi\u0146a viet\u0101 Saeim\u0101 darbu turpin\u0101s J\u0101nis Din\u0113vi\u010ds .<\/p>\n<p>Koal\u012bcijas stabilit\u0101te un bud\u017eeta izaicin\u0101jumi<\/p>\n<p>Andreja Vilka l\u0113mums nolikt mand\u0101tu ir \u012bpa\u0161i noz\u012bm\u012bgs kontekst\u0101 ar tuvojo\u0161os valsts bud\u017eeta projekta izskat\u012b\u0161anu . Koal\u012bcijai, kurai ir tikai nedaudz vair\u0101k par pusi no Saeimas deput\u0101tu bals\u012bm, katra balss ir kritiski svar\u012bga, lai nodro\u0161in\u0101tu likumdo\u0161anas procesa nep\u0101rtraukt\u012bbu. Iepriek\u0161 jau ir biju\u0161i gad\u012bjumi, kad kvoruma tr\u016bkuma d\u0113\u013c Saeimas s\u0113des ir n\u0101cies p\u0101rtraukt, radot ba\u017eas par valdo\u0161\u0101s koal\u012bcijas sp\u0113ju efekt\u012bvi str\u0101d\u0101t . Vilka aizieto\u0161ana, lai gan \u0161\u0137iet personisks l\u0113mums, tie\u0161i ietekm\u0113 koal\u012bcijas balsu skaitu, mudinot politiskos sp\u0113kus stiprin\u0101t savas poz\u012bcijas pirms svar\u012bgajiem balsojumiem.<\/p>\n<p>Andrejs Vilks \u2013 politisk\u0101 un akad\u0113misk\u0101 pieredze<\/p>\n<p>Andrejs Vilks, kur\u0161 dzimis 1954. gad\u0101, ir ne tikai politi\u0137is, bet ar\u012b paz\u012bstams kriminologs, juridisko zin\u0101t\u0146u doktors un pasniedz\u0113js Latvijas Universit\u0101t\u0113 un R\u012bgas Stradi\u0146a Universit\u0101t\u0113 . Vi\u0146a politisk\u0101 karjera nav aprobe\u017eojusies tikai ar Saeimu; vi\u0146\u0161 iepriek\u0161 vair\u0101kk\u0101rt ir iev\u0113l\u0113ts R\u012bgas dom\u0113 . Vilks Saeim\u0101 tika iev\u0113l\u0113ts no Za\u013co un Zemnieku savien\u012bbas (ZZS) saraksta, kur\u0101 iek\u013cauta ar\u012b vi\u0146a p\u0101rst\u0101v\u0113t\u0101 Latvijas Soci\u0101ldemokr\u0101tisk\u0101 str\u0101dnieku partija (LSDSP) . Vilka aizie\u0161ana no Saeimas ir noz\u012bm\u012bgs notikums ZZS, kas ir viena no liel\u0101kaj\u0101m politiskaj\u0101m apvien\u012bb\u0101m Latvij\u0101 .<\/p>\n<p>J\u0101nis Din\u0113vi\u010ds \u2013 pieredz\u0113jis politiskais darbinieks<\/p>\n<p>Andreja Vilka mand\u0101tu Saeim\u0101 p\u0101r\u0146ems J\u0101nis Din\u0113vi\u010ds, politiski akt\u012bvs jau vair\u0101kus gadu desmitus . Din\u0113vi\u010ds ir bijis viens no Latvijas Tautas frontes dibin\u0101t\u0101jiem, darbojies k\u0101 Augst\u0101k\u0101s padomes deput\u0101ts un ie\u0146\u0113mis ministru amatus, k\u0101 ar\u012b bijis R\u012bgas domes deput\u0101ts un vad\u012bjis LSDSP strukt\u016bras . Vi\u0146a pla\u0161\u0101 politisk\u0101 pieredze, s\u0101kot no asto\u0146desmitajiem gadiem, var\u0113tu b\u016bt v\u0113rt\u012bga pa\u0161reiz\u0113j\u0101 sare\u017e\u0123\u012btaj\u0101 politiskaj\u0101 situ\u0101cij\u0101, it \u012bpa\u0161i bud\u017eeta pie\u0146em\u0161anas laik\u0101 . Vi\u0146\u0161 iepriek\u0161 ar\u012b vair\u0101kk\u0101rt ir kandid\u0113jis gan Eiropas Parlamenta, gan Saeimas v\u0113l\u0113\u0161an\u0101s .<\/p>\n<p>Politisk\u0101s dinamikas mai\u0146a un n\u0101kotnes perspekt\u012bvas<\/p>\n<p>Andreja Vilka l\u0113mums nolikt mand\u0101tu, lai gan negaid\u012bts, ievada p\u0101rmai\u0146as Saeimas politiskaj\u0101 ainav\u0101 . Lai gan Vilks pagaid\u0101m nav publiski koment\u0113jis savus turpm\u0101kos pl\u0101nus, vi\u0146a akad\u0113misk\u0101 un sabiedrisk\u0101 darb\u012bba, iesp\u0113jams, turpin\u0101sies . ZZS savuk\u0101rt mekl\u0113s jaunu virzienu un strat\u0113\u0123iju parlament\u0101, \u0146emot v\u0113r\u0101 \u0161o izmai\u0146u . Politologi nor\u0101da, ka \u0161\u0101das izmai\u0146as var ietekm\u0113t ZZS turpm\u0101ko darb\u012bbu, \u012bpa\u0161i gaid\u0101maj\u0101s diskusij\u0101s par valsts bud\u017eetu un citiem svar\u012bgiem jaut\u0101jumiem . Koal\u012bcija, iesp\u0113jams, cent\u012bsies demonstr\u0113t vienot\u012bbu un stabilit\u0101ti, lai gan opoz\u012bcija var\u0113tu turpin\u0101t izmantot jebkuru iesp\u0113jamu v\u0101jumu .<\/p>\n","protected":false},"excerpt":{"rendered":"Deput\u0101ta Andreja Vilka aizie\u0161ana satricina Saeimas politisko ainavu 14. Saeimas deput\u0101ts Andrejs Vilks, p\u0101rst\u0101vot Za\u013co un Zemnieku savien\u012bbu&hellip;\n","protected":false},"author":2,"featured_media":22218,"comment_status":"","ping_status":"","sticky":false,"template":"","format":"standard","meta":{"footnotes":""},"categories":[5],"tags":[23,7035,28,29,32,33,22,7036,351,30,31,35,39,38,36,37,34,40,20,26,27,141,24,25,21,666],"class_list":{"0":"post-22217","1":"post","2":"type-post","3":"status-publish","4":"format-standard","5":"has-post-thumbnail","7":"category-aktualitates","8":"tag-aktualitates","9":"tag-andrejs-vilks","10":"tag-breaking-news","11":"tag-breakingnews","12":"tag-featured-news","13":"tag-featurednews","14":"tag-headlines","15":"tag-janis-dinevics","16":"tag-koalicija","17":"tag-latest-news","18":"tag-latestnews","19":"tag-latvia","20":"tag-latvian","21":"tag-latviesu","22":"tag-latviesu-valoda","23":"tag-latviesuvaloda","24":"tag-latvija","25":"tag-lv","26":"tag-news","27":"tag-popularakas-zinas","28":"tag-popularakaszinas","29":"tag-saeima","30":"tag-top-stories","31":"tag-topstories","32":"tag-zinas","33":"tag-zzs"},"share_on_mastodon":{"url":"","error":""},"_links":{"self":[{"href":"https:\/\/www.europesays.com\/lv\/wp-json\/wp\/v2\/posts\/22217","targetHints":{"allow":["GET"]}}],"collection":[{"href":"https:\/\/www.europesays.com\/lv\/wp-json\/wp\/v2\/posts"}],"about":[{"href":"https:\/\/www.europesays.com\/lv\/wp-json\/wp\/v2\/types\/post"}],"author":[{"embeddable":true,"href":"https:\/\/www.europesays.com\/lv\/wp-json\/wp\/v2\/users\/2"}],"replies":[{"embeddable":true,"href":"https:\/\/www.europesays.com\/lv\/wp-json\/wp\/v2\/comments?post=22217"}],"version-history":[{"count":0,"href":"https:\/\/www.europesays.com\/lv\/wp-json\/wp\/v2\/posts\/22217\/revisions"}],"wp:featuredmedia":[{"embeddable":true,"href":"https:\/\/www.europesays.com\/lv\/wp-json\/wp\/v2\/media\/22218"}],"wp:attachment":[{"href":"https:\/\/www.europesays.com\/lv\/wp-json\/wp\/v2\/media?parent=22217"}],"wp:term":[{"taxonomy":"category","embeddable":true,"href":"https:\/\/www.europesays.com\/lv\/wp-json\/wp\/v2\/categories?post=22217"},{"taxonomy":"post_tag","embeddable":true,"href":"https:\/\/www.europesays.com\/lv\/wp-json\/wp\/v2\/tags?post=22217"}],"curies":[{"name":"wp","href":"https:\/\/api.w.org\/{rel}","templated":true}]}}