{"id":222513,"date":"2026-06-09T17:04:11","date_gmt":"2026-06-09T17:04:11","guid":{"rendered":"https:\/\/www.europesays.com\/lv\/222513\/"},"modified":"2026-06-09T17:04:11","modified_gmt":"2026-06-09T17:04:11","slug":"vai-sim-cilvekam-vajadzeja-atrasties-musu-valsti-brutalais-uzbrukums-ziemelirija-satricina-politikus","status":"publish","type":"post","link":"https:\/\/www.europesays.com\/lv\/222513\/","title":{"rendered":"&#8220;Vai \u0161im cilv\u0113kam vajadz\u0113ja atrasties m\u016bsu valst\u012b?&#8221; \u2013 brut\u0101lais uzbrukums Zieme\u013c\u012brij\u0101 satricina politi\u0137us"},"content":{"rendered":"<p>Vi\u0146a sac\u012bja: &#8220;Esmu dzird\u0113jusi \u013coti maz par to, kas var\u0113tu b\u016bt uzbruc\u0113js, bet daudzi cilv\u0113ki atkal s\u0101ks jaut\u0101t \u2013 vai \u0161im cilv\u0113kam visp\u0101r vajadz\u0113ja atrasties m\u016bsu valst\u012b? Vai ir biju\u0161as probl\u0113mas ar robe\u017e\u0101m? Es aicin\u0101tu policiju p\u0113c iesp\u0113jas \u0101tr\u0101k publiskot faktus, lai m\u0113s var\u0113tu ieg\u016bt skaidr\u012bbu.&#8221;<\/p>\n<p>Zieme\u013c\u012brijas politi\u0137e Emma Litla-Pengeli pazi\u0146ojusi, ka vi\u0146a run\u0101jusi ar Zieme\u013c\u012brijas policijas p\u0101rst\u0101vi D\u017eonu Bu\u010deru un aicin\u0101jusi uz atkl\u0101tu komunik\u0101ciju ar sabiedr\u012bbu.<\/p>\n<p>Vi\u0146a platform\u0101 &#8220;X&#8221; nor\u0101d\u012bja:&#8221;Esmu aicin\u0101jusi uz piln\u012bgu un atkl\u0101tu komunik\u0101ciju ar sabiedr\u012bbu par \u0161o dzi\u013ci satrauco\u0161o un pret\u012bgo situ\u0101ciju.&#8221;<\/p>\n<blockquote class=\"twitter-tweet\" data-width=\"550\" data-dnt=\"true\">\n<p lang=\"en\" dir=\"ltr\">I have spoken with the Chief Constable this morning and I have urged a full and open communication with the public on this deeply worrying and sickening situation.  <\/p>\n<p>I will continue in contact throughout this morning and will update as soon as information is available.<\/p>\n<p>\u2014 Emma Little-Pengelly BL (@little_pengelly) <a href=\"https:\/\/x.com\/little_pengelly\/status\/2064265785795592688?ref_src=twsrc%5Etfw\" rel=\"nofollow\">June 9, 2026<\/a><\/p>\n<\/blockquote>\n<p>Vi\u0146a iepriek\u0161 nosod\u012bja uzbrukumu k\u0101 &#8220;brut\u0101lu vardarb\u012bbas aktu&#8221;, raksturojot to k\u0101 &#8220;me\u017eon\u012bgu un barbarisku&#8221;, un aicin\u0101ja uz mieru situ\u0101cij\u0101, kas ir saspringta un satrauco\u0161a.<\/p>\n<p class=\"ad-desc ad-desc-main\">Saturs turpin\u0101s p\u0113c rekl\u0101mas<\/p>\n<p class=\"ad-desc ad-desc-sec\">Rekl\u0101ma<\/p>\n<p>Politi\u0137e ar\u012b sol\u012bja sniegt papildu inform\u0101ciju, tikl\u012bdz t\u0101 b\u016bs pieejama.<\/p>\n<p>Zieme\u013crietumu Migrantu forums (North West Migrants Forum), labdar\u012bbas organiz\u0101cija, kas str\u0101d\u0101 ar kopien\u0101m vis\u0101 Zieme\u013c\u012brij\u0101 un \u012arij\u0101, ar\u012b ir n\u0101kusi klaj\u0101 ar pazi\u0146ojumu p\u0113c sadur\u0161anas uzbrukuma Belf\u0101st\u0101.<\/p>\n<p>Organiz\u0101cija nor\u0101d\u012bja, ka &#8220;\u0161\u0101di uzbrukumi m\u016bsu darbu nepadara viegl\u0101ku&#8221;. &#8220;M\u0113s piln\u012bb\u0101 saprotam, ka daudzi cilv\u0113ki jut\u012bsies nobiju\u0161ies, dusm\u012bgi un v\u0113l\u0113sies atbildes,&#8221; forums rakst\u012bja soci\u0101laj\u0101 platform\u0101 &#8220;Facebook&#8221;. &#8220;M\u016bsu biedri ar\u012b ir nobiju\u0161ies. Labi, god\u012bgi cilv\u0113ki \u0161or\u012bt raiz\u0113jas par to, ko vakardienas uzbrukums noz\u012bm\u0113s vi\u0146iem.<\/p>\n<p>Liel\u0101k\u0101 da\u013ca cilv\u0113ku, kas pie mums v\u0113r\u0161as, v\u0113las tikai dz\u012bvot mier\u0101 un veidot dz\u012bvi sev un sav\u0101m \u0123imen\u0113m. Zieme\u013c\u012brija labi zina, cik b\u012bstami ir vainot visu kopienu viena indiv\u012bda vai nelielas grupas r\u012bc\u012bbas d\u0113\u013c. Turpm\u0101kaj\u0101s stund\u0101s, dien\u0101s un ned\u0113\u013c\u0101s m\u0113s l\u016bdzam cilv\u0113kus to patur\u0113t pr\u0101t\u0101.&#8221;<\/p>\n<p>K\u0101 zi\u0146ots, policija uzbrukuma viet\u0101 ieradusies da\u017eu min\u016b\u0161u laik\u0101 un saist\u012bb\u0101 ar incidentu aiztur\u0113jusi aptuveni 30 gadus vecu v\u012brieti, kur\u0161 tiek tur\u0113ts aizdom\u0101s par slepkav\u012bbas m\u0113\u0123in\u0101jumu. V\u012brietis valst\u012b ieradies no Sud\u0101nas un joproj\u0101m atrodas policijas apcietin\u0101jum\u0101.<\/p>\n<p>Policija notiku\u0161o klasific\u0113jusi k\u0101 kritisku incidentu un uzs\u0101kusi izmekl\u0113\u0161anu, lai noskaidrotu uzbrukuma mot\u012bvu. Zieme\u013c\u012brijas policijas p\u0101rst\u0101vis Raiens Hendersons nor\u0101d\u012bja, ka tas ir &#8220;\u013coti satrauco\u0161s uzbrukums&#8221;, kas rad\u012bjis \u0161oku viet\u0113j\u0101 sabiedr\u012bb\u0101. Vi\u0146\u0161 uzsv\u0113ra, ka policija situ\u0101ciju uztver ar visliel\u0101ko nopietn\u012bbu un izmekl\u0113\u0161ana turpin\u0101s intens\u012bvi.<\/p>\n","protected":false},"excerpt":{"rendered":"Vi\u0146a sac\u012bja: &#8220;Esmu dzird\u0113jusi \u013coti maz par to, kas var\u0113tu b\u016bt uzbruc\u0113js, bet daudzi cilv\u0113ki atkal s\u0101ks jaut\u0101t&hellip;\n","protected":false},"author":2,"featured_media":222514,"comment_status":"","ping_status":"","sticky":false,"template":"","format":"standard","meta":{"footnotes":"","_share_on_mastodon":"0"},"categories":[12],"tags":[23,28,29,32,33,22,30,31,35,39,38,36,37,34,40,20,38653,26,27,24,25,21],"class_list":["post-222513","post","type-post","status-publish","format-standard","has-post-thumbnail","category-latvija","tag-aktualitates","tag-breaking-news","tag-breakingnews","tag-featured-news","tag-featurednews","tag-headlines","tag-latest-news","tag-latestnews","tag-latvia","tag-latvian","tag-latviesu","tag-latviesu-valoda","tag-latviesuvaloda","tag-latvija","tag-lv","tag-news","tag-noziegumsziemelirija","tag-popularakas-zinas","tag-popularakaszinas","tag-top-stories","tag-topstories","tag-zinas"],"share_on_mastodon":{"url":"https:\/\/pubeurope.com\/@lv\/116721238947174361","error":""},"_links":{"self":[{"href":"https:\/\/www.europesays.com\/lv\/wp-json\/wp\/v2\/posts\/222513","targetHints":{"allow":["GET"]}}],"collection":[{"href":"https:\/\/www.europesays.com\/lv\/wp-json\/wp\/v2\/posts"}],"about":[{"href":"https:\/\/www.europesays.com\/lv\/wp-json\/wp\/v2\/types\/post"}],"author":[{"embeddable":true,"href":"https:\/\/www.europesays.com\/lv\/wp-json\/wp\/v2\/users\/2"}],"replies":[{"embeddable":true,"href":"https:\/\/www.europesays.com\/lv\/wp-json\/wp\/v2\/comments?post=222513"}],"version-history":[{"count":0,"href":"https:\/\/www.europesays.com\/lv\/wp-json\/wp\/v2\/posts\/222513\/revisions"}],"wp:featuredmedia":[{"embeddable":true,"href":"https:\/\/www.europesays.com\/lv\/wp-json\/wp\/v2\/media\/222514"}],"wp:attachment":[{"href":"https:\/\/www.europesays.com\/lv\/wp-json\/wp\/v2\/media?parent=222513"}],"wp:term":[{"taxonomy":"category","embeddable":true,"href":"https:\/\/www.europesays.com\/lv\/wp-json\/wp\/v2\/categories?post=222513"},{"taxonomy":"post_tag","embeddable":true,"href":"https:\/\/www.europesays.com\/lv\/wp-json\/wp\/v2\/tags?post=222513"}],"curies":[{"name":"wp","href":"https:\/\/api.w.org\/{rel}","templated":true}]}}