{"id":22278,"date":"2025-10-16T07:35:07","date_gmt":"2025-10-16T07:35:07","guid":{"rendered":"https:\/\/www.europesays.com\/lv\/22278\/"},"modified":"2025-10-16T07:35:07","modified_gmt":"2025-10-16T07:35:07","slug":"parmet-par-neorganizetu-darbu-rigas-domes-sede-ilgst-gandriz-15-stundas","status":"publish","type":"post","link":"https:\/\/www.europesays.com\/lv\/22278\/","title":{"rendered":"P\u0101rmet par neorganiz\u0113tu darbu \u2013 R\u012bgas domes s\u0113de ilgst gandr\u012bz 15 stundas"},"content":{"rendered":"<p>P\u0101rmetumus par s\u0113des organiz\u0113\u0161anu no opoz\u012bcijas izpeln\u012bj\u0101s gan koal\u012bcija, gan R\u012bgas m\u0113rs. Tika nor\u0101d\u012bts, ka, liekot R\u012bgas domes darbiniekiem str\u0101d\u0101t \u0101rpus darba laika, tiek nodar\u012bti zaud\u0113jumi pa\u0161vald\u012bbai, jo darbiniekiem par darbu nakts stund\u0101s b\u016bs j\u0101piemaks\u0101, vai ar\u012b j\u0101kompens\u0113 padar\u012btais ar br\u012bvo laiku.<\/p>\n<p>Kopum\u0101 domes s\u0113d\u0113 bija iek\u013cauti 74 jaut\u0101jumi.<\/p>\n<p>Deput\u0101ti diskut\u0113ja gan par \u0112tikas komisijas izveidi, gan par Pretkorupcijas un labas p\u0101rvald\u012bbas komisijas nolikumu, gan par R\u012bgas invest\u012bciju un t\u016brisma a\u0123ent\u016bras darb\u012bbu, gan par neuztic\u012bbas izteik\u0161anu &#8220;R\u012bgas namu p\u0101rvaldnieka&#8221; vad\u012bbai.<\/p>\n<p>Tas bija viens no p\u0113d\u0113jiem jaut\u0101jumiem, un taj\u0101 rais\u012bj\u0101s vienas no visas\u0101kaj\u0101m debat\u0113m.<\/p>\n<p>Vair\u0101kas reizes gan opoz\u012bcijas, gan koal\u012bcijas frakcijas piepras\u012bja p\u0101rtraukumus.<\/p>\n","protected":false},"excerpt":{"rendered":"P\u0101rmetumus par s\u0113des organiz\u0113\u0161anu no opoz\u012bcijas izpeln\u012bj\u0101s gan koal\u012bcija, gan R\u012bgas m\u0113rs. Tika nor\u0101d\u012bts, ka, liekot R\u012bgas domes&hellip;\n","protected":false},"author":2,"featured_media":22279,"comment_status":"","ping_status":"","sticky":false,"template":"","format":"standard","meta":{"footnotes":""},"categories":[12],"tags":[23,28,29,7048,32,33,22,30,31,35,39,38,36,37,34,40,20,26,27,687,24,25,21],"class_list":{"0":"post-22278","1":"post","2":"type-post","3":"status-publish","4":"format-standard","5":"has-post-thumbnail","7":"category-latvija","8":"tag-aktualitates","9":"tag-breaking-news","10":"tag-breakingnews","11":"tag-domes-sede","12":"tag-featured-news","13":"tag-featurednews","14":"tag-headlines","15":"tag-latest-news","16":"tag-latestnews","17":"tag-latvia","18":"tag-latvian","19":"tag-latviesu","20":"tag-latviesu-valoda","21":"tag-latviesuvaloda","22":"tag-latvija","23":"tag-lv","24":"tag-news","25":"tag-popularakas-zinas","26":"tag-popularakaszinas","27":"tag-rigas-dome","28":"tag-top-stories","29":"tag-topstories","30":"tag-zinas"},"share_on_mastodon":{"url":"","error":""},"_links":{"self":[{"href":"https:\/\/www.europesays.com\/lv\/wp-json\/wp\/v2\/posts\/22278","targetHints":{"allow":["GET"]}}],"collection":[{"href":"https:\/\/www.europesays.com\/lv\/wp-json\/wp\/v2\/posts"}],"about":[{"href":"https:\/\/www.europesays.com\/lv\/wp-json\/wp\/v2\/types\/post"}],"author":[{"embeddable":true,"href":"https:\/\/www.europesays.com\/lv\/wp-json\/wp\/v2\/users\/2"}],"replies":[{"embeddable":true,"href":"https:\/\/www.europesays.com\/lv\/wp-json\/wp\/v2\/comments?post=22278"}],"version-history":[{"count":0,"href":"https:\/\/www.europesays.com\/lv\/wp-json\/wp\/v2\/posts\/22278\/revisions"}],"wp:featuredmedia":[{"embeddable":true,"href":"https:\/\/www.europesays.com\/lv\/wp-json\/wp\/v2\/media\/22279"}],"wp:attachment":[{"href":"https:\/\/www.europesays.com\/lv\/wp-json\/wp\/v2\/media?parent=22278"}],"wp:term":[{"taxonomy":"category","embeddable":true,"href":"https:\/\/www.europesays.com\/lv\/wp-json\/wp\/v2\/categories?post=22278"},{"taxonomy":"post_tag","embeddable":true,"href":"https:\/\/www.europesays.com\/lv\/wp-json\/wp\/v2\/tags?post=22278"}],"curies":[{"name":"wp","href":"https:\/\/api.w.org\/{rel}","templated":true}]}}