{"id":22316,"date":"2025-10-16T08:03:10","date_gmt":"2025-10-16T08:03:10","guid":{"rendered":"https:\/\/www.europesays.com\/lv\/22316\/"},"modified":"2025-10-16T08:03:10","modified_gmt":"2025-10-16T08:03:10","slug":"teslam-koplietosanas-segmenta-ir-salidzinosi-augstas-uzturesanas-izmaksas-dienas-bizness","status":"publish","type":"post","link":"https:\/\/www.europesays.com\/lv\/22316\/","title":{"rendered":"Tesl\u0101m koplieto\u0161anas segment\u0101 ir sal\u012bdzino\u0161i augstas uztur\u0113\u0161anas izmaksas :: Dienas Bizness"},"content":{"rendered":"<p class=\"text-font font-size--text-xlarge margin-3--bottom font-weight--bold padding-1--top\">Z\u012bmola &#8220;Tesla&#8221; automa\u0161\u012bn\u0101m koplieto\u0161anas segment\u0101 ir sal\u012bdzino\u0161i augstas uztur\u0113\u0161anas izmaksas, pauda koplieto\u0161anas automa\u0161\u012bnu z\u012bmola &#8220;Carguru&#8221; dibin\u0101t\u0101js Vladimirs Resk\u0101js.<\/p>\n<p class=\"text-font font-size--text-xlarge margin-3--bottom\">Vi\u0146\u0161 skaidroja, ka piepras\u012bjums un interese p\u0113c &#8220;Tesla&#8221; automa\u0161\u012bn\u0101m Latvij\u0101 saglab\u0101jas stabila, tom\u0113r \u0161\u012b z\u012bmola automa\u0161\u012bn\u0101m ir sal\u012bdzino\u0161i augsts kop\u0113jais uztur\u0113\u0161anas izmaksu l\u012bmenis, kas ietver ne tikai auto cenu, bet ar\u012b servisu, rezerves da\u013cu un infrastrukt\u016bras izmaksas.<\/p>\n<p class=\"text-font font-size--text-xlarge margin-3--bottom\">Jaut\u0101ts, vai \u0161o iemeslu d\u0113\u013c uz\u0146\u0113mums p\u0101rdos &#8220;Tesla&#8221; automa\u0161\u012bnas, Vladimirs Resk\u0101js nor\u0101d\u012bja, ka komp\u0101nija regul\u0101ri p\u0101rdod da\u013cu no autoparka, un tas attiecas ar\u012b uz &#8220;Tesla&#8221; automa\u0161\u012bn\u0101m.<\/p>\n<p class=\"text-font font-size--text-xlarge margin-3--bottom\">Patlaban &#8220;Carguru&#8221; kop\u0113jais autoparks ir ap 400 automa\u0161\u012bn\u0101m, no kur\u0101m aptuveni 150 ir &#8220;Tesla&#8221; mode\u013ci.<\/p>\n<p class=\"text-font font-size--text-xlarge margin-3--bottom\">P\u0113rn august\u0101 &#8220;Carguru&#8221; \u012bpa\u0161niece SIA &#8220;Slyfox&#8221; ieg\u0101d\u0101j\u0101s automa\u0161\u012bnu &#8220;Tesla&#8221; koplieto\u0161anas platformu &#8220;Ox Drive&#8221;.<\/p>\n<p class=\"text-font font-size--text-xlarge margin-3--bottom\">Dar\u012bjums paredz\u0113ja, ka &#8220;Carguru&#8221; autoparks tiks papildin\u0101ts ar vair\u0101k nek\u0101 200 jauniem elektroauto, tostarp ar &#8220;Tesla&#8221; un &#8220;Audi&#8221; mode\u013ciem, kurus var\u0113s rezerv\u0113t un izmantot braucieniem &#8220;Carguru&#8221; mobilaj\u0101 lietotn\u0113.<\/p>\n<p class=\"text-font font-size--text-xlarge margin-3--bottom\">Dar\u012bjuma rezult\u0101t\u0101 &#8220;Slyfox&#8221; k\u013cuva par &#8220;Ox Drive&#8221; nodro\u0161in\u0101t\u0101ja SIA &#8220;Spaceship&#8221; vien\u012bgo \u012bpa\u0161nieku. Savuk\u0101rt Aigara Kesenfelda kontrol\u0113t\u0101s &#8220;Eleving Group&#8221; uz\u0146\u0113mums AS &#8220;Eleving Vehicle Finance&#8221;, kas l\u012bdz tam bija &#8220;Spaceship&#8221; vair\u0101kuma dal\u012bbnieks (93,33% da\u013cu), ieguva 36,24% no &#8220;Slyfox&#8221; da\u013c\u0101m.<\/p>\n<p class=\"text-font font-size--text-xlarge margin-3--bottom\">T\u0101d\u0113j\u0101di 21,84% &#8220;Slyfox&#8221; da\u013cu patlaban pieder SIA &#8220;Eurotrail&#8221;, kuras patiesais labuma guv\u0113js ir Kaspars Vi\u0161kints, 14,28% da\u013cu &#8211; Jud\u012btei Zakai, 13,23% &#8211; Vladimiram Resk\u0101jam, 9,03% &#8211; Annijai Resk\u0101jai, 4,62% &#8211; Vadimam Resk\u0101jam, bet se\u0161iem uz\u0146\u0113mumiem katram pieder maz\u0101k nek\u0101 1% &#8220;SlyFlox&#8221; da\u013cu.<\/p>\n<p class=\"text-font font-size--text-xlarge margin-3--bottom\">&#8220;SlyFox&#8221; re\u0123istr\u0113ts 2016. gad\u0101, un t\u0101 pamatkapit\u0101ls ir 1,19 miljoni eiro. 2024. gad\u0101 &#8220;SlyFox&#8221; str\u0101d\u0101ja ar 3,88 miljonu eiro apgroz\u012bjumu un 5127 eiro pe\u013c\u0146u.<\/p>\n<p class=\"text-font font-size--text-xlarge margin-3--bottom\">Savuk\u0101rt &#8220;Spaceship&#8221; re\u0123istr\u0113ts 2021. gada mart\u0101, un t\u0101 pamatkapit\u0101ls ir 73 875 eiro. Uz\u0146\u0113muma apgroz\u012bjums 2024. gad\u0101 bija 1,632 miljoni eiro, bet zaud\u0113jumi veidoja 609 271 eiro.<\/p>\n","protected":false},"excerpt":{"rendered":"Z\u012bmola &#8220;Tesla&#8221; automa\u0161\u012bn\u0101m koplieto\u0161anas segment\u0101 ir sal\u012bdzino\u0161i augstas uztur\u0113\u0161anas izmaksas, pauda koplieto\u0161anas automa\u0161\u012bnu z\u012bmola &#8220;Carguru&#8221; dibin\u0101t\u0101js Vladimirs Resk\u0101js.&hellip;\n","protected":false},"author":2,"featured_media":22317,"comment_status":"","ping_status":"","sticky":false,"template":"","format":"standard","meta":{"footnotes":""},"categories":[16],"tags":[869,77,870,76,867,35,39,38,36,37,34,871,868,40,21],"class_list":{"0":"post-22316","1":"post","2":"type-post","3":"status-publish","4":"format-standard","5":"has-post-thumbnail","7":"category-bizness","8":"tag-biznesa-zinas","9":"tag-bizness","10":"tag-bizness-latvija","11":"tag-business","12":"tag-dienas-zinas","13":"tag-latvia","14":"tag-latvian","15":"tag-latviesu","16":"tag-latviesu-valoda","17":"tag-latviesuvaloda","18":"tag-latvija","19":"tag-latvijas-biznesa-zinas","20":"tag-latvijas-zinas","21":"tag-lv","22":"tag-zinas"},"share_on_mastodon":{"url":"","error":""},"_links":{"self":[{"href":"https:\/\/www.europesays.com\/lv\/wp-json\/wp\/v2\/posts\/22316","targetHints":{"allow":["GET"]}}],"collection":[{"href":"https:\/\/www.europesays.com\/lv\/wp-json\/wp\/v2\/posts"}],"about":[{"href":"https:\/\/www.europesays.com\/lv\/wp-json\/wp\/v2\/types\/post"}],"author":[{"embeddable":true,"href":"https:\/\/www.europesays.com\/lv\/wp-json\/wp\/v2\/users\/2"}],"replies":[{"embeddable":true,"href":"https:\/\/www.europesays.com\/lv\/wp-json\/wp\/v2\/comments?post=22316"}],"version-history":[{"count":0,"href":"https:\/\/www.europesays.com\/lv\/wp-json\/wp\/v2\/posts\/22316\/revisions"}],"wp:featuredmedia":[{"embeddable":true,"href":"https:\/\/www.europesays.com\/lv\/wp-json\/wp\/v2\/media\/22317"}],"wp:attachment":[{"href":"https:\/\/www.europesays.com\/lv\/wp-json\/wp\/v2\/media?parent=22316"}],"wp:term":[{"taxonomy":"category","embeddable":true,"href":"https:\/\/www.europesays.com\/lv\/wp-json\/wp\/v2\/categories?post=22316"},{"taxonomy":"post_tag","embeddable":true,"href":"https:\/\/www.europesays.com\/lv\/wp-json\/wp\/v2\/tags?post=22316"}],"curies":[{"name":"wp","href":"https:\/\/api.w.org\/{rel}","templated":true}]}}