{"id":22398,"date":"2025-10-16T09:34:09","date_gmt":"2025-10-16T09:34:09","guid":{"rendered":"https:\/\/www.europesays.com\/lv\/22398\/"},"modified":"2025-10-16T09:34:09","modified_gmt":"2025-10-16T09:34:09","slug":"afganistanas-pakistanas-pamiers-tiek-ieverots-tvnet","status":"publish","type":"post","link":"https:\/\/www.europesays.com\/lv\/22398\/","title":{"rendered":"Afganist\u0101nas-Pakist\u0101nas pamiers tiek iev\u0113rots &#8211; TVNET"},"content":{"rendered":"<ol>\n<li><a href=\"https:\/\/news.google.com\/rss\/articles\/CBMif0FVX3lxTE1jSnVJbVdTSWlJNEc5bTU3YXZsWXVaODRDQ2t3Ulk3MjgwdFdXRFJTYWRaTGt1Ung5enRjYzVxdFVxdGVnLXRoRnRmZjdwQmtOb2wtdmhPOXhub0hfakFXQzhMTGIwUkZmQWVybWhoXzRZVVk2OVdXSGprcW40a00?oc=5\" target=\"_blank\" rel=\"nofollow noopener\">Afganist\u0101nas-Pakist\u0101nas pamiers tiek iev\u0113rots<\/a>&nbsp;&nbsp;TVNET<\/li>\n<li><a href=\"https:\/\/news.google.com\/rss\/articles\/CBMilAFBVV95cUxPVk5wcnFmMlNRZXNMSHF6QU9fUjB2SnNyODN1OGc2YzVOT0xIcWRlejFjRi1PSWU2ZmdiZ1A2cklpXzFGcVBVVXR2dU9hanhrLWdmd3pTR1BFS09vemVnUUZLNE13cVRGVzNIb295NTlRY2w0YlduZTJ4VXBhTkdFYkFsSHM1YjllYnQ0ZnBEUFFaTksz?oc=5\" target=\"_blank\" rel=\"nofollow noopener\">Pakist\u0101na zi\u0146o par jaun\u0101m sadursm\u0113m gar robe\u017eu ar Afganist\u0101nu<\/a>&nbsp;&nbsp;TVNET<\/li>\n<li><a href=\"https:\/\/news.google.com\/rss\/articles\/CBMisgFBVV95cUxOMTdsQVFKMXF6VEtpTWtqcGloaFQ1OC1KTGZvY2V6Zlc5dkc0dm5aQnVGb2tITVJpTXFrNllnT0VmMTJQZWJuVWdSWGdFajVtRGFjMjJES1JmTmJteTd2UU5QeWZoOEs5STVZRndmcXFXX2tvbnE0T2xKYjBIcVlpd0c4RWlhRDdpMzBOUHRkR1ZpYW9yLThoazhvTzRHMnZEejVEMV9fVXFqZHpScDNuRG9n?oc=5\" target=\"_blank\" rel=\"nofollow noopener\">Afganist\u0101nas uzbrukum\u0101 Pakist\u0101nai vismaz 58 kritu\u0161ie \/ Raksts<\/a>&nbsp;&nbsp;LSM<\/li>\n<li><a href=\"https:\/\/news.google.com\/rss\/articles\/CBMilAFBVV95cUxPR0RhUGxnRUpzZmdPQndYN3RUYklOdlFJd2VrN0dqYUxtWDRTMTRUM0paRURtbHlQejZTTFNRb0FpdmdUMTVBWll2MmNYbEdzVXlfWjNDTy01MlJNZlJNUHR3UHEtdFM0Qk9mVkhyRmU1NEtINWV1QWdVUU9Fb1k5VnZqWjJhQmt1bzFMelBvSHJ4YzBm?oc=5\" target=\"_blank\" rel=\"nofollow noopener\">Afganist\u0101na: Nogalin\u0101ti 58 pakist\u0101\u0146u karav\u012bri nakts uzbrukum\u0101<\/a>&nbsp;&nbsp;Apollo.lv<\/li>\n<li><a href=\"https:\/\/news.google.com\/rss\/articles\/CBMivgFBVV95cUxQR0FUZTRsWndtaVNDdWdScDdJWHJ6OGNmbzRXY1FqaVVIX2lZeXRMdkR3QTZSRVlSSWNITVgyb0tjNDh3MmxNbi04cmFOcmQtcnl5OEJleWxnZ20wWnEtWjI4TVozRDU2SUpva1EtSVFfXzNEOW5rV1VQZFI0dU80V2laZFgzSWwxcVM3bnlyOENKczN0YUNfaVdmZFctdUJfbXAzOGFUODg4dWp5SmhpU1JLWnpFQnF6LTVBRm5R?oc=5\" target=\"_blank\" rel=\"nofollow noopener\">Afganist\u0101nas Aizsardz\u012bbas ministrija pazi\u0146o, ka uzbrukusi Pakist\u0101nas robe\u017eposte\u0146iem<\/a>&nbsp;&nbsp;Jauns.lv<\/li>\n<\/ol>\n","protected":false},"excerpt":{"rendered":"Afganist\u0101nas-Pakist\u0101nas pamiers tiek iev\u0113rots&nbsp;&nbsp;TVNET Pakist\u0101na zi\u0146o par jaun\u0101m sadursm\u0113m gar robe\u017eu ar Afganist\u0101nu&nbsp;&nbsp;TVNET Afganist\u0101nas uzbrukum\u0101 Pakist\u0101nai vismaz 58&hellip;\n","protected":false},"author":2,"featured_media":22399,"comment_status":"","ping_status":"","sticky":false,"template":"","format":"standard","meta":{"footnotes":""},"categories":[14],"tags":[872,23,57,28,29,32,33,22,30,31,35,39,38,36,37,34,40,20,6209,26,27,24,25,54,55,56,21,58],"class_list":{"0":"post-22398","1":"post","2":"type-post","3":"status-publish","4":"format-standard","5":"has-post-thumbnail","7":"category-zinas-no-arvalstim","8":"tag-afganistana","9":"tag-aktualitates","10":"tag-arvalstim","11":"tag-breaking-news","12":"tag-breakingnews","13":"tag-featured-news","14":"tag-featurednews","15":"tag-headlines","16":"tag-latest-news","17":"tag-latestnews","18":"tag-latvia","19":"tag-latvian","20":"tag-latviesu","21":"tag-latviesu-valoda","22":"tag-latviesuvaloda","23":"tag-latvija","24":"tag-lv","25":"tag-news","26":"tag-pakistana","27":"tag-popularakas-zinas","28":"tag-popularakaszinas","29":"tag-top-stories","30":"tag-topstories","31":"tag-world","32":"tag-world-news","33":"tag-worldnews","34":"tag-zinas","35":"tag-zinas-no-arvalstim"},"share_on_mastodon":{"url":"","error":""},"_links":{"self":[{"href":"https:\/\/www.europesays.com\/lv\/wp-json\/wp\/v2\/posts\/22398","targetHints":{"allow":["GET"]}}],"collection":[{"href":"https:\/\/www.europesays.com\/lv\/wp-json\/wp\/v2\/posts"}],"about":[{"href":"https:\/\/www.europesays.com\/lv\/wp-json\/wp\/v2\/types\/post"}],"author":[{"embeddable":true,"href":"https:\/\/www.europesays.com\/lv\/wp-json\/wp\/v2\/users\/2"}],"replies":[{"embeddable":true,"href":"https:\/\/www.europesays.com\/lv\/wp-json\/wp\/v2\/comments?post=22398"}],"version-history":[{"count":0,"href":"https:\/\/www.europesays.com\/lv\/wp-json\/wp\/v2\/posts\/22398\/revisions"}],"wp:featuredmedia":[{"embeddable":true,"href":"https:\/\/www.europesays.com\/lv\/wp-json\/wp\/v2\/media\/22399"}],"wp:attachment":[{"href":"https:\/\/www.europesays.com\/lv\/wp-json\/wp\/v2\/media?parent=22398"}],"wp:term":[{"taxonomy":"category","embeddable":true,"href":"https:\/\/www.europesays.com\/lv\/wp-json\/wp\/v2\/categories?post=22398"},{"taxonomy":"post_tag","embeddable":true,"href":"https:\/\/www.europesays.com\/lv\/wp-json\/wp\/v2\/tags?post=22398"}],"curies":[{"name":"wp","href":"https:\/\/api.w.org\/{rel}","templated":true}]}}