{"id":22400,"date":"2025-10-16T09:36:07","date_gmt":"2025-10-16T09:36:07","guid":{"rendered":"https:\/\/www.europesays.com\/lv\/22400\/"},"modified":"2025-10-16T09:36:07","modified_gmt":"2025-10-16T09:36:07","slug":"uz-laiku-partraucot-transportlidzekla-registraciju-numura-zimes-vares-nenodot","status":"publish","type":"post","link":"https:\/\/www.europesays.com\/lv\/22400\/","title":{"rendered":"Uz laiku p\u0101rtraucot transportl\u012bdzek\u013ca re\u0123istr\u0101ciju, numura z\u012bmes var\u0113s nenodot"},"content":{"rendered":"<p>Finan\u0161u ministrija (FM) pau\u017e, ka groz\u012bjumi samazin\u0101s administrat\u012bvo slogu un padar\u012bs ar transportl\u012bdzek\u013cu re\u0123istr\u0101cijas p\u0101rtrauk\u0161anu saist\u012btos procesus \u0113rt\u0101kus un p\u0101rskat\u0101m\u0101kus.<\/p>\n<p>Likumprojekts paredz izsl\u0113gt pras\u012bbu nodot transportl\u012bdzek\u013ca numura z\u012bmes, uz laiku p\u0101rtraucot transportl\u012bdzek\u013ca re\u0123istr\u0101ciju. Turpm\u0101k \u0161\u012b proced\u016bra notiks elektroniski, un Ce\u013cu satiksmes dro\u0161\u012bbas direkcija (<a href=\"https:\/\/www.tvnet.lv\/term\/555567\/csdd\" class=\"topicLink\" target=\"_blank\" rel=\"nofollow noopener\">CSDD<\/a>) nodro\u0161in\u0101s pakalpojumu bez fiziskas numura z\u012bmju nodo\u0161anas.<\/p>\n<p>Pl\u0101not\u0101s izmai\u0146as balst\u012btas uz iepriek\u0161 pie\u0146emtajiem Ministru kabineta noteikumiem, kas paredz, ka no 2025. gada 1. novembra transportl\u012bdzek\u013ca re\u0123istr\u0101cijas p\u0101rtrauk\u0161ana notiks elektroniski, izsl\u0113dzot pras\u012bbu nodot numura z\u012bmes.<\/p>\n<p>FM skaidro, ka \u0161\u012bs izmai\u0146as atbilst Sauszemes transportl\u012bdzek\u013cu \u012bpa\u0161nieku civiltiesisk\u0101s atbild\u012bbas oblig\u0101t\u0101s apdro\u0161in\u0101\u0161anas likuma pras\u012bb\u0101m un nepiecie\u0161ams nodro\u0161in\u0101t likumprojekta st\u0101\u0161anos sp\u0113k\u0101 vienlaikus ar noteikumu groz\u012bjumiem.<\/p>\n<p>T\u0101pat pie transportl\u012bdzek\u013ca ekspluat\u0101cijas nodok\u013ca objektiem k\u0101 viens no iz\u0146\u0113mumiem, kam netiks piem\u0113rots transportl\u012bdzek\u013ca ekspluat\u0101cijas nodoklis, tiks noteikts elektroskrejritenis.<\/p>\n<p>Tiks ieviests jauns uz\u0146\u0113mumu vieglo transportl\u012bdzek\u013ca nodok\u013ca atbr\u012bvojums, kuru b\u016bs iesp\u0113jams piem\u0113rot transportl\u012bdzek\u013cu tirgot\u0101jiem uz diviem m\u0113ne\u0161iem par p\u0101rdo\u0161anai paredz\u0113tiem l\u012bdz desmit gadus veciem vieglajiem transportl\u012bdzek\u013ciem, veicot to pirmreiz\u0113jo re\u0123istr\u0101ciju Latvij\u0101.<\/p>\n<p>Pa\u0161laik Transportl\u012bdzek\u013ca ekspluat\u0101cijas nodok\u013ca un uz\u0146\u0113mumu vieglo transportl\u012bdzek\u013cu nodok\u013ca likums paredz atbr\u012bvojumu person\u0101m ar invalidit\u0101ti par vieglajiem automobi\u013ciem (M1 kategorija), motocikliem, tricikliem un kvadricikliem. Likuma groz\u012bjumos atbalst\u012bts FM priek\u0161likums \u0161o atbr\u012bvojumu piem\u0113rot ar\u012b N1 kategorijas transportl\u012bdzek\u013ciem &#8211; vieglajiem kravas transportl\u012bdzek\u013ciem ar pilnu masu l\u012bdz 3500 kilogramiem, kurus izmanto personas ar invalidit\u0101ti.<\/p>\n<p>T\u0101pat Saeima atbalst\u012bja FM priek\u0161likumu ieviest jaunu transportl\u012bdzek\u013ca ekspluat\u0101cijas nodok\u013ca atbr\u012bvojuma veidu, kas attiektos uz \u0123imen\u0113m, kur\u0101s ir personas ar I vai II grupas invalidit\u0101ti un \u0161\u012bm person\u0101m ar B\u0101ri\u0146tiesas l\u0113mumu ir iecelts aizg\u0101dnis. \u0160is atbr\u012bvojums st\u0101sies sp\u0113k\u0101 no n\u0101kam\u0101 gada 1. janv\u0101ra.<\/p>\n","protected":false},"excerpt":{"rendered":"Finan\u0161u ministrija (FM) pau\u017e, ka groz\u012bjumi samazin\u0101s administrat\u012bvo slogu un padar\u012bs ar transportl\u012bdzek\u013cu re\u0123istr\u0101cijas p\u0101rtrauk\u0161anu saist\u012btos procesus \u0113rt\u0101kus&hellip;\n","protected":false},"author":2,"featured_media":22401,"comment_status":"","ping_status":"","sticky":false,"template":"","format":"standard","meta":{"footnotes":""},"categories":[5],"tags":[23,1494,28,29,1145,32,33,22,30,31,35,39,38,36,37,34,40,20,26,27,24,25,21],"class_list":{"0":"post-22400","1":"post","2":"type-post","3":"status-publish","4":"format-standard","5":"has-post-thumbnail","7":"category-aktualitates","8":"tag-aktualitates","9":"tag-automasinas","10":"tag-breaking-news","11":"tag-breakingnews","12":"tag-csdd","13":"tag-featured-news","14":"tag-featurednews","15":"tag-headlines","16":"tag-latest-news","17":"tag-latestnews","18":"tag-latvia","19":"tag-latvian","20":"tag-latviesu","21":"tag-latviesu-valoda","22":"tag-latviesuvaloda","23":"tag-latvija","24":"tag-lv","25":"tag-news","26":"tag-popularakas-zinas","27":"tag-popularakaszinas","28":"tag-top-stories","29":"tag-topstories","30":"tag-zinas"},"share_on_mastodon":{"url":"","error":""},"_links":{"self":[{"href":"https:\/\/www.europesays.com\/lv\/wp-json\/wp\/v2\/posts\/22400","targetHints":{"allow":["GET"]}}],"collection":[{"href":"https:\/\/www.europesays.com\/lv\/wp-json\/wp\/v2\/posts"}],"about":[{"href":"https:\/\/www.europesays.com\/lv\/wp-json\/wp\/v2\/types\/post"}],"author":[{"embeddable":true,"href":"https:\/\/www.europesays.com\/lv\/wp-json\/wp\/v2\/users\/2"}],"replies":[{"embeddable":true,"href":"https:\/\/www.europesays.com\/lv\/wp-json\/wp\/v2\/comments?post=22400"}],"version-history":[{"count":0,"href":"https:\/\/www.europesays.com\/lv\/wp-json\/wp\/v2\/posts\/22400\/revisions"}],"wp:featuredmedia":[{"embeddable":true,"href":"https:\/\/www.europesays.com\/lv\/wp-json\/wp\/v2\/media\/22401"}],"wp:attachment":[{"href":"https:\/\/www.europesays.com\/lv\/wp-json\/wp\/v2\/media?parent=22400"}],"wp:term":[{"taxonomy":"category","embeddable":true,"href":"https:\/\/www.europesays.com\/lv\/wp-json\/wp\/v2\/categories?post=22400"},{"taxonomy":"post_tag","embeddable":true,"href":"https:\/\/www.europesays.com\/lv\/wp-json\/wp\/v2\/tags?post=22400"}],"curies":[{"name":"wp","href":"https:\/\/api.w.org\/{rel}","templated":true}]}}