{"id":22418,"date":"2025-10-16T09:49:10","date_gmt":"2025-10-16T09:49:10","guid":{"rendered":"https:\/\/www.europesays.com\/lv\/22418\/"},"modified":"2025-10-16T09:49:10","modified_gmt":"2025-10-16T09:49:10","slug":"jana-timmas-lieta-nav-slegta-mums-trukst-viena-loti-svariga-posma","status":"publish","type":"post","link":"https:\/\/www.europesays.com\/lv\/22418\/","title":{"rendered":"J\u0101\u0146a Timmas lieta nav sl\u0113gta. Mums tr\u016bkst viena \u013coti svar\u012bga posma"},"content":{"rendered":"<p>2024. gada 17. decembra r\u012bt\u0101 k\u013cuva zin\u0101ms, ka miris Latvijas basketbolists <a target=\"_blank\" rel=\"noopener noreferrer nofollow\" href=\"https:\/\/sejas.tvnet.lv\/term\/345578\/janis-timma\">J\u0101nis Timma<\/a>. 32 gadus vec\u0101 sportista l\u012b\u0137is tika atrasts k\u0101das dz\u012bvojam\u0101s m\u0101jas k\u0101p\u0146u telp\u0101 Maskavas centr\u0101. Vair\u0101ki pla\u0161sazi\u0146as l\u012bdzek\u013ci zi\u0146oja, ka Timma izdar\u012bjis pa\u0161n\u0101v\u012bbu. Vi\u0146a \u0123imene ir nol\u012bgusi advok\u0101ti Margaritu Gavrilovu, kura izmekl\u0113 J\u0101\u0146a n\u0101ves apst\u0101k\u013cus.<\/p>\n<p>&#8220;Draugi, v\u0113los paskaidrot svar\u012bgu jaut\u0101jumu. Saprotu, ka gaid\u012b\u0161ana vienm\u0113r ir nogurdino\u0161a. It \u012bpa\u0161i, ja runa ir par ska\u013cu lietu, kurai seko tik daudz cilv\u0113ku,&#8221; pazi\u0146ojum\u0101 nor\u0101da advok\u0101te.<\/p>\n<p>&#8220;Bet atcerieties, es nekad nepublic\u0113ju inform\u0101ciju &#8220;tikai t\u0101p\u0113c, lai b\u016btu&#8221;. Izdom\u0101t zi\u0146as no galvas vai nep\u0101rtraukti run\u0101t par to pa\u0161u \u2013 tas nav mans stils. J\u0101\u0146a Timmas lieta nav sl\u0113gta,&#8221; uzsv\u0113ra Gavrilova.<\/p>\n<p>&#8220;Es un mana komanda turpin\u0101m str\u0101d\u0101t. Tagad esam non\u0101ku\u0161i pie iz\u0161\u0137iro\u0161\u0101 posma: mums tr\u016bkst viena \u013coti svar\u012bga posma, kas var\u0113tu izgaismot deta\u013cas par J\u0101\u0146a un vi\u0146a otr\u0101s sievas laul\u012bbas l\u012bguma nosl\u0113g\u0161anu.&#8221;<\/p>\n<p>Advok\u0101te atkl\u0101ja, ka tiek gaid\u012bti dokumenti no Amerikas. Tos ieg\u016bt pal\u012bdz J\u0101\u0146a draugs Marks Puga\u010devs.<\/p>\n<p>&#8220;Es labi saprotu, ka daudzi v\u0113las uzzin\u0101t, k\u0101p\u0113c viss tik ilgi velkas. Marks paskaidroja, ka vi\u0146\u0161 nevar ietekm\u0113t piepras\u012bjuma izpildes termi\u0146u, bet tur \u0161o jaut\u0101jumu sav\u0101 kontrol\u0113,&#8221; skaidroja Gavrilova.<\/p>\n<p>&#8220;Es katru dienu sazinos ar Ausmu (J\u0101\u0146a m\u0101ti). M\u0113s ejam pa ce\u013cu, kur svar\u012bgs ir nevis \u0101trums, bet precizit\u0101te. Da\u017ereiz klusums nav bezdarb\u012bba, bet z\u012bme, ka darbs noris dzi\u013c\u0101k, nek\u0101 \u0161\u0137iet,&#8221; nor\u0101d\u012bja advok\u0101te.<\/p>\n<p>&#8220;L\u016bdzu, pagaidiet v\u0113l nedaudz. \u0160\u012b st\u0101sta beigas v\u0113l nav pien\u0101ku\u0161as.&#8221;<\/p>\n","protected":false},"excerpt":{"rendered":"2024. gada 17. decembra r\u012bt\u0101 k\u013cuva zin\u0101ms, ka miris Latvijas basketbolists J\u0101nis Timma. 32 gadus vec\u0101 sportista l\u012b\u0137is&hellip;\n","protected":false},"author":2,"featured_media":22419,"comment_status":"","ping_status":"","sticky":false,"template":"","format":"standard","meta":{"footnotes":""},"categories":[19],"tags":[63,65,60,89,59,90,70,64,35,39,38,36,37,34,40,68,69,66,67,62,21,61],"class_list":{"0":"post-22418","1":"post","2":"type-post","3":"status-publish","4":"format-standard","5":"has-post-thumbnail","7":"category-izklaide","8":"tag-arvalstis","9":"tag-auto","10":"tag-egoiste","11":"tag-entertainment","12":"tag-financenet","13":"tag-izklaide","14":"tag-klik","15":"tag-kultura","16":"tag-latvia","17":"tag-latvian","18":"tag-latviesu","19":"tag-latviesu-valoda","20":"tag-latviesuvaloda","21":"tag-latvija","22":"tag-lv","23":"tag-maja","24":"tag-receptes","25":"tag-sejas","26":"tag-sports","27":"tag-viedokli","28":"tag-zinas","29":"tag-zinatne"},"share_on_mastodon":{"url":"","error":""},"_links":{"self":[{"href":"https:\/\/www.europesays.com\/lv\/wp-json\/wp\/v2\/posts\/22418","targetHints":{"allow":["GET"]}}],"collection":[{"href":"https:\/\/www.europesays.com\/lv\/wp-json\/wp\/v2\/posts"}],"about":[{"href":"https:\/\/www.europesays.com\/lv\/wp-json\/wp\/v2\/types\/post"}],"author":[{"embeddable":true,"href":"https:\/\/www.europesays.com\/lv\/wp-json\/wp\/v2\/users\/2"}],"replies":[{"embeddable":true,"href":"https:\/\/www.europesays.com\/lv\/wp-json\/wp\/v2\/comments?post=22418"}],"version-history":[{"count":0,"href":"https:\/\/www.europesays.com\/lv\/wp-json\/wp\/v2\/posts\/22418\/revisions"}],"wp:featuredmedia":[{"embeddable":true,"href":"https:\/\/www.europesays.com\/lv\/wp-json\/wp\/v2\/media\/22419"}],"wp:attachment":[{"href":"https:\/\/www.europesays.com\/lv\/wp-json\/wp\/v2\/media?parent=22418"}],"wp:term":[{"taxonomy":"category","embeddable":true,"href":"https:\/\/www.europesays.com\/lv\/wp-json\/wp\/v2\/categories?post=22418"},{"taxonomy":"post_tag","embeddable":true,"href":"https:\/\/www.europesays.com\/lv\/wp-json\/wp\/v2\/tags?post=22418"}],"curies":[{"name":"wp","href":"https:\/\/api.w.org\/{rel}","templated":true}]}}