{"id":22420,"date":"2025-10-16T09:50:07","date_gmt":"2025-10-16T09:50:07","guid":{"rendered":"https:\/\/www.europesays.com\/lv\/22420\/"},"modified":"2025-10-16T09:50:07","modified_gmt":"2025-10-16T09:50:07","slug":"par-losandzelosu-saku-domat-principa-uzreiz-pec-parizes-ritenbrauksana-sportacentrs-com","status":"publish","type":"post","link":"https:\/\/www.europesays.com\/lv\/22420\/","title":{"rendered":"&#8220;Par Losand\u017eelosu s\u0101ku dom\u0101t princip\u0101 uzreiz p\u0113c Par\u012bzes&#8221; \u2013 Rite\u0146brauk\u0161ana \u2013 Sportacentrs.com"},"content":{"rendered":"<p>Toms Skuji\u0146\u0161 sezonas izska\u0146\u0101 izc\u0113l\u0101s ar uzreiz diviem augstiem pan\u0101kumiem p\u0113c k\u0101rtas, iek\u013c\u016bstot lab\u0101ko pieciniek\u0101 gan pasaules \u010dempion\u0101ta grupas braucien\u0101, gan Eiropas \u010dempion\u0101t\u0101. Vi\u0146\u0161 turpin\u0101ja savu jau iepriek\u0161 uz\u0146emto tendenci, par\u0101d\u012bt lieliskus rezult\u0101tus tie\u0161i starptautiskajos \u010dempion\u0101tos &#8211; pirms gada Skuji\u0146\u0161 P\u010c bija 4. viet\u0101, lab\u0101ko desmitniek\u0101 bija ar\u012b 2023. gad\u0101, kad izc\u012bn\u012bja 8. vietu, turkl\u0101t tam pa vidu v\u0113l Par\u012bzes olimpisko sp\u0113\u013cu 5. vieta.<\/p>\n<p>Lieliska stabilit\u0101te, kas pamaz\u0101m jau k\u013c\u016bst par likumsakar\u012bbu, Skuji\u0146am apliecinot savu vietu rite\u0146brauk\u0161anas elit\u0113. Vi\u0146\u0161 pats gan skaidroja, ka \u0161\u012bs stabilit\u0101tes pamat\u0101 ir ar\u012b paroc\u012bgie apst\u0101k\u013ci: &#8220;Tagad jau da\u017eus gadus p\u0113c k\u0101rtas lielaj\u0101s sacens\u012bb\u0101s biju\u0161as trases, kuras es varu saukt par sev paroc\u012bg\u0101m. \u0160\u012bs viendienas sacens\u012bbas tom\u0113r ir \u013coti atkar\u012bgas no trases, kas tagad man biju\u0161as vismaz nedaudz piem\u0113rot\u0101kas. Par\u012bz\u0113 var\u0113ja b\u016bt vair\u0101k kalnu, j\u0101, kam\u0113r Ruand\u0101 tie\u0161i pret\u0113ji, var\u0113ja b\u016bt maz\u0101k kalnu. Bet t\u0101s ir trases, kur\u0101m varu piel\u0101goties un kur\u0101s objekt\u012bvi redzu sev argumentus labam sniegumam.&#8221;<\/p>\n<p>N\u0101kamais pasaules \u010dempion\u0101ts b\u016bs Monre\u0101l\u0101, Kan\u0101d\u0101, bet p\u0113c tam 2027. gad\u0101 Francijas dienvidaustrumos Aug\u0161savoj\u0101. &#8220;Piem\u0113ram, par 2027. gada \u010dempion\u0101tu es jau \u0161obr\u012bd varu secin\u0101t, ka tur diez vai var\u0113\u0161u c\u012bn\u012bties par \u013coti augst\u0101m viet\u0101m, jo tur Alpos b\u016bs daudz st\u0101vu kalnu,&#8221; atkl\u0101ti teica Skuji\u0146\u0161, reiz\u0113 ar\u012b nesl\u0113pjot savas amb\u012bcijas un cer\u012bbas ar\u012b n\u0101kamajos gados.<\/p>\n<p>OS, P\u010c un E\u010c Skuji\u0146am regul\u0101ri priek\u0161\u0101 biju\u0161i vieni un tie pa\u0161i uzv\u0101rdi &#8211; rite\u0146brauk\u0161anas superzvaigznes Poga\u010dars, Evenp\u016bls un van der P\u016bls. Tie\u0161i \u0161\u0101ds pirmais trijnieks gan nav bijis ne reizes, un Skuji\u0146\u0161 uzsv\u0113ra, ka robe\u017ea starp pirmo se\u0161inieku un meda\u013c\u0101m bie\u017ei vien ir smalka.<\/p>\n<p>&#8220;Neteik\u0161u, ka t\u0101 starp\u012bba starp mani \u0161aj\u0101s sacens\u012bb\u0101s un pirmo trijnieku b\u016btu bijusi nep\u0101rvarama,&#8221; sac\u012bja Skuji\u0146\u0161. &#8220;J\u0101, tagad pasaules \u010dempion\u0101t\u0101 pirmais trijnieks bija t\u0101l\u0101k priek\u0161\u0101, bet E\u010c bronza neb\u016bt nebija tik t\u0101lu. T\u0101pat ar\u012b olimpisko sp\u0113\u013cu meda\u013ca bija tuvu, kad fini\u0161\u0113ju kop\u0101 ar vair\u0101kiem citiem. \u0160aj\u0101s sacens\u012bb\u0101s jau vienm\u0113r ir kaut k\u0101das apst\u0101k\u013cu sakrit\u012bbas &#8211; j\u0101par\u016bp\u0113jas, ka esi t\u0101m tuvum\u0101, un j\u0101cen\u0161as t\u0101s izmantot. T\u0101pat ar\u012b pirms gada P\u010c bronza turpat vien bija. T\u0101 k\u0101 j\u0101, vair\u0101kk\u0101rt ir biju\u0161i labi apst\u0101k\u013ci, bet v\u0113l nav bijis t\u0101, ka piln\u012bgi visas k\u0101rtis ir saliku\u0161\u0101s vajadz\u012bgaj\u0101s viet\u0101s. Ta\u010du esmu ieguvis skaidru p\u0101rliec\u012bbu. Zinu, ka pareizaj\u0101 dien\u0101 un pareizaj\u0101 situ\u0101cij\u0101 esmu sp\u0113j\u012bgs to paveikt!&#8221;<\/p>\n<p>Run\u0101jot par pareizo dienu un pareizo situ\u0101ciju, sarun\u0101 ielavas Losand\u017eelosa un 2028. gads, un Skuji\u0146\u0161 atzina, ka jau \u0161obr\u012bd diezgan daudz dom\u0101 par n\u0101kamaj\u0101m olimpiskaj\u0101m sp\u0113l\u0113m: &#8220;It k\u0101 v\u0113l ir t\u0101lu, j\u0101, v\u0113l tr\u012bs gadi, bet man\u0101s dom\u0101s OS 2028 jau ir visnota\u013c bie\u017ei. Bet tas ir norm\u0101li, un t\u0101pat bija ar\u012b iepriek\u0161. Kol\u012bdz beidz\u0101s Tokijas sp\u0113les, domas jau bija par to, k\u0101 b\u016bs Par\u012bz\u0113. Bet p\u0113c Par\u012bzes jau s\u0101ku dom\u0101t par Losand\u017eelosu. Nevaru noliegt &#8211; zemapzi\u0146\u0101 jau ir ies\u0113du\u0161\u0101s domas par Losand\u017eelosas sp\u0113l\u0113m. Gaidu, k\u0101da tur b\u016bs izveidota trase. Tad var\u0113s veikt n\u0101kamos so\u013cos, lai sagatavotos. T\u0101 jau princip\u0101 ir, ka tu olimpiskaj\u0101m sp\u0113l\u0113m s\u0101c gatavoties apm\u0113ram gadu pirms to s\u0101kuma. Ir kvalifik\u0101cija, tur j\u0101pacen\u0161as, svar\u012bgi pan\u0101kt, lai no Latvijas var\u0113tu aizbraukt p\u0113c iesp\u0113jas vair\u0101k sportistu. Nu, labi, re\u0101listiski j\u0101skat\u0101s, ka tie lab\u0101kaj\u0101 gad\u012bjum\u0101 b\u016bs divi. Tik un t\u0101, tas b\u016btu \u013coti v\u0113rt\u012bgi, daudz lab\u0101k nek\u0101 Par\u012bz\u0113, kur biju viens.&#8221;<\/p>\n<p>Olimpiskaj\u0101s sp\u0113l\u0113s \u0161osejas rite\u0146brauk\u0161an\u0101 dal\u012bbnieku ir daudz maz\u0101k (90) nek\u0101, piem\u0113ram, pasaules \u010dempion\u0101t\u0101 (180). Svar\u012bga ir vieta UCI N\u0101ciju rang\u0101, kas nosaka, cik daudz kvotas tiek pie\u0161\u0137irtas valstij. Vair\u0101k par diviem sportistiem ir tikai N\u0101ciju ranga &#8220;Top 10&#8221; valst\u012bm, un skaidrs, ka Latvijai tur iek\u013c\u016bt ir praktiski nere\u0101li. Piem\u0113ram, \u0161obr\u012bd 10. viet\u0101 ir Sp\u0101nija, un diez vai \u012bpa\u0161i j\u0101skaidro, k\u0101da ir Latvijas un Sp\u0101nijas rite\u0146brauk\u0161anas trad\u012bciju un m\u0113rogu at\u0161\u0137ir\u012bba.<\/p>\n<p>Toties 11.-20. vieta N\u0101ciju rang\u0101 tiek pie div\u0101m kvot\u0101m &#8211; \u0161obr\u012bd Latvija UCI rang\u0101 ir 28. viet\u0101. J\u0101atg\u0101dina, ka Tokijas sp\u0113l\u0113s v\u012brie\u0161u grupas braucien\u0101 Latvijai izdev\u0101s tikt pie div\u0101m kvot\u0101m.<\/p>\n<p>&#8220;Skaidrs, ka mana karjera ir tuv\u0101k beig\u0101m nek\u0101 s\u0101kumam,&#8221; par tuv\u0101ko n\u0101kotni atbild\u0113ja Latvijas rite\u0146brauc\u0113js, kur\u0161 \u0161ovasar atz\u012bm\u0113ja 34. dzim\u0161anas dienu. &#8220;Bet l\u012bdz Losand\u017eelosai apst\u0101ties nepl\u0101noju. Tas man ir liels m\u0113r\u0137is. T\u0101pat ar\u012b n\u0101kam\u0101 gada pasaules \u010dempion\u0101ts ir liels m\u0113r\u0137is, jo tur ir zin\u0101ma trase. N\u0101kam\u0101 gada E\u010c trase v\u0113l nav zin\u0101ma, l\u012bdz ar to par to gr\u016bt\u0101k izteikties. Noteikti l\u012bdz\u012bgi k\u0101 iepriek\u0161\u0113jos gados ar savu komandu turpin\u0101sim t\u0113m\u0113t uz augstiem pan\u0101kumiem, cent\u012b\u0161os paveikt maksimumu viendienu braucienos. T\u0101pat galv\u0101 ir domas par to, ka sen neesmu braucis &#8220;Vuelta a Espana&#8221;,&#8221; vi\u0146\u0161 pasmaid\u012bja. &#8220;Vair\u0101kas domas, vair\u0101ki pl\u0101ni, noteikti turpinu iet uz priek\u0161u.&#8221;<\/p>\n<p>Konkr\u0113ti \u0161obr\u012bd gan Skuji\u0146am iest\u0101jusies starpsezona un da\u017eu ned\u0113\u013cu peln\u012btas br\u012bvdienas. Vi\u0146\u0161 past\u0101st\u012bja, ka tagad ir tr\u012bs ned\u0113\u013cu periods bez rite\u0146brauk\u0161anas, bet reiz\u0113 ar\u012b pasm\u0113j\u0101s, ka sevi jau labi paz\u012bst: &#8220;Ja god\u012bgi, p\u0113c div\u0101m ned\u0113\u013c\u0101m jau parasti atkal gribas braukt k\u0101 jau atkar\u012bgam cilv\u0113kam. J\u0101, ir br\u012bvdienas, bet dr\u012bz vien pa\u0161am jau ir grib\u0113\u0161ana atkal \u0137erties pie lietas.&#8221;<\/p>\n<p>Aizvad\u012bt\u0101 sezona bija gara un ruden\u012b izdev\u0101s t\u0101s lielisks nosl\u0113gums, bet Skuji\u0146\u0161 nesl\u0113pa, ka sezonas gait\u0101 piln\u012bgi viss iecer\u0113tais neizdev\u0101s. Sezonas ievad\u0101 patrauc\u0113ja slim\u012bba, kas lika tr\u012bs ned\u0113\u013cas palikt bez treni\u0146iem, vi\u0146am bija augst\u0101ki m\u0113r\u0137i Francijas velot\u016br\u0113, kurus neizdev\u0101s piepild\u012bt: &#8220;&#8221;Tour de France&#8221; s\u0101kum\u0101 v\u0113l biju uz antibiotik\u0101m, tad nu san\u0101ca saboj\u0101ts s\u0101kums. Prieks, ka sezonas nosl\u0113gum\u0101 izdev\u0101s jau daudz lab\u0101k.&#8221;<\/p>\n<p>Sezonas nosl\u0113gums rite\u0146brauk\u0161an\u0101 pien\u0101ca ar jaunu ierakstu pasaules \u010dempion\u0101tu v\u0113stur\u0113 &#8211; pirmoreiz tas tika r\u012bkots \u0100frikas kontinent\u0101. Ruanda gan neb\u016bt nav eksotika rite\u0146brauk\u0161anas elit\u0113, Ruandas velot\u016bre notiek jau ilg\u0101ku laiku, un ar\u012b Skuji\u0146\u0161 uzsv\u0113ra, ka neb\u016bt nav bijis t\u0101, ka rite\u0146brauc\u0113ji p\u0113k\u0161\u0146i b\u016btu iemesti cit\u0101 realit\u0101t\u0113: &#8220;Organizatoriski viss bija lieliski. Varb\u016bt bija da\u017eas viet\u0113j\u0101s deta\u013cas, kuras vajadz\u0113ja \u0146emt v\u0113r\u0101, piem\u0113ram, kr\u0101na \u016bdeni varb\u016bt nevajag dzert tur, bet t\u0101 kopum\u0101 viss bija k\u0101rt\u012bb\u0101. At\u0161\u0137ir\u012bba no Eiropas sacens\u012bb\u0101m gan bija saj\u016btama &#8211; l\u012bdzjut\u0113ju skaits, ar\u012b cit\u0101da attieksme. Tur bija pamat\u012bgi p\u016b\u013ci, un cilv\u0113ki liec\u0101s p\u0101ri barjer\u0101m krietni vair\u0101k nek\u0101 Eirop\u0101.&#8221;<\/p>\n<p>Pasaules \u010dempion\u0101t\u0101 grupas braucien\u0101 &#8220;Top15&#8221; bija tikai divi rite\u0146brauc\u0113ji \u0101rpus Eiropas, un Eiropas \u010dempion\u0101t\u0101 favor\u012btu pulks bija apm\u0113ram t\u0101ds pats ar Slov\u0113nijas, Be\u013c\u0123ijas, Francijas, It\u0101lijas un Sp\u0101nijas brauc\u0113jiem priek\u0161gal\u0101. Skuji\u0146\u0161 kop\u0101 ar d\u0101\u0146iem Matiasu Skjelmosu un Mikelu Honor\u0113 bija praktiski vien\u012bgie Zieme\u013ceiropas p\u0101rst\u0101vji \u0161o sacens\u012bbu elit\u0113.<\/p>\n<p>&#8220;Centr\u0101leiropas valst\u012bs rite\u0146brauk\u0161ana tom\u0113r ir cit\u0101 l\u012bmen\u012b, p\u0101rsvar\u0101 t\u0101s ar\u012b domin\u0113,&#8221; sac\u012bja Skuji\u0146\u0161. &#8220;Latvij\u0101 ar riteni visu gadu braukt ir gr\u016bti, tom\u0113r ir ilgs laika posms ziem\u0101, kad tas nav paroc\u012bgi. Bet man prieks redz\u0113t, ka ar katru gadu ar\u012b Latvij\u0101 pieaug rite\u0146brauc\u0113ju skaits. Prieks, ka cilv\u0113ki s\u0101k saprast, ka, piem\u0113r\u0101m, R\u012bg\u0101 ar auto ikdien\u0101 nav tas lab\u0101kais variants. Piekr\u012btu, ka tik biezi nosl\u0101\u0146ot\u0101 pils\u0113t\u0101 lab\u0101ka velo infrastrukt\u016bra b\u016btu nepiecie\u0161ama, j\u0101piedom\u0101, lai izveidotu lab\u0101ku un pla\u0161\u0101ku. Sak, lab\u0101k dedzin\u0101sim sk\u0101bekli, ko pat\u0113r\u0113jam sav\u0101 ener\u0123ij\u0101, nevis degvielu ma\u0161\u012bn\u0101s.&#8221;<\/p>\n","protected":false},"excerpt":{"rendered":"Toms Skuji\u0146\u0161 sezonas izska\u0146\u0101 izc\u0113l\u0101s ar uzreiz diviem augstiem pan\u0101kumiem p\u0113c k\u0101rtas, iek\u013c\u016bstot lab\u0101ko pieciniek\u0101 gan pasaules \u010dempion\u0101ta&hellip;\n","protected":false},"author":2,"featured_media":22421,"comment_status":"","ping_status":"","sticky":false,"template":"","format":"standard","meta":{"footnotes":""},"categories":[17],"tags":[35,39,38,36,37,34,40,462,67],"class_list":{"0":"post-22420","1":"post","2":"type-post","3":"status-publish","4":"format-standard","5":"has-post-thumbnail","7":"category-sports","8":"tag-latvia","9":"tag-latvian","10":"tag-latviesu","11":"tag-latviesu-valoda","12":"tag-latviesuvaloda","13":"tag-latvija","14":"tag-lv","15":"tag-ritenbrauksana","16":"tag-sports"},"share_on_mastodon":{"url":"","error":""},"_links":{"self":[{"href":"https:\/\/www.europesays.com\/lv\/wp-json\/wp\/v2\/posts\/22420","targetHints":{"allow":["GET"]}}],"collection":[{"href":"https:\/\/www.europesays.com\/lv\/wp-json\/wp\/v2\/posts"}],"about":[{"href":"https:\/\/www.europesays.com\/lv\/wp-json\/wp\/v2\/types\/post"}],"author":[{"embeddable":true,"href":"https:\/\/www.europesays.com\/lv\/wp-json\/wp\/v2\/users\/2"}],"replies":[{"embeddable":true,"href":"https:\/\/www.europesays.com\/lv\/wp-json\/wp\/v2\/comments?post=22420"}],"version-history":[{"count":0,"href":"https:\/\/www.europesays.com\/lv\/wp-json\/wp\/v2\/posts\/22420\/revisions"}],"wp:featuredmedia":[{"embeddable":true,"href":"https:\/\/www.europesays.com\/lv\/wp-json\/wp\/v2\/media\/22421"}],"wp:attachment":[{"href":"https:\/\/www.europesays.com\/lv\/wp-json\/wp\/v2\/media?parent=22420"}],"wp:term":[{"taxonomy":"category","embeddable":true,"href":"https:\/\/www.europesays.com\/lv\/wp-json\/wp\/v2\/categories?post=22420"},{"taxonomy":"post_tag","embeddable":true,"href":"https:\/\/www.europesays.com\/lv\/wp-json\/wp\/v2\/tags?post=22420"}],"curies":[{"name":"wp","href":"https:\/\/api.w.org\/{rel}","templated":true}]}}