{"id":22427,"date":"2025-10-16T10:02:07","date_gmt":"2025-10-16T10:02:07","guid":{"rendered":"https:\/\/www.europesays.com\/lv\/22427\/"},"modified":"2025-10-16T10:02:07","modified_gmt":"2025-10-16T10:02:07","slug":"nhl-cempionvienibas-treneris-pauz-uzticibu-balinskim","status":"publish","type":"post","link":"https:\/\/www.europesays.com\/lv\/22427\/","title":{"rendered":"NHL \u010dempionvien\u012bbas treneris pau\u017e uztic\u012bbu Balinskim"},"content":{"rendered":"<p>Jau v\u0113st\u012bts, ka traumas d\u0113\u013c aptuveni piecus m\u0113ne\u0161us nevar\u0113s sp\u0113l\u0113t &#8220;Panthers&#8221; pamatsast\u0101va aizsargs Dmitrijs Ku\u013cikovs.<\/p>\n<p>Krievijas hokejistam non\u0101kot savainoto sp\u0113l\u0113t\u0101ju sarakst\u0101, &#8220;Panthers&#8221; pamatsast\u0101v\u0101 iek\u013cauts Balinskis, kur\u0161 \u0161\u012bs sezonas ievad\u0101 nesp\u0113l\u0113ja.<\/p>\n<p>&#8220;Uvis pag\u0101ju\u0161aj\u0101 sezon\u0101 nosp\u0113l\u0113ja 74 sp\u0113les (76), t\u0101p\u0113c sast\u0101v\u0101 liekam hokejistu, kur\u0161 \u0161eit (<a href=\"https:\/\/sports.tvnet.lv\/term\/10077\/nhl\" class=\"topicLink\" target=\"_blank\" rel=\"nofollow noopener\">NHL<\/a>) ir jau sp\u0113l\u0113jis,&#8221; nor\u0101d\u012bja Moriss.<\/p>\n<p>&#8220;M\u0113s piln\u012bb\u0101 sagaid\u0101m, ka Uvis sp\u0113l\u0113s t\u0101d\u0101 l\u012bmen\u012b, k\u0101d\u0101 vi\u0146\u0161 ir sp\u0113j\u012bgs. M\u0113s uzskat\u0101m, ka izmantojam puisi, kur\u0161 ir \u013coti sp\u0113j\u012bgs,&#8221; piebilda treneris.<\/p>\n<p>NHL apskatnieks D\u017eoijs Ganzi no &#8220;The Hockey Writters&#8221; iepriek\u0161 pauda, ka Balinskim \u0161\u012b ir p\u0113d\u0113j\u0101 iesp\u0113ja sevi pier\u0101d\u012bt, kam\u0113r Ku\u013cikovs atlabst.<\/p>\n<p>29 gadus vecais Balinskis \u0161osezon trijos ma\u010dos vid\u0113ji laukum\u0101 pavad\u012bjis 13 min\u016btes un 26 sekundes, sakr\u0101jot negat\u012bvu lietder\u012bbas koeficientu -1.<\/p>\n<p>&#8220;Panthers&#8221; patlaban ar se\u0161iem punktiem piecos ma\u010dos ie\u0146em astoto vietu Austrumu konferences kopv\u0113rt\u0113jum\u0101.<\/p>\n<p>Balinskis tre\u0161o sezonu p\u0101rst\u0101v &#8220;Panthers&#8221; komandu. Debijas sezon\u0101 vi\u0146\u0161 piedal\u012bj\u0101s 26 regul\u0101r\u0101 \u010dempion\u0101ta ma\u010dos, sakr\u0101ja tr\u012bs rezultativit\u0101tes punktus (1+2) un neitr\u0101lu lietder\u012bbas koeficientu.<\/p>\n<p>Iepriek\u0161\u0113j\u0101 sezon\u0101 Balinskis aizvad\u012bja 76 regul\u0101r\u0101 \u010dempion\u0101ta sp\u0113les, guva \u010detrus v\u0101rtus, izpild\u012bja 14 rezultat\u012bvas piesp\u0113les (4+14) un nopeln\u012bja negat\u012bvu lietder\u012bbas koeficientu -7.<\/p>\n<p>Balnskis p\u0113rn janv\u0101ri vienoj\u0101s par divu gadu un 1,7 miljonu ASV dol\u0101ru l\u012bgumu. Latvijas hokejistam p\u0113c \u0161\u012bs sezonas nosl\u0113gsies kontrakts. Vasar\u0101 vi\u0146\u0161 var k\u013c\u016bt par neierobe\u017eotu br\u012bvo a\u0123entu.<\/p>\n","protected":false},"excerpt":{"rendered":"Jau v\u0113st\u012bts, ka traumas d\u0113\u013c aptuveni piecus m\u0113ne\u0161us nevar\u0113s sp\u0113l\u0113t &#8220;Panthers&#8221; pamatsast\u0101va aizsargs Dmitrijs Ku\u013cikovs. Krievijas hokejistam non\u0101kot&hellip;\n","protected":false},"author":2,"featured_media":22428,"comment_status":"","ping_status":"","sticky":false,"template":"","format":"standard","meta":{"footnotes":""},"categories":[17],"tags":[425,836,394,721,35,39,38,36,37,34,40,835,67,3953,4672],"class_list":{"0":"post-22427","1":"post","2":"type-post","3":"status-publish","4":"format-standard","5":"has-post-thumbnail","7":"category-sports","8":"tag-floridas-panthers","9":"tag-hokeja-jaunumi","10":"tag-hokejs","11":"tag-hokejs-pasaule","12":"tag-latvia","13":"tag-latvian","14":"tag-latviesu","15":"tag-latviesu-valoda","16":"tag-latviesuvaloda","17":"tag-latvija","18":"tag-lv","19":"tag-nhl","20":"tag-sports","21":"tag-uvis-balinskis","22":"tag-uvis-janis-balinskis"},"share_on_mastodon":{"url":"","error":""},"_links":{"self":[{"href":"https:\/\/www.europesays.com\/lv\/wp-json\/wp\/v2\/posts\/22427","targetHints":{"allow":["GET"]}}],"collection":[{"href":"https:\/\/www.europesays.com\/lv\/wp-json\/wp\/v2\/posts"}],"about":[{"href":"https:\/\/www.europesays.com\/lv\/wp-json\/wp\/v2\/types\/post"}],"author":[{"embeddable":true,"href":"https:\/\/www.europesays.com\/lv\/wp-json\/wp\/v2\/users\/2"}],"replies":[{"embeddable":true,"href":"https:\/\/www.europesays.com\/lv\/wp-json\/wp\/v2\/comments?post=22427"}],"version-history":[{"count":0,"href":"https:\/\/www.europesays.com\/lv\/wp-json\/wp\/v2\/posts\/22427\/revisions"}],"wp:featuredmedia":[{"embeddable":true,"href":"https:\/\/www.europesays.com\/lv\/wp-json\/wp\/v2\/media\/22428"}],"wp:attachment":[{"href":"https:\/\/www.europesays.com\/lv\/wp-json\/wp\/v2\/media?parent=22427"}],"wp:term":[{"taxonomy":"category","embeddable":true,"href":"https:\/\/www.europesays.com\/lv\/wp-json\/wp\/v2\/categories?post=22427"},{"taxonomy":"post_tag","embeddable":true,"href":"https:\/\/www.europesays.com\/lv\/wp-json\/wp\/v2\/tags?post=22427"}],"curies":[{"name":"wp","href":"https:\/\/api.w.org\/{rel}","templated":true}]}}