{"id":224440,"date":"2026-06-11T21:41:08","date_gmt":"2026-06-11T21:41:08","guid":{"rendered":"https:\/\/www.europesays.com\/lv\/224440\/"},"modified":"2026-06-11T21:41:08","modified_gmt":"2026-06-11T21:41:08","slug":"latvijas-sautrinu-meteji-razma-un-melderis-ar-panakumu-sak-pasaules-kausa-izcinu","status":"publish","type":"post","link":"https:\/\/www.europesays.com\/lv\/224440\/","title":{"rendered":"Latvijas \u0161autri\u0146u met\u0113ji Razma un Melderis ar pan\u0101kumu s\u0101k Pasaules kausa izc\u012b\u0146u"},"content":{"rendered":"<p>Latvijas duets vid\u0113ji pieg\u0101jien\u0101 guva 83,83 punktus un nosl\u0113dzo\u0161os metienus izpild\u012bja ar 30,77% precizit\u0101ti, vien\u012bgo 180 punktu g\u0101jienu izpildot Razmam.<\/p>\n<p>It\u0101\u013ci vid\u0113ji pieg\u0101jien\u0101 guva 78,46 punktus, izpild\u012bja vienu 180 punktu g\u0101jienu un nosl\u0113dzo\u0161os metienus izpild\u012bja ar 18,18% precizit\u0101ti.<\/p>\n<blockquote class=\"twitter-tweet\" data-width=\"550\" data-dnt=\"true\">\n<p lang=\"en\" dir=\"ltr\">\ud83c\udfaf\ud83c\udf10 | <a href=\"https:\/\/x.com\/BetVictor?ref_src=twsrc%5Etfw\" rel=\"nofollow\">@BetVictor<\/a> World Cup of Darts 2026<br \/>Group J Result<\/p>\n<p>\ud83c\uddf1\ud83c\uddfb Latvia 4\ufe0f\u20e3<br \/>\ud83c\uddee\ud83c\uddf9 Italy 2\ufe0f\u20e3<\/p>\n<p>Razma &amp; Melderis clinch a passionate victory in Frankfurt, as they get the better of the Italians in Group J.<\/p>\n<p>\ud83d\udc8ePresented with <a href=\"https:\/\/x.com\/DiamondXDraws?ref_src=twsrc%5Etfw\" rel=\"nofollow\">@DiamondXDraws<\/a> <a href=\"https:\/\/t.co\/tUFFsd2Z8k\" rel=\"nofollow\">pic.twitter.com\/tUFFsd2Z8k<\/a><\/p>\n<p>\u2014 DartsWorld (@Darts_World) <a href=\"https:\/\/x.com\/Darts_World\/status\/2065165380851568780?ref_src=twsrc%5Etfw\" rel=\"nofollow\">June 11, 2026<\/a><\/p>\n<\/blockquote>\n<p>Piektdien J grupas otraj\u0101 ma\u010d\u0101 Latvijas pretinieki b\u016bs Trinidadas un Tobago \u0161autri\u0146u met\u0113ji.<\/p>\n<p>Anglija, N\u012bderlande, Skotija un Zieme\u013c\u012brija jau nodro\u0161in\u0101ju\u0161as vietu otraj\u0101 k\u0101rt\u0101, bet p\u0101r\u0113j\u0101s 36 izlases sadal\u012bs v\u0113l 12 ce\u013caz\u012bmes uz n\u0101kamo k\u0101rtu.<\/p>\n<p>No 12 grup\u0101m otraj\u0101 k\u0101rt\u0101 iek\u013c\u016bs tikai pirmo vietu ieguv\u0113jas.<\/p>\n<p>Pasaules kauss norisin\u0101sies l\u012bdz \u0161\u012bs ned\u0113\u013cas beig\u0101m. Turn\u012bra kop\u0113jais balvu fonds ir 500 000 Lielbrit\u0101nijas m\u0101rci\u0146u.<\/p>\n<p>P\u0113rn latvie\u0161i piedz\u012bvoja divus zaud\u0113jumus un neizk\u013cuva no grupas, bet par \u010dempioniem k\u013cuva Zieme\u013c\u012brijas \u0161autri\u0146u met\u0113ji D\u017eo\u0161s Roks un Derils G\u0113rnijs.<\/p>\n<p class=\"tv3-fw-500\">Zi\u0146o par k\u013c\u016bdu rakst\u0101<\/p>\n<p class=\"d-md-block d-none\">Iez\u012bm\u0113 k\u013c\u016bdaino tekstu un spied Ctrl+Enter.<\/p>\n<p class=\"d-md-none d-block\">Iez\u012bm\u0113 k\u013c\u016bdaino tekstu un zi\u0146o par to!<\/p>\n<p>                <script async src=\"https:\/\/platform.twitter.com\/widgets.js\" charset=\"utf-8\"><\/script><\/p>\n","protected":false},"excerpt":{"rendered":"Latvijas duets vid\u0113ji pieg\u0101jien\u0101 guva 83,83 punktus un nosl\u0113dzo\u0161os metienus izpild\u012bja ar 30,77% precizit\u0101ti, vien\u012bgo 180 punktu g\u0101jienu&hellip;\n","protected":false},"author":2,"featured_media":224441,"comment_status":"","ping_status":"","sticky":false,"template":"","format":"standard","meta":{"footnotes":"","_share_on_mastodon":"0"},"categories":[17],"tags":[35,39,38,36,37,34,40,38603,67],"class_list":["post-224440","post","type-post","status-publish","format-standard","has-post-thumbnail","category-sports","tag-latvia","tag-latvian","tag-latviesu","tag-latviesu-valoda","tag-latviesuvaloda","tag-latvija","tag-lv","tag-madars-razmasautrinu-mesanavalters-melderis","tag-sports"],"share_on_mastodon":{"url":"https:\/\/pubeurope.com\/@lv\/116733652891473696","error":""},"_links":{"self":[{"href":"https:\/\/www.europesays.com\/lv\/wp-json\/wp\/v2\/posts\/224440","targetHints":{"allow":["GET"]}}],"collection":[{"href":"https:\/\/www.europesays.com\/lv\/wp-json\/wp\/v2\/posts"}],"about":[{"href":"https:\/\/www.europesays.com\/lv\/wp-json\/wp\/v2\/types\/post"}],"author":[{"embeddable":true,"href":"https:\/\/www.europesays.com\/lv\/wp-json\/wp\/v2\/users\/2"}],"replies":[{"embeddable":true,"href":"https:\/\/www.europesays.com\/lv\/wp-json\/wp\/v2\/comments?post=224440"}],"version-history":[{"count":0,"href":"https:\/\/www.europesays.com\/lv\/wp-json\/wp\/v2\/posts\/224440\/revisions"}],"wp:featuredmedia":[{"embeddable":true,"href":"https:\/\/www.europesays.com\/lv\/wp-json\/wp\/v2\/media\/224441"}],"wp:attachment":[{"href":"https:\/\/www.europesays.com\/lv\/wp-json\/wp\/v2\/media?parent=224440"}],"wp:term":[{"taxonomy":"category","embeddable":true,"href":"https:\/\/www.europesays.com\/lv\/wp-json\/wp\/v2\/categories?post=224440"},{"taxonomy":"post_tag","embeddable":true,"href":"https:\/\/www.europesays.com\/lv\/wp-json\/wp\/v2\/tags?post=224440"}],"curies":[{"name":"wp","href":"https:\/\/api.w.org\/{rel}","templated":true}]}}