{"id":22447,"date":"2025-10-16T10:37:07","date_gmt":"2025-10-16T10:37:07","guid":{"rendered":"https:\/\/www.europesays.com\/lv\/22447\/"},"modified":"2025-10-16T10:37:07","modified_gmt":"2025-10-16T10:37:07","slug":"aija-andrejeva-atzime-20-gadus-uz-skatuves-ar-iespaidigu-koncertseriju-tagadne-lente-lv","status":"publish","type":"post","link":"https:\/\/www.europesays.com\/lv\/22447\/","title":{"rendered":"Aija Andrejeva atz\u012bm\u0113 20 gadus uz skatuves ar iespaid\u012bgu koncerts\u0113riju &#8220;Tagadne&#8221;\u00a0\u2014\u00a0Lente.lv"},"content":{"rendered":"<p>Latvijas m\u016bzikas d\u0101ma Aija Andrejeva \u0161ogad svin noz\u012bm\u012bgu gadadienu \u2013 divdesmit gadus kop\u0161 vi\u0146as debijas uz skatuves. Par godu \u0161im iespaid\u012bgajam notikumam dzied\u0101t\u0101ja sar\u016bp\u0113jusi saviem klaus\u012bt\u0101jiem \u012bpa\u0161u d\u0101vanu \u2013 koncerts\u0113riju &#8220;Tagadne&#8221;. \u0160\u012b koncerts\u0113rija ir ne tikai sv\u0113tki Aijai un vi\u0146as m\u016bzikas cien\u012bt\u0101jiem, bet ar\u012b emocion\u0101ls un muzik\u0101ls ce\u013cojums cauri laikiem, aptverot gan pirmos so\u013cus karjer\u0101, gan jaun\u0101k\u0101s kompoz\u012bcijas. &#8220;Tagadne&#8221; sola b\u016bt patiesa un dzi\u013ca pieredze, kur\u0101 satiksies pag\u0101tne, tagadne un skats n\u0101kotn\u0113.<\/p>\n<p>Muzik\u0101ls ce\u013cojums cauri div\u0101m desmitgad\u0113m<\/p>\n<p>Koncertos &#8220;Tagadne&#8221; skan\u0113s gan dzied\u0101t\u0101jas jaun\u0101k\u0101 albuma kompoz\u012bcijas, gan ar\u012b klaus\u012bt\u0101ju iem\u012b\u013cotie hiti no iepriek\u0161\u0113jiem albumiem, piem\u0113ram, &#8220;Tu un es&#8221;, &#8220;Es ie\u0161u t\u0101l\u0101k&#8221; un &#8220;Bl\u0113\u0146as&#8221;. Aija Andrejeva sola ar\u012b daudzas citas taut\u0101 iem\u012b\u013cotas dziesmas, kas ir k\u013cuvu\u0161as par neat\u0146emamu da\u013cu no vi\u0146as muzik\u0101l\u0101s identit\u0101tes. K\u0101 pati m\u0101ksliniece atz\u012bst, \u0161\u012b koncerts\u0113rija ir iesp\u0113ja v\u0113lreiz satikties ar savu publiku un dal\u012bties m\u016bzik\u0101, kas n\u0101k no sirds. &#8220;Man ir liels prieks, ka \u0161oruden turpin\u0101sim to, ko pag\u0101ju\u0161aj\u0101 ruden\u012b s\u0101k\u0101m Liep\u0101j\u0101 \u2013 mans 20 gadu skatuves jubilejas koncerts izskan\u0113ja grandiozi un bija piepild\u012bts ar sp\u0113c\u012bg\u0101m emocij\u0101m, skaistiem mirk\u013ciem un milz\u012bgu prieku,&#8221; st\u0101sta Andrejeva. Lai gan iepriek\u0161\u0113jais lielkoncerts Liep\u0101j\u0101 izpeln\u012bj\u0101s saj\u016bsmu, ne visi var\u0113ja pasp\u0113t kl\u0101t, t\u0101d\u0113\u013c \u0161\u012b koncerts\u0113rija \u013caus daudz pla\u0161\u0101kam klaus\u012bt\u0101ju lokam baud\u012bt sv\u0113tku saj\u016btu vis\u0101 Latvij\u0101.<\/p>\n<p>&#8220;Tagadne&#8221; &#8211; vair\u0101k nek\u0101 tikai koncerts<\/p>\n<p>Koncertiem dots z\u012bm\u012bgs nosaukums &#8220;Tagadne&#8221;, kas atspogu\u013co Aijas Andrejevas v\u0113lmi b\u016bt kl\u0101teso\u0161ai un dz\u012bvot mirkl\u012b, vienlaikus godinot savu muzik\u0101lo pag\u0101tni un raugoties n\u0101kotn\u0113. &#8220;\u0160ie koncerti b\u016bs muzik\u0101ls ce\u013cojums cauri laikiem \u2013 no pirmajiem so\u013ciem l\u012bdz m\u016bsdien\u0101m, akcent\u0113jot gan jauno, gan jau iem\u012b\u013coto repertu\u0101ru,&#8221; skaidro dzied\u0101t\u0101ja. Vi\u0146a sola ar\u012b da\u017e\u0101dus p\u0101rsteigumus, piebilstot, ka &#8220;b\u016bs k\u0101rt\u012bgs rokkoncerts ar nedaudz klasiskiem un liriskiem piesitieniem&#8221; . \u0160\u012b pieeja \u013cauj izveidot daudzpus\u012bgu programmu, kas sp\u0113s uzrun\u0101t da\u017e\u0101du gaumju klaus\u012bt\u0101jus.<\/p>\n<p>Karjeras virsotnes un atzin\u012bbas<\/p>\n<p>Divu desmitga\u017eu laik\u0101 Aija Andrejeva ir k\u013cuvusi par vienu no spilgt\u0101kaj\u0101m un daudzpus\u012bg\u0101kaj\u0101m person\u012bb\u0101m Latvijas m\u016bzikas ainav\u0101. Vi\u0146a ir p\u0101rst\u0101v\u0113jusi Latviju starptautiskaj\u0101 Eirov\u012bzijas dziesmu konkurs\u0101, nesen sa\u0146\u0113musi Gada augst\u0101ko m\u016bsdienu m\u016bzikas apbalvojumu GAMMA k\u0101 gada solo m\u0101ksliniece, k\u0101 ar\u012b daudzk\u0101rt uzst\u0101jusies liel\u0101kajos festiv\u0101los un koncertz\u0101l\u0113s vis\u0101 Latvij\u0101. Savu ce\u013cu m\u016bzik\u0101 Aija s\u0101ka jau agr\u0101 b\u0113rn\u012bb\u0101, b\u016bdama le\u0123end\u0101r\u0101s rokgrupas &#8220;Opus Pro&#8221; solista O\u013cega Andrejeva (Alex) meita. Vi\u0146as talants tika paman\u012bts jau jaun\u012bb\u0101, g\u016bstot pan\u0101kumus konkursos un apg\u016bstot m\u016bzikas instrumentus. Pla\u0161\u0101ku atpaz\u012bstam\u012bbu vi\u0146a ieguva p\u0113c uzvaras realit\u0101tes \u0161ov\u0101 &#8220;Fabrikas muzik\u0101lais te\u0101tris&#8221;, kas k\u013cuva par atsp\u0113riena punktu spo\u017eajai karjerai.<\/p>\n<blockquote>\n<p>\u201cDivdesmit gadi uz skatuves nav joka lieta. Tas ir j\u0101svin ar tiem, kuri mani iedvesmo \u2013 ar klaus\u012bt\u0101jiem.\u201d<\/p>\n<\/blockquote>\n<p> Andrejevas karjera ir bijusi nep\u0101rtraukta izaugsme, ko raksturo neatlaid\u012bba un talants. Katrs posms, s\u0101kot no pirmajiem albumiem k\u0101 &#8220;Tu un es&#8221; (2006) un &#8220;Dv\u0113sel\u012bte&#8221; (2009), l\u012bdz pat jaun\u0101kajam albumam &#8220;Tagadne&#8221;, ir apliecin\u0101jis vi\u0146as sp\u0113ju att\u012bst\u012bties un rad\u012bt jaunas muzik\u0101l\u0101s vibr\u0101cijas.<\/p>\n<p>Koncerti vis\u0101 Latvij\u0101<\/p>\n<p>Koncertu s\u0113rija &#8220;Tagadne&#8221; aptvers da\u017e\u0101das Latvijas pils\u0113tas, dodot iesp\u0113ju pla\u0161am lokam klaus\u012bt\u0101ju baud\u012bt Aijas Andrejevas jubil\u0101ru svin\u012bbas. Koncertos paredz\u0113ti ar\u012b \u012bpa\u0161i viesi, kas pie\u0161\u0137irs pas\u0101kumiem v\u0113l papildu v\u0113rt\u012bbu un neaizmirstamas emocijas. Tiek pl\u0101nots, ka \u0161ie koncerti k\u013c\u016bs par noz\u012bm\u012bgu notikumu gan m\u0101ksliniecei, gan visiem m\u016bzikas m\u012b\u013cot\u0101jiem, kuri nov\u0113rt\u0113 Aijas Andrejevas talantu un devumu Latvijas m\u016bzikas kult\u016br\u0101. Lai gan prec\u012bzi datumi un norises vietas var at\u0161\u0137irties, viens no gaid\u0101majiem koncertiem notiks 8. novembr\u012b VEF Kult\u016bras pil\u012b R\u012bg\u0101.<\/p>\n<p>\u0160\u012b jubilejas koncerts\u0113rija ir apliecin\u0101jums Aijas Andrejevas ilggad\u0113jai un veiksm\u012bgajai karjerai, k\u0101 ar\u012b vi\u0146as sp\u0113c\u012bgajai saiknei ar klaus\u012bt\u0101jiem. &#8220;Tagadne&#8221; sol\u0101s b\u016bt neaizmirstams piedz\u012bvojums, kas godin\u0101s aizvad\u012btos gadus un iedvesmos n\u0101kotnei.<\/p>\n","protected":false},"excerpt":{"rendered":"Latvijas m\u016bzikas d\u0101ma Aija Andrejeva \u0161ogad svin noz\u012bm\u012bgu gadadienu \u2013 divdesmit gadus kop\u0161 vi\u0146as debijas uz skatuves. Par&hellip;\n","protected":false},"author":2,"featured_media":22448,"comment_status":"","ping_status":"","sticky":false,"template":"","format":"standard","meta":{"footnotes":""},"categories":[19],"tags":[7079,7076,89,90,7078,35,39,38,36,37,34,355,40,7077],"class_list":{"0":"post-22447","1":"post","2":"type-post","3":"status-publish","4":"format-standard","5":"has-post-thumbnail","7":"category-izklaide","8":"tag-20-gadi-uz-skatuves","9":"tag-aija-andrejeva","10":"tag-entertainment","11":"tag-izklaide","12":"tag-koncertserija","13":"tag-latvia","14":"tag-latvian","15":"tag-latviesu","16":"tag-latviesu-valoda","17":"tag-latviesuvaloda","18":"tag-latvija","19":"tag-latvijas-muzika","20":"tag-lv","21":"tag-tagadne"},"share_on_mastodon":{"url":"","error":""},"_links":{"self":[{"href":"https:\/\/www.europesays.com\/lv\/wp-json\/wp\/v2\/posts\/22447","targetHints":{"allow":["GET"]}}],"collection":[{"href":"https:\/\/www.europesays.com\/lv\/wp-json\/wp\/v2\/posts"}],"about":[{"href":"https:\/\/www.europesays.com\/lv\/wp-json\/wp\/v2\/types\/post"}],"author":[{"embeddable":true,"href":"https:\/\/www.europesays.com\/lv\/wp-json\/wp\/v2\/users\/2"}],"replies":[{"embeddable":true,"href":"https:\/\/www.europesays.com\/lv\/wp-json\/wp\/v2\/comments?post=22447"}],"version-history":[{"count":0,"href":"https:\/\/www.europesays.com\/lv\/wp-json\/wp\/v2\/posts\/22447\/revisions"}],"wp:featuredmedia":[{"embeddable":true,"href":"https:\/\/www.europesays.com\/lv\/wp-json\/wp\/v2\/media\/22448"}],"wp:attachment":[{"href":"https:\/\/www.europesays.com\/lv\/wp-json\/wp\/v2\/media?parent=22447"}],"wp:term":[{"taxonomy":"category","embeddable":true,"href":"https:\/\/www.europesays.com\/lv\/wp-json\/wp\/v2\/categories?post=22447"},{"taxonomy":"post_tag","embeddable":true,"href":"https:\/\/www.europesays.com\/lv\/wp-json\/wp\/v2\/tags?post=22447"}],"curies":[{"name":"wp","href":"https:\/\/api.w.org\/{rel}","templated":true}]}}