{"id":22461,"date":"2025-10-16T10:48:19","date_gmt":"2025-10-16T10:48:19","guid":{"rendered":"https:\/\/www.europesays.com\/lv\/22461\/"},"modified":"2025-10-16T10:48:19","modified_gmt":"2025-10-16T10:48:19","slug":"virietis-no-kraslavas-iedzivotajas-izkrapj-2000-eiro-policija-nodod-lietu-kriminalvajasanas-uzsaksanai","status":"publish","type":"post","link":"https:\/\/www.europesays.com\/lv\/22461\/","title":{"rendered":"V\u012brietis no Kr\u0101slavas iedz\u012bvot\u0101jas izkr\u0101pj 2000 eiro. Policija nodod lietu krimin\u0101lvaj\u0101\u0161anas uzs\u0101k\u0161anai"},"content":{"rendered":"<p>2025. gada 3. j\u016blij\u0101, Valsts policijas Latgales re\u0123iona p\u0101rvaldes Dienvidlatgales iecirk\u0146a Izmekl\u0113\u0161anas noda\u013cas amatpersonas sa\u0146\u0113ma inform\u0101ciju, ka 1933. gad\u0101 dzimusi sieviete sa\u0146\u0113ma zvanu no nepaz\u012bstamas personas, kura apgalvoja, ka vi\u0146as radiniece ir cietusi ce\u013cu satiksmes negad\u012bjum\u0101 un ir nepiecie\u0161ami naudas l\u012bdzek\u013ci \u0101rst\u0113\u0161anas pakalpojumu seg\u0161anai.<\/p>\n<p>Personai izdev\u0101s ieg\u016bt sievietes uztic\u012bbu un vi\u0146a naudas kurjeram nodeva 2000 eiro. Valsts policij\u0101 tika uzs\u0101kts <a href=\"https:\/\/www.apollo.lv\/term\/570822\/kriminalprocess\" class=\"topicLink\" target=\"_blank\" rel=\"nofollow noopener\">krimin\u0101lprocess<\/a>, veiktas izmekl\u0113\u0161anas darb\u012bbas.<\/p>\n<p>Skaidrojot notiku\u0161\u0101 apst\u0101k\u013cus un veicot izmekl\u0113\u0161anas darb\u012bbas, likumsargi noskaidroja iesp\u0113jamo vain\u012bgo personu un, 19. septembr\u012b, uz aizdomu pamata Kr\u0101slav\u0101 aiztur\u0113ja 1996. gad\u0101 dzimu\u0161u v\u012brieti.<\/p>\n<p>Izmekl\u0113\u0161anas laik\u0101 likumsargi noskaidroja, ka aiztur\u0113t\u0101 persona kr\u0101p\u0161anas sh\u0113ma ir pild\u012bjusi naudas kurjera lomu un vi\u0146\u0161 bija saist\u012bts ar\u012b ar noziedz\u012bgi ieg\u016btas naudas legaliz\u0113\u0161anu. T\u0101 jau iepriek\u0161 bija non\u0101kusi Valsts policijas redzeslok\u0101.<\/p>\n<p>Valsts policij\u0101 pret personu tika uzs\u0101kts krimin\u0101lprocess par kr\u0101p\u0161anu, ja t\u0101 izdar\u012bta iev\u0113rojam\u0101 apm\u0113r\u0101 vai ja to izdar\u012bjusi personu grupa p\u0113c iepriek\u0161\u0113jas vieno\u0161an\u0101s. Paredz\u0113ts sods ar br\u012bv\u012bbas at\u0146em\u0161anu uz laiku l\u012bdz pieciem gadiem vai ar \u012bslaic\u012bgu br\u012bv\u012bbas at\u0146em\u0161anu, vai ar prob\u0101cijas uzraudz\u012bbu, vai ar sabiedrisko darbu, vai ar naudas sodu, konfisc\u0113jot mantu vai bez mantas konfisk\u0101cijas.<\/p>\n","protected":false},"excerpt":{"rendered":"2025. gada 3. j\u016blij\u0101, Valsts policijas Latgales re\u0123iona p\u0101rvaldes Dienvidlatgales iecirk\u0146a Izmekl\u0113\u0161anas noda\u013cas amatpersonas sa\u0146\u0113ma inform\u0101ciju, ka 1933.&hellip;\n","protected":false},"author":2,"featured_media":22462,"comment_status":"","ping_status":"","sticky":false,"template":"","format":"standard","meta":{"footnotes":""},"categories":[5],"tags":[23,28,29,32,33,22,6786,30,31,35,39,38,36,37,34,40,20,26,27,24,25,138,21],"class_list":{"0":"post-22461","1":"post","2":"type-post","3":"status-publish","4":"format-standard","5":"has-post-thumbnail","7":"category-aktualitates","8":"tag-aktualitates","9":"tag-breaking-news","10":"tag-breakingnews","11":"tag-featured-news","12":"tag-featurednews","13":"tag-headlines","14":"tag-kriminalprocess","15":"tag-latest-news","16":"tag-latestnews","17":"tag-latvia","18":"tag-latvian","19":"tag-latviesu","20":"tag-latviesu-valoda","21":"tag-latviesuvaloda","22":"tag-latvija","23":"tag-lv","24":"tag-news","25":"tag-popularakas-zinas","26":"tag-popularakaszinas","27":"tag-top-stories","28":"tag-topstories","29":"tag-valsts-policija","30":"tag-zinas"},"share_on_mastodon":{"url":"","error":""},"_links":{"self":[{"href":"https:\/\/www.europesays.com\/lv\/wp-json\/wp\/v2\/posts\/22461","targetHints":{"allow":["GET"]}}],"collection":[{"href":"https:\/\/www.europesays.com\/lv\/wp-json\/wp\/v2\/posts"}],"about":[{"href":"https:\/\/www.europesays.com\/lv\/wp-json\/wp\/v2\/types\/post"}],"author":[{"embeddable":true,"href":"https:\/\/www.europesays.com\/lv\/wp-json\/wp\/v2\/users\/2"}],"replies":[{"embeddable":true,"href":"https:\/\/www.europesays.com\/lv\/wp-json\/wp\/v2\/comments?post=22461"}],"version-history":[{"count":0,"href":"https:\/\/www.europesays.com\/lv\/wp-json\/wp\/v2\/posts\/22461\/revisions"}],"wp:featuredmedia":[{"embeddable":true,"href":"https:\/\/www.europesays.com\/lv\/wp-json\/wp\/v2\/media\/22462"}],"wp:attachment":[{"href":"https:\/\/www.europesays.com\/lv\/wp-json\/wp\/v2\/media?parent=22461"}],"wp:term":[{"taxonomy":"category","embeddable":true,"href":"https:\/\/www.europesays.com\/lv\/wp-json\/wp\/v2\/categories?post=22461"},{"taxonomy":"post_tag","embeddable":true,"href":"https:\/\/www.europesays.com\/lv\/wp-json\/wp\/v2\/tags?post=22461"}],"curies":[{"name":"wp","href":"https:\/\/api.w.org\/{rel}","templated":true}]}}