{"id":22463,"date":"2025-10-16T10:49:11","date_gmt":"2025-10-16T10:49:11","guid":{"rendered":"https:\/\/www.europesays.com\/lv\/22463\/"},"modified":"2025-10-16T10:49:11","modified_gmt":"2025-10-16T10:49:11","slug":"martins-kalita-lepojas-ar-piecu-bernu-saimi","status":"publish","type":"post","link":"https:\/\/www.europesays.com\/lv\/22463\/","title":{"rendered":"M\u0101rti\u0146\u0161 Kalita lepojas ar piecu b\u0113rnu saimi"},"content":{"rendered":"<p>M\u0101rti\u0146\u0161 un Anna Kalitas \u0161ovasar nosvin\u0113ja laul\u012bbas asto\u0146u gadu jubileju, ta\u010du kop\u0101 abi ir 13 gadus, un \u0123imen\u0113 aug piecas atvases.<\/p>\n<p>&#8220;Man ir devi\u0146us gadus veca meita un d\u0113li &#8211; septi\u0146us, \u010detrus, divus un pusgadu veci,&#8221; \u017eurn\u0101lam st\u0101sta M\u0101rti\u0146\u0161. Dienas k\u0101rt\u012bba Kalitu saim\u0113 b\u016btiski main\u012bjusies, kad piedzima piekt\u0101 atvase.<\/p>\n<p>Piecos pievakar\u0113 atkal atgrie\u017eos te\u0101tr\u012b. P\u0113c tam nesos uz m\u0101j\u0101m, p\u0101rbaudu, k\u0101 skol\u0113ni izm\u0101c\u012bju\u0161ies. Vakar\u0101 b\u0113rni j\u0101noliek gul\u0113t, un tikai tad m\u0113s ar sievu varam aps\u0113sties divat\u0101,&#8221; \u017eurn\u0101lam st\u0101sta M\u0101rti\u0146\u0161.<\/p>\n<p>Lai \u0161\u0101du ritmu iztur\u0113tu, Kalitas cen\u0161as izrauties ce\u013cojumos.<\/p>\n","protected":false},"excerpt":{"rendered":"M\u0101rti\u0146\u0161 un Anna Kalitas \u0161ovasar nosvin\u0113ja laul\u012bbas asto\u0146u gadu jubileju, ta\u010du kop\u0101 abi ir 13 gadus, un \u0123imen\u0113&hellip;\n","protected":false},"author":2,"featured_media":22464,"comment_status":"","ping_status":"","sticky":false,"template":"","format":"standard","meta":{"footnotes":""},"categories":[19],"tags":[89,90,35,39,38,36,37,34,1429,40,7082],"class_list":{"0":"post-22463","1":"post","2":"type-post","3":"status-publish","4":"format-standard","5":"has-post-thumbnail","7":"category-izklaide","8":"tag-entertainment","9":"tag-izklaide","10":"tag-latvia","11":"tag-latvian","12":"tag-latviesu","13":"tag-latviesu-valoda","14":"tag-latviesuvaloda","15":"tag-latvija","16":"tag-latvijas-zurnali","17":"tag-lv","18":"tag-martins-kalita"},"share_on_mastodon":{"url":"","error":""},"_links":{"self":[{"href":"https:\/\/www.europesays.com\/lv\/wp-json\/wp\/v2\/posts\/22463","targetHints":{"allow":["GET"]}}],"collection":[{"href":"https:\/\/www.europesays.com\/lv\/wp-json\/wp\/v2\/posts"}],"about":[{"href":"https:\/\/www.europesays.com\/lv\/wp-json\/wp\/v2\/types\/post"}],"author":[{"embeddable":true,"href":"https:\/\/www.europesays.com\/lv\/wp-json\/wp\/v2\/users\/2"}],"replies":[{"embeddable":true,"href":"https:\/\/www.europesays.com\/lv\/wp-json\/wp\/v2\/comments?post=22463"}],"version-history":[{"count":0,"href":"https:\/\/www.europesays.com\/lv\/wp-json\/wp\/v2\/posts\/22463\/revisions"}],"wp:featuredmedia":[{"embeddable":true,"href":"https:\/\/www.europesays.com\/lv\/wp-json\/wp\/v2\/media\/22464"}],"wp:attachment":[{"href":"https:\/\/www.europesays.com\/lv\/wp-json\/wp\/v2\/media?parent=22463"}],"wp:term":[{"taxonomy":"category","embeddable":true,"href":"https:\/\/www.europesays.com\/lv\/wp-json\/wp\/v2\/categories?post=22463"},{"taxonomy":"post_tag","embeddable":true,"href":"https:\/\/www.europesays.com\/lv\/wp-json\/wp\/v2\/tags?post=22463"}],"curies":[{"name":"wp","href":"https:\/\/api.w.org\/{rel}","templated":true}]}}