{"id":22469,"date":"2025-10-16T10:54:06","date_gmt":"2025-10-16T10:54:06","guid":{"rendered":"https:\/\/www.europesays.com\/lv\/22469\/"},"modified":"2025-10-16T10:54:06","modified_gmt":"2025-10-16T10:54:06","slug":"pie-policijas-ekas-notiek-pikets-2","status":"publish","type":"post","link":"https:\/\/www.europesays.com\/lv\/22469\/","title":{"rendered":"pie policijas \u0113kas notiek pikets"},"content":{"rendered":"<p>Piketa organiz\u0113t\u0101ji nor\u0101da, ka pulc\u0113jas, lai atbalst\u012btu no\u0161auto su\u0146u saimnieku Modri Konovalovu, piepras\u012btu pa\u0161vald\u012bbas policijas priek\u0161nieka piln\u012bgu atlai\u0161anu no amata, k\u0101 ar\u012b notiku\u0161\u0101 padzi\u013cin\u0101t\u0101ku izskat\u012b\u0161anu.<\/p>\n<p>K\u0101 nov\u0113roja TVNET, piket\u0101 pulc\u0113ju\u0161ies ap 200 cilv\u0113kiem. Daudziem no vi\u0146iem rok\u0101s ir plak\u0101ti. Uz plak\u0101tiem ir t\u0101di uzraksti k\u0101 &#8220;M\u0113s par re\u0101liem cietumsodiem dz\u012bvnieku slepkav\u0101m&#8221;, &#8220;Izlietas asinis nesasmelsi!&#8221;, &#8220;Kaimi\u0146u suns nav klai\u0146ojo\u0161s suns&#8221;, &#8220;Bauskas policija melo!&#8221;, &#8220;Kauns!&#8221;, &#8220;Modri, tu neesi viens! Gaisma uzvar\u0113s tumsu&#8221;.<\/p>\n<p>T\u0101pat izveidota piemi\u0146as vieta, kur\u0101 aizdegtas svec\u012btes. Daudzi san\u0101ku\u0161ie ir ar su\u0146iem.<\/p>\n<p>Jau zi\u0146ots, ka saist\u012bb\u0101 ar pag\u0101ju\u0161aj\u0101 piektdien\u0101 notiku\u0161o tr\u012bs su\u0146u no\u0161au\u0161anu Bauskas novad\u0101 s\u0101kts krimin\u0101lprocess par cietsird\u012bgu iztur\u0113\u0161anos pret dz\u012bvniekiem, ja rezult\u0101t\u0101 tie g\u0101ju\u0161i boj\u0101. Uz\u0146\u0113m\u0113js Modris Konovalovs, kur\u0161 ir zin\u0101ms k\u0101 saimniec\u012bbas &#8220;Modra olas&#8221; \u012bpa\u0161nieks, soci\u0101lajos t\u012bklos ir pazi\u0146ojis, ka dz\u012bvnieki pieder vi\u0146am.<\/p>\n<p>Pa\u0161vald\u012bb\u0101 skaidro, ka 10. oktobr\u012b novada pa\u0161vald\u012bbas policija sa\u0146\u0113ma izsaukumu par tr\u012bs agres\u012bvi noska\u0146otiem klai\u0146ojo\u0161iem su\u0146iem, kas priv\u0101t\u012bpa\u0161um\u0101 Brunavas pagast\u0101 apdraud\u0113ja saimnieci. Pa\u0161vald\u012bbas policijas de\u017e\u016brda\u013ca veica sazi\u0146u ar &#8220;Dz\u012bvnieku gl\u0101b\u0161anas dienestu&#8221; &#8211; dz\u012bvnieku \u0137\u0113r\u0101jiem. Ta\u010du mednieku kolekt\u012bva p\u0101rst\u0101vis esot ieradies pirms dz\u012bvnieku \u0137\u0113r\u0101jiem un su\u0146us no\u0161\u0101vis.<\/p>\n","protected":false},"excerpt":{"rendered":"Piketa organiz\u0113t\u0101ji nor\u0101da, ka pulc\u0113jas, lai atbalst\u012btu no\u0161auto su\u0146u saimnieku Modri Konovalovu, piepras\u012btu pa\u0161vald\u012bbas policijas priek\u0161nieka piln\u012bgu atlai\u0161anu&hellip;\n","protected":false},"author":2,"featured_media":22452,"comment_status":"","ping_status":"","sticky":false,"template":"","format":"standard","meta":{"footnotes":""},"categories":[5],"tags":[23,6548,28,29,32,33,22,30,31,35,39,38,36,37,34,40,20,26,27,24,25,138,1994,21],"class_list":{"0":"post-22469","1":"post","2":"type-post","3":"status-publish","4":"format-standard","5":"has-post-thumbnail","7":"category-aktualitates","8":"tag-aktualitates","9":"tag-bauska","10":"tag-breaking-news","11":"tag-breakingnews","12":"tag-featured-news","13":"tag-featurednews","14":"tag-headlines","15":"tag-latest-news","16":"tag-latestnews","17":"tag-latvia","18":"tag-latvian","19":"tag-latviesu","20":"tag-latviesu-valoda","21":"tag-latviesuvaloda","22":"tag-latvija","23":"tag-lv","24":"tag-news","25":"tag-popularakas-zinas","26":"tag-popularakaszinas","27":"tag-top-stories","28":"tag-topstories","29":"tag-valsts-policija","30":"tag-video","31":"tag-zinas"},"share_on_mastodon":{"url":"","error":""},"_links":{"self":[{"href":"https:\/\/www.europesays.com\/lv\/wp-json\/wp\/v2\/posts\/22469","targetHints":{"allow":["GET"]}}],"collection":[{"href":"https:\/\/www.europesays.com\/lv\/wp-json\/wp\/v2\/posts"}],"about":[{"href":"https:\/\/www.europesays.com\/lv\/wp-json\/wp\/v2\/types\/post"}],"author":[{"embeddable":true,"href":"https:\/\/www.europesays.com\/lv\/wp-json\/wp\/v2\/users\/2"}],"replies":[{"embeddable":true,"href":"https:\/\/www.europesays.com\/lv\/wp-json\/wp\/v2\/comments?post=22469"}],"version-history":[{"count":0,"href":"https:\/\/www.europesays.com\/lv\/wp-json\/wp\/v2\/posts\/22469\/revisions"}],"wp:featuredmedia":[{"embeddable":true,"href":"https:\/\/www.europesays.com\/lv\/wp-json\/wp\/v2\/media\/22452"}],"wp:attachment":[{"href":"https:\/\/www.europesays.com\/lv\/wp-json\/wp\/v2\/media?parent=22469"}],"wp:term":[{"taxonomy":"category","embeddable":true,"href":"https:\/\/www.europesays.com\/lv\/wp-json\/wp\/v2\/categories?post=22469"},{"taxonomy":"post_tag","embeddable":true,"href":"https:\/\/www.europesays.com\/lv\/wp-json\/wp\/v2\/tags?post=22469"}],"curies":[{"name":"wp","href":"https:\/\/api.w.org\/{rel}","templated":true}]}}