{"id":22501,"date":"2025-10-16T11:32:06","date_gmt":"2025-10-16T11:32:06","guid":{"rendered":"https:\/\/www.europesays.com\/lv\/22501\/"},"modified":"2025-10-16T11:32:06","modified_gmt":"2025-10-16T11:32:06","slug":"latvijas-sahiste-kuznecova-izcina-sudrabu-pasaules-jauniesu-cempionata","status":"publish","type":"post","link":"https:\/\/www.europesays.com\/lv\/22501\/","title":{"rendered":"Latvijas \u0161ahiste Kuz\u0146ecova izc\u012bna sudrabu pasaules jaunie\u0161u \u010dempion\u0101t\u0101"},"content":{"rendered":"<p>Kopum\u0101 Latviju pasaules \u010dempion\u0101t\u0101 jaunie\u0161iem p\u0101rst\u0101v\u0113ja asto\u0146i jaunie \u0161ahisti.<\/p>\n<p>Cit\u0101s grup\u0101s Agnesa Stepania Ter-Avetisjana ie\u0146\u0113ma 14.vietu., Milana Gai\u013cevska \u2013 19., Nikolajs Platonovs \u2013 23., Sofja Vasi\u013cjeva \u2013 27., Reinis Valdats \u2013 44., bet Aleksejs Adamovi\u010ds fini\u0161\u0113ja 92.poz\u012bcij\u0101.<\/p>\n<p class=\"tv3-fw-500\">Zi\u0146o par k\u013c\u016bdu rakst\u0101<\/p>\n<p class=\"d-md-block d-none\">Iez\u012bm\u0113 k\u013c\u016bdaino tekstu un spied Ctrl+Enter.<\/p>\n<p class=\"d-md-none d-block\">Iez\u012bm\u0113 k\u013c\u016bdaino tekstu un zi\u0146o par to!<\/p>\n","protected":false},"excerpt":{"rendered":"Kopum\u0101 Latviju pasaules \u010dempion\u0101t\u0101 jaunie\u0161iem p\u0101rst\u0101v\u0113ja asto\u0146i jaunie \u0161ahisti. Cit\u0101s grup\u0101s Agnesa Stepania Ter-Avetisjana ie\u0146\u0113ma 14.vietu., Milana Gai\u013cevska&hellip;\n","protected":false},"author":2,"featured_media":22502,"comment_status":"","ping_status":"","sticky":false,"template":"","format":"standard","meta":{"footnotes":""},"categories":[17],"tags":[35,39,38,36,37,34,40,7090,67],"class_list":{"0":"post-22501","1":"post","2":"type-post","3":"status-publish","4":"format-standard","5":"has-post-thumbnail","7":"category-sports","8":"tag-latvia","9":"tag-latvian","10":"tag-latviesu","11":"tag-latviesu-valoda","12":"tag-latviesuvaloda","13":"tag-latvija","14":"tag-lv","15":"tag-sahs","16":"tag-sports"},"share_on_mastodon":{"url":"","error":""},"_links":{"self":[{"href":"https:\/\/www.europesays.com\/lv\/wp-json\/wp\/v2\/posts\/22501","targetHints":{"allow":["GET"]}}],"collection":[{"href":"https:\/\/www.europesays.com\/lv\/wp-json\/wp\/v2\/posts"}],"about":[{"href":"https:\/\/www.europesays.com\/lv\/wp-json\/wp\/v2\/types\/post"}],"author":[{"embeddable":true,"href":"https:\/\/www.europesays.com\/lv\/wp-json\/wp\/v2\/users\/2"}],"replies":[{"embeddable":true,"href":"https:\/\/www.europesays.com\/lv\/wp-json\/wp\/v2\/comments?post=22501"}],"version-history":[{"count":0,"href":"https:\/\/www.europesays.com\/lv\/wp-json\/wp\/v2\/posts\/22501\/revisions"}],"wp:featuredmedia":[{"embeddable":true,"href":"https:\/\/www.europesays.com\/lv\/wp-json\/wp\/v2\/media\/22502"}],"wp:attachment":[{"href":"https:\/\/www.europesays.com\/lv\/wp-json\/wp\/v2\/media?parent=22501"}],"wp:term":[{"taxonomy":"category","embeddable":true,"href":"https:\/\/www.europesays.com\/lv\/wp-json\/wp\/v2\/categories?post=22501"},{"taxonomy":"post_tag","embeddable":true,"href":"https:\/\/www.europesays.com\/lv\/wp-json\/wp\/v2\/tags?post=22501"}],"curies":[{"name":"wp","href":"https:\/\/api.w.org\/{rel}","templated":true}]}}