{"id":225043,"date":"2026-06-12T14:45:24","date_gmt":"2026-06-12T14:45:24","guid":{"rendered":"https:\/\/www.europesays.com\/lv\/225043\/"},"modified":"2026-06-12T14:45:24","modified_gmt":"2026-06-12T14:45:24","slug":"latvijas-sautrinu-meteji-razma-un-melderis-ar-uzvaru-sak-pasaules-kausa-izcinu","status":"publish","type":"post","link":"https:\/\/www.europesays.com\/lv\/225043\/","title":{"rendered":"Latvijas \u0161autri\u0146u met\u0113ji Razma un Melderis ar uzvaru s\u0101k Pasaules kausa izc\u012b\u0146u"},"content":{"rendered":"<p>                        <img fetchpriority=\"high\" decoding=\"async\" width=\"1024\" height=\"634\" src=\"https:\/\/www.europesays.com\/lv\/wp-content\/uploads\/2026\/06\/722039046_27695440710053471_6708457463147475137_n-1024x634.jpg\" alt=\"\" class=\"wp-image-1220205\"  \/><\/p>\n<p class=\"wp-block-paragraph\">Latvijas \u0161autri\u0146u met\u0113ji Madars Razma un Valters Melderis ceturtdien Frankfurt\u0113 ar uzvaru s\u0101ka Profesion\u0101l\u0101s Dartu korpor\u0101cijas (PDC) Pasaules kausu.<\/p>\n<p class=\"wp-block-paragraph\">J grupas pirmaj\u0101 ma\u010d\u0101 Latvija, kas izs\u0113ta ar 14. numuru, c\u012b\u0146\u0101 l\u012bdz \u010detriem uzvar\u0113tiem legiem ar 4-2 p\u0101rsp\u0113ja it\u0101\u013cus Mik\u0113li Turetu un Rikardo Kastelli, v\u0113sta LETA.<\/p>\n<p class=\"wp-block-paragraph\">Latvijas duets vid\u0113ji pieg\u0101jien\u0101 guva 83,83 punktus un nosl\u0113dzo\u0161os metienus izpild\u012bja ar 30,77% precizit\u0101ti, vien\u012bgo 180 punktu g\u0101jienu izpildot Razmam. It\u0101\u013ci vid\u0113ji pieg\u0101jien\u0101 guva 78,46 punktus, izpild\u012bja vienu 180 punktu g\u0101jienu un nosl\u0113dzo\u0161os metienus izpild\u012bja ar 18,18% precizit\u0101ti.<\/p>\n<p class=\"wp-block-paragraph\">Piektdien J grupas otraj\u0101 ma\u010d\u0101 Latvijas pretinieki b\u016bs Trinidadas un Tobago \u0161autri\u0146u met\u0113ji.<\/p>\n<p class=\"wp-block-paragraph\">Anglija, N\u012bderlande, Skotija un Zieme\u013c\u012brija jau nodro\u0161in\u0101ju\u0161as vietu otraj\u0101 k\u0101rt\u0101, bet p\u0101r\u0113j\u0101s 36 izlases sadal\u012bs v\u0113l 12 ce\u013caz\u012bmes uz n\u0101kamo k\u0101rtu. No 12 apak\u0161grup\u0101m otraj\u0101 k\u0101rt\u0101 iek\u013c\u016bs tikai pirmo vietu ieguv\u0113jas.<\/p>\n<p class=\"wp-block-paragraph\">Pasaules kauss norisin\u0101sies l\u012bdz \u0161\u012bs ned\u0113\u013cas beig\u0101m. Turn\u012bra kop\u0113jais balvu fonds ir 500 000 Lielbrit\u0101nijas m\u0101rci\u0146u.<\/p>\n<p class=\"wp-block-paragraph\">P\u0113rn latvie\u0161i piedz\u012bvoja divus zaud\u0113jumus un neizk\u013cuva no grupas, bet par \u010dempioniem k\u013cuva Zieme\u013c\u012brijas \u0161autri\u0146u met\u0113ji D\u017eo\u0161s Roks un Derils G\u0113rnijs.<\/p>\n<p class=\"wp-block-paragraph\">Foto \u2013 www.facebook.com\/madars.razma<\/p>\n","protected":false},"excerpt":{"rendered":"Latvijas \u0161autri\u0146u met\u0113ji Madars Razma un Valters Melderis ceturtdien Frankfurt\u0113 ar uzvaru s\u0101ka Profesion\u0101l\u0101s Dartu korpor\u0101cijas (PDC) Pasaules&hellip;\n","protected":false},"author":2,"featured_media":225044,"comment_status":"","ping_status":"","sticky":false,"template":"","format":"standard","meta":{"footnotes":"","_share_on_mastodon":"0"},"categories":[17],"tags":[19160,35,39,38,36,37,34,40,18811,19157,67],"class_list":["post-225043","post","type-post","status-publish","format-standard","has-post-thumbnail","category-sports","tag-darts","tag-latvia","tag-latvian","tag-latviesu","tag-latviesu-valoda","tag-latviesuvaloda","tag-latvija","tag-lv","tag-madars-razma","tag-sautrinu-mesana","tag-sports"],"share_on_mastodon":{"url":"https:\/\/pubeurope.com\/@lv\/116737679596299517","error":""},"_links":{"self":[{"href":"https:\/\/www.europesays.com\/lv\/wp-json\/wp\/v2\/posts\/225043","targetHints":{"allow":["GET"]}}],"collection":[{"href":"https:\/\/www.europesays.com\/lv\/wp-json\/wp\/v2\/posts"}],"about":[{"href":"https:\/\/www.europesays.com\/lv\/wp-json\/wp\/v2\/types\/post"}],"author":[{"embeddable":true,"href":"https:\/\/www.europesays.com\/lv\/wp-json\/wp\/v2\/users\/2"}],"replies":[{"embeddable":true,"href":"https:\/\/www.europesays.com\/lv\/wp-json\/wp\/v2\/comments?post=225043"}],"version-history":[{"count":0,"href":"https:\/\/www.europesays.com\/lv\/wp-json\/wp\/v2\/posts\/225043\/revisions"}],"wp:featuredmedia":[{"embeddable":true,"href":"https:\/\/www.europesays.com\/lv\/wp-json\/wp\/v2\/media\/225044"}],"wp:attachment":[{"href":"https:\/\/www.europesays.com\/lv\/wp-json\/wp\/v2\/media?parent=225043"}],"wp:term":[{"taxonomy":"category","embeddable":true,"href":"https:\/\/www.europesays.com\/lv\/wp-json\/wp\/v2\/categories?post=225043"},{"taxonomy":"post_tag","embeddable":true,"href":"https:\/\/www.europesays.com\/lv\/wp-json\/wp\/v2\/tags?post=225043"}],"curies":[{"name":"wp","href":"https:\/\/api.w.org\/{rel}","templated":true}]}}