{"id":22509,"date":"2025-10-16T11:40:10","date_gmt":"2025-10-16T11:40:10","guid":{"rendered":"https:\/\/www.europesays.com\/lv\/22509\/"},"modified":"2025-10-16T11:40:10","modified_gmt":"2025-10-16T11:40:10","slug":"moldova-apstiprina-brunoto-speku-modernizacijas-strategiju","status":"publish","type":"post","link":"https:\/\/www.europesays.com\/lv\/22509\/","title":{"rendered":"Moldova apstiprina bru\u0146oto sp\u0113ku moderniz\u0101cijas strat\u0113\u0123iju"},"content":{"rendered":"<p>Strat\u0113\u0123ij\u0101 paredz\u0113ts palielin\u0101t karav\u012bru skaitu l\u012bdz 8500 un pak\u0101peniski palielin\u0101t aizsardz\u012bbas izdevumus l\u012bdz 1% no IKP.<\/p>\n<p>Strat\u0113\u0123ija ar\u012b nosaka priorit\u0101tes t\u0101d\u0101m jom\u0101m k\u0101 kiberaizsardz\u012bba, speci\u0101l\u0101s oper\u0101cijas, izl\u016bko\u0161ana un sadarbsp\u0113ja ar Eiropas partneriem.<\/p>\n<blockquote class=\"quote ck-widget\" contenteditable=\"false\">\n<p>Premjerministrs Dorins Re\u010dans aizst\u0101v\u0113ja pl\u0101nu, br\u012bdinot, ka pret to iest\u0101sies &#8220;hist\u0113riskas balsis&#8221;, kas uztur\u0113ju\u0161as Moldovas aizsardz\u012bbas nozari &#8220;nabadz\u012bb\u0101 un nek\u0101rt\u012bb\u0101&#8221; par labu &#8220;agresorvalstij&#8221;, ar to dom\u0101jot Krieviju.<\/p>\n<\/blockquote>\n<p>Maskava atbild\u0113ja ar paredzamu sa\u0161utumu, aps\u016bdzot Moldovu militariz\u0101cij\u0101 un apgalvojot, ka t\u0101 k\u013c\u016bst par &#8220;Kijivas apg\u0101des b\u0101zi.&#8221;<\/p>\n<p>Neraugoties uz Krievijas ilgsto\u0161o milit\u0101ro kl\u0101tb\u016btni Moldovas Pied\u0146estras re\u0123ion\u0101, akt\u012bvaj\u0101m dezinform\u0101cijas kampa\u0146\u0101m, kas v\u0113rstas pret Moldovu, k\u0101 ar\u012b karu pret Moldovas kaimi\u0146valsti Ukrainu, Kremlis tagad pau\u017e izbr\u012bnu, k\u0101 gan <a href=\"https:\/\/www.tvnet.lv\/term\/14731\/moldova\" class=\"topicLink\" target=\"_blank\" rel=\"nofollow noopener\">Moldova<\/a> var to uzskat\u012bt par draudu.<\/p>\n<p>Re\u010dans sac\u012bja, ka Moldovas strat\u0113\u0123ija ir aizsardz\u012bbas rakstura un atbilst valsts konstitucion\u0101lajai neitralit\u0101tei.<\/p>\n<p>&#8220;M\u0113s nep\u0113rkam F-16,&#8221; vi\u0146\u0161 teica. &#8220;M\u0113s invest\u0113jam komunik\u0101cij\u0101s, kiberdro\u0161\u012bb\u0101 un notur\u012bb\u0101.&#8221;<\/p>\n","protected":false},"excerpt":{"rendered":"Strat\u0113\u0123ij\u0101 paredz\u0113ts palielin\u0101t karav\u012bru skaitu l\u012bdz 8500 un pak\u0101peniski palielin\u0101t aizsardz\u012bbas izdevumus l\u012bdz 1% no IKP. Strat\u0113\u0123ija ar\u012b&hellip;\n","protected":false},"author":2,"featured_media":22510,"comment_status":"","ping_status":"","sticky":false,"template":"","format":"standard","meta":{"footnotes":""},"categories":[14],"tags":[1546,23,57,28,29,32,33,22,234,74,30,31,35,39,38,36,37,34,40,1453,20,26,27,24,25,54,55,56,21,58],"class_list":{"0":"post-22509","1":"post","2":"type-post","3":"status-publish","4":"format-standard","5":"has-post-thumbnail","7":"category-zinas-no-arvalstim","8":"tag-aizsardziba","9":"tag-aktualitates","10":"tag-arvalstim","11":"tag-breaking-news","12":"tag-breakingnews","13":"tag-featured-news","14":"tag-featurednews","15":"tag-headlines","16":"tag-krievija","17":"tag-krievijas-iebrukums-ukraina","18":"tag-latest-news","19":"tag-latestnews","20":"tag-latvia","21":"tag-latvian","22":"tag-latviesu","23":"tag-latviesu-valoda","24":"tag-latviesuvaloda","25":"tag-latvija","26":"tag-lv","27":"tag-moldova","28":"tag-news","29":"tag-popularakas-zinas","30":"tag-popularakaszinas","31":"tag-top-stories","32":"tag-topstories","33":"tag-world","34":"tag-world-news","35":"tag-worldnews","36":"tag-zinas","37":"tag-zinas-no-arvalstim"},"share_on_mastodon":{"url":"","error":""},"_links":{"self":[{"href":"https:\/\/www.europesays.com\/lv\/wp-json\/wp\/v2\/posts\/22509","targetHints":{"allow":["GET"]}}],"collection":[{"href":"https:\/\/www.europesays.com\/lv\/wp-json\/wp\/v2\/posts"}],"about":[{"href":"https:\/\/www.europesays.com\/lv\/wp-json\/wp\/v2\/types\/post"}],"author":[{"embeddable":true,"href":"https:\/\/www.europesays.com\/lv\/wp-json\/wp\/v2\/users\/2"}],"replies":[{"embeddable":true,"href":"https:\/\/www.europesays.com\/lv\/wp-json\/wp\/v2\/comments?post=22509"}],"version-history":[{"count":0,"href":"https:\/\/www.europesays.com\/lv\/wp-json\/wp\/v2\/posts\/22509\/revisions"}],"wp:featuredmedia":[{"embeddable":true,"href":"https:\/\/www.europesays.com\/lv\/wp-json\/wp\/v2\/media\/22510"}],"wp:attachment":[{"href":"https:\/\/www.europesays.com\/lv\/wp-json\/wp\/v2\/media?parent=22509"}],"wp:term":[{"taxonomy":"category","embeddable":true,"href":"https:\/\/www.europesays.com\/lv\/wp-json\/wp\/v2\/categories?post=22509"},{"taxonomy":"post_tag","embeddable":true,"href":"https:\/\/www.europesays.com\/lv\/wp-json\/wp\/v2\/tags?post=22509"}],"curies":[{"name":"wp","href":"https:\/\/api.w.org\/{rel}","templated":true}]}}