{"id":2251,"date":"2025-09-22T19:22:09","date_gmt":"2025-09-22T19:22:09","guid":{"rendered":"https:\/\/www.europesays.com\/lv\/2251\/"},"modified":"2025-09-22T19:22:09","modified_gmt":"2025-09-22T19:22:09","slug":"medijs-grobina-atbrivojusi-dobrecovu-no-galvena-trenera-amata-tvnet-sports","status":"publish","type":"post","link":"https:\/\/www.europesays.com\/lv\/2251\/","title":{"rendered":"Medijs: &quot;Grobi\u0146a&quot; atbr\u012bvojusi Dobrecovu no galven\u0101 trenera amata &#8211; TVNET Sports"},"content":{"rendered":"<ol>\n<li><a href=\"https:\/\/news.google.com\/rss\/articles\/CBMimAFBVV95cUxOTm5WR1IxWkNwNGFOYjl6V3V6ejJxUXdNMDRoeVlFVnlWMlAxRWQtNVV0RHFjU1VMSGMtRzJBRG5NZHZNclJBTlJUdHltMXBFNGdGZ2hfVkJ4eGstdW1GMmplZUplUGlvRDd1bzlzT1J4X0w3cVZHT1pERnVXdnB2NTFXOFJJVUNob0d5UXFLdmd4NUJLM2RQNw?oc=5\" target=\"_blank\" rel=\"nofollow noopener\">Medijs: &#8220;Grobi\u0146a&#8221; atbr\u012bvojusi Dobrecovu no galven\u0101 trenera amata<\/a>&nbsp;&nbsp;TVNET Sports<\/li>\n<li><a href=\"https:\/\/news.google.com\/rss\/articles\/CBMiugFBVV95cUxQQXE4cFpFMWx3aEhRR2FKOE5ieWVyYWpnaWt6c1dmRWlLdlp2by1mR0QzajNub1ZuX1FYclljRk9YdVdHU2V3VERGVmZUVl9FZGJUWWJKVklpTkI5VlBsNmdVWW0wZ2I0ZmN1eTNRUWU1Y2R6WjY1WjNwUkgzZ29yeE8yY2RJTGZ2RUsxZXlDTER6Qkg1VWN4aFgyaVNqWkk2dUhGbkVoeDU0Z1p2THZQMGRMN3huY09Sb2c?oc=5\" target=\"_blank\" rel=\"nofollow noopener\">Pirms sezonas svar\u012bg\u0101k\u0101 nogrie\u017e\u0146a FK \u201cGrobi\u0146a\u201d atvad\u0101s no Viktora Dobrecova<\/a>&nbsp;&nbsp;liepajniekiem.lv<\/li>\n<li><a href=\"https:\/\/news.google.com\/rss\/articles\/CBMilwFBVV95cUxPSTZQSVVWS3p2OTB6NXNQNXlrbDdlYlExaDlXQnk5RW8zWVdmeWYyQVNCZDY5Sm1RbUdLVmFBNUJhc3BfTEE2TDdKdlVneTlSMWVYOFFYREVDS2kybDAyY2FFd3BKS2VfakdBNTBCYkhwYmE4c0VIem9KakxUY3JZcVVDUzFheUlBNGl2NmlYYUpwNXNCSEZJ?oc=5\" target=\"_blank\" rel=\"nofollow noopener\">Medijs: &#8220;Grobi\u0146a&#8221; pirms c\u012b\u0146\u0101m par palik\u0161anu Virsl\u012bg\u0101 atlai\u017e Dobrecovu \u2013 Futbols<\/a>&nbsp;&nbsp;Sportacentrs.com<\/li>\n<li><a href=\"https:\/\/news.google.com\/rss\/articles\/CBMiiAFBVV95cUxOQ09LeW9xV1pOTTloQnRQdU1DLTQ1TFFvT0J3RmgzZ0RUNU9EaGxMWExKZ3F6TzhxRTBiM0dMUEUyR2xtc3dFLUZMdjRvOGh1dlJ1dUJsVE41cWZjZXJRUEg0Y0tOWURteUhKdzNTRFlzb2pDVDNBbFZ6akkxekwxRkd1SzlkVE9D?oc=5\" target=\"_blank\" rel=\"nofollow noopener\">P\u0113d\u0113j\u0101 viet\u0101 eso\u0161\u0101 &#8220;Grobi\u0146a&#8221; \u0161\u0137iras no galven\u0101 trenera<\/a>&nbsp;&nbsp;Sportazinas.com<\/li>\n<\/ol>\n","protected":false},"excerpt":{"rendered":"Medijs: &#8220;Grobi\u0146a&#8221; atbr\u012bvojusi Dobrecovu no galven\u0101 trenera amata&nbsp;&nbsp;TVNET Sports Pirms sezonas svar\u012bg\u0101k\u0101 nogrie\u017e\u0146a FK \u201cGrobi\u0146a\u201d atvad\u0101s no Viktora&hellip;\n","protected":false},"author":2,"featured_media":2252,"comment_status":"","ping_status":"","sticky":false,"template":"","format":"standard","meta":{"footnotes":""},"categories":[17],"tags":[713,35,39,38,36,37,34,40,1297,67],"class_list":{"0":"post-2251","1":"post","2":"type-post","3":"status-publish","4":"format-standard","5":"has-post-thumbnail","7":"category-sports","8":"tag-futbola-virsliga","9":"tag-latvia","10":"tag-latvian","11":"tag-latviesu","12":"tag-latviesu-valoda","13":"tag-latviesuvaloda","14":"tag-latvija","15":"tag-lv","16":"tag-metta","17":"tag-sports"},"share_on_mastodon":{"url":"","error":""},"_links":{"self":[{"href":"https:\/\/www.europesays.com\/lv\/wp-json\/wp\/v2\/posts\/2251","targetHints":{"allow":["GET"]}}],"collection":[{"href":"https:\/\/www.europesays.com\/lv\/wp-json\/wp\/v2\/posts"}],"about":[{"href":"https:\/\/www.europesays.com\/lv\/wp-json\/wp\/v2\/types\/post"}],"author":[{"embeddable":true,"href":"https:\/\/www.europesays.com\/lv\/wp-json\/wp\/v2\/users\/2"}],"replies":[{"embeddable":true,"href":"https:\/\/www.europesays.com\/lv\/wp-json\/wp\/v2\/comments?post=2251"}],"version-history":[{"count":0,"href":"https:\/\/www.europesays.com\/lv\/wp-json\/wp\/v2\/posts\/2251\/revisions"}],"wp:featuredmedia":[{"embeddable":true,"href":"https:\/\/www.europesays.com\/lv\/wp-json\/wp\/v2\/media\/2252"}],"wp:attachment":[{"href":"https:\/\/www.europesays.com\/lv\/wp-json\/wp\/v2\/media?parent=2251"}],"wp:term":[{"taxonomy":"category","embeddable":true,"href":"https:\/\/www.europesays.com\/lv\/wp-json\/wp\/v2\/categories?post=2251"},{"taxonomy":"post_tag","embeddable":true,"href":"https:\/\/www.europesays.com\/lv\/wp-json\/wp\/v2\/tags?post=2251"}],"curies":[{"name":"wp","href":"https:\/\/api.w.org\/{rel}","templated":true}]}}