{"id":22511,"date":"2025-10-16T11:43:11","date_gmt":"2025-10-16T11:43:11","guid":{"rendered":"https:\/\/www.europesays.com\/lv\/22511\/"},"modified":"2025-10-16T11:43:11","modified_gmt":"2025-10-16T11:43:11","slug":"aizraujoss-kino-kas-mainis-skatitaju-sacies-rigas-starptautiskais-kino-festivals","status":"publish","type":"post","link":"https:\/\/www.europesays.com\/lv\/22511\/","title":{"rendered":"Aizraujo\u0161s kino, kas main\u012bs skat\u012bt\u0101ju \u2013 s\u0101cies R\u012bgas Starptautiskais kino festiv\u0101ls"},"content":{"rendered":"<p><img decoding=\"async\" class=\"figure__image\" onclick=\"triggerEvent('articleImageClick', { id: 17214140, focus: 'single-image', focusIndex: '17214140' })\" onkeydown=\"if (event.key === 'Enter') {&#10;        triggerEvent('articleImageClick', { id: 17214140, focus: 'single-image', focusIndex: '17214140' })&#10;        }\" role=\"button\" tabindex=\"0\" data-focus-from=\"single-image\" data-focus-index=\"17214140\" src=\"https:\/\/www.europesays.com\/lv\/wp-content\/uploads\/2025\/10\/17214140t1hbb3b.jpg\" onload=\"this.parentElement.classList.remove('figure__image-loading')\" alt=\"Martins \u0160\u012bns Fr\u0101nsisa Forfa Kopolas kara dr\u0101m\u0101 &quot;M\u016bsdienu apokalipse&quot;.\"\/>Martins \u0160\u012bns Fr\u0101nsisa Forfa Kopolas kara dr\u0101m\u0101 &#8220;M\u016bsdienu apokalipse&#8221;. Foto: Publicit\u0101tes foto<\/p>\n<blockquote class=\"quote ck-widget\" contenteditable=\"false\">\n<p>Pied\u0101v\u0101jot alternat\u012bvus programmas \u0161\u0137\u0113rsgriezumus, apmekl\u0113t\u0101jiem orient\u0113ties seansu kl\u0101st\u0101 pal\u012bdz\u0113s <a target=\"_self\" rel=\"noopener noreferrer\">festiv\u0101la ce\u013cvedis<\/a>.<\/p>\n<\/blockquote>\n<p>Taj\u0101 apkopotas 14 RIGA IFF komandas veidotas filmu izlases, kas apvieno filmas p\u0113c to iez\u012bm\u0113m un satura \u2013 t\u0101s \u013caus izzin\u0101t <a target=\"_self\">dabas un ekolo\u0123ijas st\u0101stus<\/a>, p\u0113t\u012bt <a target=\"_self\">m\u012blest\u012bbas da\u017e\u0101d\u0101s sejas<\/a>, ieskat\u012bties <a target=\"_self\">cilv\u0113ka psihes l\u012bklo\u010dos<\/a> un atkl\u0101t citas saist\u012bbas starp programmas film\u0101m. T\u0101pat RIGA IFF gid\u0101 pieejami ar\u012b aizvad\u012bt\u0101j\u0101 gad\u0101 <a target=\"_self\">godalgoto kino darbu<\/a>, <a target=\"_self\">pamatstraumes kino apspriest\u0101ko darbu<\/a> un <a target=\"_self\">Latvijas filmu seansu un pirmizr\u0101\u017eu<\/a> apkopojumi.<\/p>\n<p><img decoding=\"async\" class=\"figure__image\" onclick=\"triggerEvent('articleImageClick', { id: 17214155, focus: 'single-image', focusIndex: '17214155' })\" onkeydown=\"if (event.key === 'Enter') {&#10;        triggerEvent('articleImageClick', { id: 17214155, focus: 'single-image', focusIndex: '17214155' })&#10;        }\" role=\"button\" tabindex=\"0\" data-focus-from=\"single-image\" data-focus-index=\"17214155\" src=\"https:\/\/www.europesays.com\/lv\/wp-content\/uploads\/2025\/10\/17214155t1h4ec3.jpg\" onload=\"this.parentElement.classList.remove('figure__image-loading')\" alt=\"Epizode no D\u0101ga Johana Jauger\u016bda filmas &quot;Sap\u0146i&quot;.\"\/>Epizode no D\u0101ga Johana Jauger\u016bda filmas &#8220;Sap\u0146i&#8221;. Foto: Publicit\u0101tes foto<\/p>\n<p>Savuk\u0101rt no 23. l\u012bdz 26. oktobrim festiv\u0101la nozares sada\u013cas <a target=\"_self\">RIGA IFF FORUM<\/a> norises R\u012bg\u0101 pulc\u0113s iev\u0113rojamus atz\u012btus pa\u0161m\u0101ju un \u0101rvalstu kino jomas profesion\u0101\u013cus, kas piedal\u012bsies pilnmetr\u0101\u017eas filmu un seri\u0101lu kopprodukcijas tirg\u016b, \u012bsmetr\u0101\u017eas projektu izv\u0113rt\u0113\u0161an\u0101, Baltijas anim\u0101cijas studiju prezent\u0101cij\u0101s un citos pas\u0101kumos, lai t\u0101 pilnveidotu projektus, att\u012bst\u012btu n\u0101kotnes sadarb\u012bbas iesp\u0113jas un dal\u012btos pieredz\u0113.<\/p>\n<p><img decoding=\"async\" class=\"figure__image\" onclick=\"triggerEvent('articleImageClick', { id: 17214242, focus: 'single-image', focusIndex: '17214242' })\" onkeydown=\"if (event.key === 'Enter') {&#10;        triggerEvent('articleImageClick', { id: 17214242, focus: 'single-image', focusIndex: '17214242' })&#10;        }\" role=\"button\" tabindex=\"0\" data-focus-from=\"single-image\" data-focus-index=\"17214242\" src=\"https:\/\/www.europesays.com\/lv\/wp-content\/uploads\/2025\/10\/17214242t1h7f8f.jpg\" onload=\"this.parentElement.classList.remove('figure__image-loading')\" alt=\"Logan White\/A24\"\/>Logan White\/A24 Foto: Roza B\u0113rna psiholo\u0123iskaj\u0101 melnaj\u0101 kom\u0113dij\u0101 &#8220;Ja var\u0113tu, es tev spertu&#8221;. &#8220;Ja man<\/p>\n<p>Festiv\u0101la norises viet\u0101s, k\u0101 ar\u012b R\u012bgas kafein\u012bc\u0101s un kult\u016brtelp\u0101s atrodami festiv\u0101la seansu pl\u0101ni, kas pal\u012bdz\u0113s pl\u0101not savu RIGA IFF apmekl\u0113jumu. Uzzin\u0101t vair\u0101k par programmu un ieg\u0101d\u0101ties bi\u013cetes iesp\u0113jams ar\u012b RIGA IFF inform\u0101cijas centr\u0101 pie festiv\u0101la m\u0101jvietas, kinote\u0101tra \u201cSplendid Palace\u201d, R\u012bg\u0101.<\/p>\n<blockquote class=\"quote ck-widget\" contenteditable=\"false\">\n<p>Savuk\u0101rt festiv\u0101la m\u0101jaslap\u0101 <a target=\"_self\">rigaiff.lv<\/a> pieejams gan programmas digit\u0101lais katalogs, kur\u0101 apkopoti filmu apraksti, rull\u012b\u0161i, recenzijas un cita inform\u0101cija, gan RIGA IFF gids.<\/p>\n<\/blockquote>\n<p>Bi\u013cetes uz festiv\u0101la seansiem R\u012bg\u0101 iesp\u0113jams ieg\u0101d\u0101ties RIGA IFF m\u0101jaslap\u0101, \u201cBi\u013ce\u0161u serviss\u201d tirdzniec\u012bbas viet\u0101s, k\u0101 ar\u012b kinote\u0101tr\u012b \u201cForum Cinemas\u201d un t\u0101 m\u0101jaslap\u0101. Savuk\u0101rt bi\u013cetes uz <a target=\"_blank\" rel=\"noopener noreferrer nofollow\" href=\"https:\/\/rothkomuseum.com\/festivalkino-virpulis-riga-iff-seansi-rotko-muzeja\/\">Rotko muzej\u0101 notieko\u0161ajiem seansiem<\/a> pieejamas Rotko muzeja kas\u0113.<\/p>\n<p><img decoding=\"async\" class=\"figure__image\" onclick=\"triggerEvent('articleImageClick', { id: 17214269, focus: 'single-image', focusIndex: '17214269' })\" onkeydown=\"if (event.key === 'Enter') {&#10;        triggerEvent('articleImageClick', { id: 17214269, focus: 'single-image', focusIndex: '17214269' })&#10;        }\" role=\"button\" tabindex=\"0\" data-focus-from=\"single-image\" data-focus-index=\"17214269\" src=\"https:\/\/www.europesays.com\/lv\/wp-content\/uploads\/2025\/10\/17214269t1h2212.jpg\" onload=\"this.parentElement.classList.remove('figure__image-loading')\" alt=\"Epizode no D\u017eaf\u0101ra Panah\u012b piedz\u012bvojumu trillera &quot;Tas bija tikai negad\u012bjums&quot;.\"\/>Epizode no D\u017eaf\u0101ra Panah\u012b piedz\u012bvojumu trillera &#8220;Tas bija tikai negad\u012bjums&#8221;. Foto: Publicit\u0101tes foto<\/p>\n<p>Festiv\u0101la jaunumiem sekot iesp\u0113jams vietn\u0113 <a target=\"_self\">rigaiff.lv<\/a> un RIGA IFF soci\u0101lo mediju kontos. RIGA IFF top ar Valsts kult\u016brkapit\u0101la fonda, ES programmas \u201cRado\u0161\u0101 Eiropa \u2013 MEDIA\u201d, R\u012bgas valstspils\u0113tas pa\u0161vald\u012bbas, Latvijas Invest\u012bciju un att\u012bst\u012bbas a\u0123ent\u016bras, Nacion\u0101l\u0101 kino centra un R\u012bgas invest\u012bciju un t\u016brisma a\u0123ent\u016bras atbalstu.<\/p>\n","protected":false},"excerpt":{"rendered":"Martins \u0160\u012bns Fr\u0101nsisa Forfa Kopolas kara dr\u0101m\u0101 &#8220;M\u016bsdienu apokalipse&#8221;. Foto: Publicit\u0101tes foto Pied\u0101v\u0101jot alternat\u012bvus programmas \u0161\u0137\u0113rsgriezumus, apmekl\u0113t\u0101jiem orient\u0113ties&hellip;\n","protected":false},"author":2,"featured_media":22512,"comment_status":"","ping_status":"","sticky":false,"template":"","format":"standard","meta":{"footnotes":""},"categories":[19],"tags":[6894,89,7095,90,35,39,38,36,37,34,40,3876,7096,1787],"class_list":{"0":"post-22511","1":"post","2":"type-post","3":"status-publish","4":"format-standard","5":"has-post-thumbnail","7":"category-izklaide","8":"tag-brali-abeles","9":"tag-entertainment","10":"tag-forum-cinemas","11":"tag-izklaide","12":"tag-latvia","13":"tag-latvian","14":"tag-latviesu","15":"tag-latviesu-valoda","16":"tag-latviesuvaloda","17":"tag-latvija","18":"tag-lv","19":"tag-riga-iff","20":"tag-rotko-muzejs","21":"tag-splendid-palace"},"share_on_mastodon":{"url":"","error":""},"_links":{"self":[{"href":"https:\/\/www.europesays.com\/lv\/wp-json\/wp\/v2\/posts\/22511","targetHints":{"allow":["GET"]}}],"collection":[{"href":"https:\/\/www.europesays.com\/lv\/wp-json\/wp\/v2\/posts"}],"about":[{"href":"https:\/\/www.europesays.com\/lv\/wp-json\/wp\/v2\/types\/post"}],"author":[{"embeddable":true,"href":"https:\/\/www.europesays.com\/lv\/wp-json\/wp\/v2\/users\/2"}],"replies":[{"embeddable":true,"href":"https:\/\/www.europesays.com\/lv\/wp-json\/wp\/v2\/comments?post=22511"}],"version-history":[{"count":0,"href":"https:\/\/www.europesays.com\/lv\/wp-json\/wp\/v2\/posts\/22511\/revisions"}],"wp:featuredmedia":[{"embeddable":true,"href":"https:\/\/www.europesays.com\/lv\/wp-json\/wp\/v2\/media\/22512"}],"wp:attachment":[{"href":"https:\/\/www.europesays.com\/lv\/wp-json\/wp\/v2\/media?parent=22511"}],"wp:term":[{"taxonomy":"category","embeddable":true,"href":"https:\/\/www.europesays.com\/lv\/wp-json\/wp\/v2\/categories?post=22511"},{"taxonomy":"post_tag","embeddable":true,"href":"https:\/\/www.europesays.com\/lv\/wp-json\/wp\/v2\/tags?post=22511"}],"curies":[{"name":"wp","href":"https:\/\/api.w.org\/{rel}","templated":true}]}}