{"id":22515,"date":"2025-10-16T11:46:15","date_gmt":"2025-10-16T11:46:15","guid":{"rendered":"https:\/\/www.europesays.com\/lv\/22515\/"},"modified":"2025-10-16T11:46:15","modified_gmt":"2025-10-16T11:46:15","slug":"tramps-apsver-sauszemes-uzbrukumus-venecuelas-narkotiku-karteliem","status":"publish","type":"post","link":"https:\/\/www.europesays.com\/lv\/22515\/","title":{"rendered":"Tramps apsver sauszemes uzbrukumus Venecu\u0113las narkotiku karte\u013ciem"},"content":{"rendered":"<p>&#8220;M\u0113s tagad noteikti apsveram sauszemi, jo esam \u013coti labi pak\u013c\u0101vu\u0161i kontrolei j\u016bru,&#8221; Tramps sac\u012bja reportieriem Ov\u0101laj\u0101 kabinet\u0101, atbildot uz jaut\u0101jumu, vai vi\u0146\u0161 apsver triecienu veik\u0161anu uz sauszemes.<\/p>\n<p>Tramps tom\u0113r atteic\u0101s apstiprin\u0101t laikraksta &#8220;New York Times&#8221; zi\u0146u, ka vi\u0146\u0161 esot slepeni pilnvarojis Centr\u0101lo izl\u016bko\u0161anas p\u0101rvaldi (CIP) \u012bstenot slepenu darb\u012bbu Venecu\u0113l\u0101 pret \u0161\u012bs valsts prezidentu Nikolasu Maduro.<\/p>\n<p>Uz jaut\u0101jumu, vai vi\u0146\u0161 pilnvarojis CIP &#8220;nov\u0101kt&#8221; Maduro, Tramps atbild\u0113ja: &#8220;Tas ir smiekl\u012bgs jaut\u0101jums,&#8221; piebilstot, ka b\u016btu smiekl\u012bgi, ja vi\u0146\u0161 uz t\u0101du atbild\u0113tu.<\/p>\n<p><a href=\"https:\/\/www.tvnet.lv\/term\/555645\/venecuela\" class=\"topicLink\" target=\"_blank\" rel=\"nofollow noopener\">Venecu\u0113la<\/a> ir nopietni uztv\u0113rusi Trampa teikto.<\/p>\n<p>&#8220;N\u0113 karam Kar\u012bbu j\u016br\u0101.. N\u0113 re\u017e\u012bma mai\u0146ai.. N\u0113 valsts apv\u0113rsumiem, kurus organiz\u0113 CIP,&#8221; otrdien sav\u0101 uzrun\u0101 sac\u012bja Maduro.<\/p>\n<p>P\u0113c Maduro r\u012bkojuma otrdien notika manevri vis\u0101 Atlantijas oke\u0101na un Kar\u012bbu j\u016bras piekrast\u0113 Venecu\u0113las piekrast\u0113, un tiek pl\u0101noti ar\u012b citi milit\u0101ri pas\u0101kumi \u0161tatos pie Kolumbijas robe\u017eas.<\/p>\n<p>Maduro lietotn\u0113 &#8220;Telegram&#8221; pazi\u0146oja, ka vi\u0146\u0161 mobiliz\u0113 armiju, policiju un zemessardzi, lai aizsarg\u0101tu Venecu\u0113las &#8220;kalnus, krastus, skolas, slimn\u012bcas, fabrikas un tirgus&#8221;.<\/p>\n<p>Tramps otrdien pazi\u0146oja, ka jaun\u0101 triecien\u0101 narkotiku transport\u0113\u0161anas ku\u0123iem pie Venecu\u0113las ir nogalin\u0101ti se\u0161i &#8220;narkoteroristi&#8221;. L\u012bdz \u0161im \u0161\u0101dos ASV uzbrukumos ir nogalin\u0101ti vismaz 27 cilv\u0113ki.<\/p>\n<p>Tramps apgalvo, ka Maduro vada narkotiku karteli, bet pats Maduro to noliedz.<\/p>\n","protected":false},"excerpt":{"rendered":"&#8220;M\u0113s tagad noteikti apsveram sauszemi, jo esam \u013coti labi pak\u013c\u0101vu\u0161i kontrolei j\u016bru,&#8221; Tramps sac\u012bja reportieriem Ov\u0101laj\u0101 kabinet\u0101, atbildot&hellip;\n","protected":false},"author":2,"featured_media":22516,"comment_status":"","ping_status":"","sticky":false,"template":"","format":"standard","meta":{"footnotes":""},"categories":[14],"tags":[23,57,28,29,542,32,33,22,30,31,35,39,38,36,37,34,40,359,20,5168,26,27,24,25,358,54,55,56,21,58],"class_list":{"0":"post-22515","1":"post","2":"type-post","3":"status-publish","4":"format-standard","5":"has-post-thumbnail","7":"category-zinas-no-arvalstim","8":"tag-aktualitates","9":"tag-arvalstim","10":"tag-breaking-news","11":"tag-breakingnews","12":"tag-donalds-tramps","13":"tag-featured-news","14":"tag-featurednews","15":"tag-headlines","16":"tag-latest-news","17":"tag-latestnews","18":"tag-latvia","19":"tag-latvian","20":"tag-latviesu","21":"tag-latviesu-valoda","22":"tag-latviesuvaloda","23":"tag-latvija","24":"tag-lv","25":"tag-narkotikas","26":"tag-news","27":"tag-nikolass-maduro","28":"tag-popularakas-zinas","29":"tag-popularakaszinas","30":"tag-top-stories","31":"tag-topstories","32":"tag-venecuela","33":"tag-world","34":"tag-world-news","35":"tag-worldnews","36":"tag-zinas","37":"tag-zinas-no-arvalstim"},"share_on_mastodon":{"url":"","error":""},"_links":{"self":[{"href":"https:\/\/www.europesays.com\/lv\/wp-json\/wp\/v2\/posts\/22515","targetHints":{"allow":["GET"]}}],"collection":[{"href":"https:\/\/www.europesays.com\/lv\/wp-json\/wp\/v2\/posts"}],"about":[{"href":"https:\/\/www.europesays.com\/lv\/wp-json\/wp\/v2\/types\/post"}],"author":[{"embeddable":true,"href":"https:\/\/www.europesays.com\/lv\/wp-json\/wp\/v2\/users\/2"}],"replies":[{"embeddable":true,"href":"https:\/\/www.europesays.com\/lv\/wp-json\/wp\/v2\/comments?post=22515"}],"version-history":[{"count":0,"href":"https:\/\/www.europesays.com\/lv\/wp-json\/wp\/v2\/posts\/22515\/revisions"}],"wp:featuredmedia":[{"embeddable":true,"href":"https:\/\/www.europesays.com\/lv\/wp-json\/wp\/v2\/media\/22516"}],"wp:attachment":[{"href":"https:\/\/www.europesays.com\/lv\/wp-json\/wp\/v2\/media?parent=22515"}],"wp:term":[{"taxonomy":"category","embeddable":true,"href":"https:\/\/www.europesays.com\/lv\/wp-json\/wp\/v2\/categories?post=22515"},{"taxonomy":"post_tag","embeddable":true,"href":"https:\/\/www.europesays.com\/lv\/wp-json\/wp\/v2\/tags?post=22515"}],"curies":[{"name":"wp","href":"https:\/\/api.w.org\/{rel}","templated":true}]}}