{"id":22521,"date":"2025-10-16T12:06:07","date_gmt":"2025-10-16T12:06:07","guid":{"rendered":"https:\/\/www.europesays.com\/lv\/22521\/"},"modified":"2025-10-16T12:06:07","modified_gmt":"2025-10-16T12:06:07","slug":"uefa-gatava-finanset-stadionu-tikai-tad-ja-iesaistisies-valsts-un-pasvaldiba-futbols-sportacentrs-com","status":"publish","type":"post","link":"https:\/\/www.europesays.com\/lv\/22521\/","title":{"rendered":"UEFA gatava finans\u0113t stadionu tikai tad, ja iesaist\u012bsies valsts un pa\u0161vald\u012bba \u2013 Futbols \u2013 Sportacentrs.com"},"content":{"rendered":"<p>&#8220;UEFA ir gatava l\u012bdzfinans\u0113t stadionu tikai pie t\u0101diem nosac\u012bjumiem, ka ar\u012b valsts un pa\u0161vald\u012bba iesaist\u012bsies. Nav j\u0113gas izpirkt, piem\u0113ram, &#8220;Skonto&#8221; stadionu, nav j\u0113gas izpirkt objektu, ja nav n\u0101kam\u0101 so\u013ca,&#8221; sarun\u0101 ar &#8220;Latvijas Radio&#8221; skaidroja Vadims \u013ba\u0161enko.<\/p>\n<p>&#8220;\u0160obr\u012bd tas ir tre\u0161\u0101s kategorijas stadions. Lai dab\u016btu ceturto kategoriju, lai Latvijas izlase tur var\u0113tu aizvad\u012bt sp\u0113les, ir nepiecie\u0161amas lielas invest\u012bcijas. Saprotams, ka tas var notikt tikai ar UEFA iesaisti. Tikai ar LFF finans\u0113jumu nepietiek, lai to izdar\u012btu,&#8221; pauda Latvijas futbola saimes vad\u012bt\u0101js.<\/p>\n<p>&#8220;M\u0113s gaid\u0101m Ministru kabineta apstiprin\u0101jumu zi\u0146ojumam, ko veidoja Ministru prezidentes izveidota stadiona darba grupa. \u0160obr\u012bd ir pozit\u012bvs sign\u0101ls no vis\u0101m pus\u0113m, ka visi ir ieinteres\u0113ti projekta realiz\u0101cij\u0101. To apstiprin\u0101ja UEFA p\u0101rst\u0101vju kl\u0101tb\u016btne, un 21. oktobr\u012b R\u012bg\u0101 b\u016bs FIFA p\u0101rst\u0101vji,&#8221; teica \u013ba\u0161enko.<\/p>\n<p>Latvijas izlase sestdien Andoru un otrdien Angliju uz\u0146\u0113ma &#8220;Daugavas&#8221; stadion\u0101. 2:2 pret pundurvalsti v\u0113roja 5027 skat\u012bt\u0101ji, bet 0:5 pret grandu noskat\u012bj\u0101s 10404 l\u012bdzjut\u0113ji, kas k\u013cuva par Latvijas futbola apmekl\u0113t\u012bbas rekordu kop\u0161 neatkar\u012bbas atg\u016b\u0161anas.<\/p>\n<p>Izmantotie resursi:<br \/><a target=\"_blank\" href=\"https:\/\/www.lsm.lv\/raksts\/sports\/futbols\/16.10.2025-futbola-federacijas-prezidents-par-nacionala-stadiona-buvniecibu-visas-iesaistitas-puses-ir-ieinteresetas-projekta-realizesana.a618676\/\" rel=\"nofollow noopener\">https:\/\/www.lsm.lv\/raksts\/sports\/fu&#8230;<\/a><\/p>\n","protected":false},"excerpt":{"rendered":"&#8220;UEFA ir gatava l\u012bdzfinans\u0113t stadionu tikai pie t\u0101diem nosac\u012bjumiem, ka ar\u012b valsts un pa\u0161vald\u012bba iesaist\u012bsies. Nav j\u0113gas izpirkt,&hellip;\n","protected":false},"author":2,"featured_media":22522,"comment_status":"","ping_status":"","sticky":false,"template":"","format":"standard","meta":{"footnotes":""},"categories":[5],"tags":[23,28,29,32,33,676,22,30,31,35,39,38,36,37,34,40,20,26,27,24,25,21],"class_list":{"0":"post-22521","1":"post","2":"type-post","3":"status-publish","4":"format-standard","5":"has-post-thumbnail","7":"category-aktualitates","8":"tag-aktualitates","9":"tag-breaking-news","10":"tag-breakingnews","11":"tag-featured-news","12":"tag-featurednews","13":"tag-futbols","14":"tag-headlines","15":"tag-latest-news","16":"tag-latestnews","17":"tag-latvia","18":"tag-latvian","19":"tag-latviesu","20":"tag-latviesu-valoda","21":"tag-latviesuvaloda","22":"tag-latvija","23":"tag-lv","24":"tag-news","25":"tag-popularakas-zinas","26":"tag-popularakaszinas","27":"tag-top-stories","28":"tag-topstories","29":"tag-zinas"},"share_on_mastodon":{"url":"","error":""},"_links":{"self":[{"href":"https:\/\/www.europesays.com\/lv\/wp-json\/wp\/v2\/posts\/22521","targetHints":{"allow":["GET"]}}],"collection":[{"href":"https:\/\/www.europesays.com\/lv\/wp-json\/wp\/v2\/posts"}],"about":[{"href":"https:\/\/www.europesays.com\/lv\/wp-json\/wp\/v2\/types\/post"}],"author":[{"embeddable":true,"href":"https:\/\/www.europesays.com\/lv\/wp-json\/wp\/v2\/users\/2"}],"replies":[{"embeddable":true,"href":"https:\/\/www.europesays.com\/lv\/wp-json\/wp\/v2\/comments?post=22521"}],"version-history":[{"count":0,"href":"https:\/\/www.europesays.com\/lv\/wp-json\/wp\/v2\/posts\/22521\/revisions"}],"wp:featuredmedia":[{"embeddable":true,"href":"https:\/\/www.europesays.com\/lv\/wp-json\/wp\/v2\/media\/22522"}],"wp:attachment":[{"href":"https:\/\/www.europesays.com\/lv\/wp-json\/wp\/v2\/media?parent=22521"}],"wp:term":[{"taxonomy":"category","embeddable":true,"href":"https:\/\/www.europesays.com\/lv\/wp-json\/wp\/v2\/categories?post=22521"},{"taxonomy":"post_tag","embeddable":true,"href":"https:\/\/www.europesays.com\/lv\/wp-json\/wp\/v2\/tags?post=22521"}],"curies":[{"name":"wp","href":"https:\/\/api.w.org\/{rel}","templated":true}]}}